{"id":652,"date":"2019-04-30T07:14:00","date_gmt":"2019-04-30T05:14:00","guid":{"rendered":"http:\/\/rsplusneu.schulebza.de\/fos-seminar-sil\/"},"modified":"2020-04-11T14:48:04","modified_gmt":"2020-04-11T12:48:04","slug":"berufsorientierung-einmal-anders-fachoberschule-bad-bergzabern","status":"publish","type":"post","link":"https:\/\/schulebza.de\/rsplus\/berufsorientierung-einmal-anders-fachoberschule-bad-bergzabern\/","title":{"rendered":"Berufsorientierung einmal anders \u2013 Fachoberschule Bad Bergzabern"},"content":{"rendered":"<p style=\"margin-bottom: 0.35cm;\"><span style=\"color: #000000; font-size: medium; font-family: times new roman, times;\"><strong>Berufsorientierung einmal anders \u2013 Fachoberschule Bad Bergzabern<a href=\"\/\/schulebza.de\/rsplus\/wp-content\/uploads\/2020\/02\/images_fos_bilder_fos_1.jpg\" target=\"_blank\" rel=\"noopener noreferrer\"><img loading=\"lazy\" decoding=\"async\" class=\"alignright wp-image-646 size-full\" style=\"margin: 20px; float: right;\" src=\"https:\/\/schulebza.de\/rsplus\/wp-content\/uploads\/2013\/06\/images_fos_bilder_FOS_1.jpg\" alt=\"\" width=\"1024\" height=\"527\" border=\"0\" \/><\/a><\/strong><\/span><\/p>\n<p style=\"margin-bottom: 0.35cm;\"><span style=\"color: #000000; font-size: medium; font-family: times new roman, times;\" data-wp-editing=\"1\">\u201eDas war jetzt mal eine ganz andere Berufsorientierung!\u201c so lautet das Fazit einer freudestrahlenden Sch\u00fclerin der Fachoberschule (FOS). In entspannter Atmosph\u00e4re und au\u00dferhalb der Schule ging es im Gegensatz zur sonstigen Berufs- und Studienorientierung nicht um Berufsbilder, Ausbildungsstellen und Studieng\u00e4nge, sondern um die eigene Pers\u00f6nlichkeit als der wichtigste Schl\u00fcssel f\u00fcr ein erf\u00fclltes Berufsleben. Ganz im Sinne des Projekts \u201eStark ins Leben\u201c.<\/span><\/p>\n<p style=\"margin-bottom: 0.35cm;\"><span style=\"color: #000000; font-size: medium; font-family: times new roman, times;\">So hie\u00df es f\u00fcr die FOS-Sch\u00fcler\/innen der beiden elften Klassen &#8211; Gesundheit und Gestaltung \u2013 im Fr\u00fchjahr 2019: zwei Tage Seminar in Sch\u00f6nau statt Praktikum im Betrieb. Zusammen mit den Lehrkr\u00e4ften Frau Th\u00fcrw\u00e4chter, Frau Dr. Weber und Herr Dr. Vogt erlebten die Sch\u00fcler\/innen einen Workshop des Pers\u00f6nlichkeitstrainers Pascal Keller, der die eindringliche Botschaft \u201eGeh deinen eigenen mutigen Weg!\u201c vermittelte. Zuerst erz\u00e4hlte Pascal Keller auf unterhaltsame Weise aus seinem eigenen Leben, das f\u00fcr ihn so manche \u00dcberraschung parat hatte \u2013 aus dem ungl\u00fccklichen BWL-Studenten wurde ein mutiger Pers\u00f6nlichkeitstrainer. Er hat es geschafft seine Tr\u00e4ume zu verwirklichen und will die Sch\u00fcler\/innen dabei unterst\u00fctzen, sich selbst zu vertrauen, damit sie ihre eigenen individuellen St\u00e4rken f\u00fcr ihre Tr\u00e4ume nutzen k\u00f6nnen. W\u00e4hrend des Workshops wurde viel gelacht und so mancher wuchs \u00fcber sich hinaus und zeigte mutig eine ganz neue Seite von sich. Im Anschluss an den Workshop setzten sich die Sch\u00fcler\/innen mit sich selbst und ihrem Potential auseinander. So kam es auch dazu, dass eine Sch\u00fclerin spontan sagte: \u201e Ich wusste gar nicht, dass ich so viele Dinge habe, die man als St\u00e4rke ansehen kann. Ich bin ja besser als ich dachte.\u201c Am zweiten Seminartag wurde das Thema Stress behandelt. Die Sch\u00fcler\/innen lernten, wie man die Herausforderung Stress erkennen kann und nat\u00fcrlich auch, wie man negativen Stress vermeidet oder Stress gar sinnvoll nutzen kann. So manch einem Teilnehmer wurde pl\u00f6tzlich im Gespr\u00e4ch mit dem Mitsch\u00fclern bewusst, dass f\u00fcnf Minuten fr\u00fcher aufstehen, manchmal doch den Stressfaktor am Morgen reduziert \u2013 auch wenn Schlafen so sch\u00f6n sein kann und man dies doch eigentlich schon immer wusste. Nach dieser und anderen Erkenntnissen g\u00f6nnte sich dann so mancher Teilnehmer ein St\u00fcck Kuchen vom Kuchenbuffet, das die Sch\u00fcler\/innen selbst organisiert hatten, um ein Geburtstagskind zu feiern. Bevor es eine kurze Information \u00fcber die n\u00e4chste Phase des Projekts \u201eStark ins Leben\u201c gab.<a href=\"\/\/schulebza.de\/rsplus\/wp-content\/uploads\/2020\/02\/images_fos_bilder_fos_2.jpg\" target=\"_blank\" rel=\"noopener noreferrer\"><img loading=\"lazy\" decoding=\"async\" class=\"alignleft wp-image-647 size-full\" style=\"margin: 20px; float: left;\" src=\"https:\/\/schulebza.de\/rsplus\/wp-content\/uploads\/2013\/06\/images_fos_bilder_FOS_2.jpg\" alt=\"\" width=\"1200\" height=\"900\" border=\"0\" \/><\/a><\/span><\/p>\n<p style=\"margin-bottom: 0.35cm;\"><span style=\"color: #000000; font-size: medium; font-family: times new roman, times;\">\u201eBerufs- und Studienorientierung wird bei uns in der Fachoberschule (FOS) gro\u00dfgeschrieben\u201c, sagt die FOS-Koordinatorin Dr. Nadja Weber, \u201edaher haben wir uns auch um die Teilnahme am Projekt \u201eStark ins Leben\u201c beworben.\u201c Das Ministerium f\u00fcr Bildung unterst\u00fctzt damit junge Menschen auf ihrem Weg ins Berufsleben. Zuerst erfolgt ein Workshop in der Schule, dann haben alle Sch\u00fcler\/innen die M\u00f6glichkeit, kostenlos an einem eint\u00e4gigen Workshop zu Themen wie Bewerbung und Vorstellungsgespr\u00e4ch, aber auch Lerntechniken, Stressbew\u00e4ltigung und Zeitmanagement in ganz Rheinland-Pfalz teilzunehmen. Das Projekt hat die Zielsetzung, die Selbstst\u00e4ndigkeit zu f\u00f6rdern und lebensnahe und praktische Kompetenzen zu vermitteln, die im Alltag von Berufs- und Studienanf\u00e4ngern hilfreich sind. Neben dem richtigen Umgang mit Stress f\u00f6rdert das Projekt die Auseinandersetzung mit der eigenen Pers\u00f6nlichkeit, um die Sch\u00fcler\/innen bei der Nutzung ihrer ganz eigenen St\u00e4rken zu unterst\u00fctzen. Wer wei\u00df schon spontan, dass Wissbegierde, mutiges Handeln der der Blick f\u00fcr Details zu den St\u00e4rken z\u00e4hlen.<\/span><\/p>\n<p style=\"margin-bottom: 0.35cm;\"><span style=\"color: #000000; font-size: medium; font-family: times new roman, times;\">Wer seine St\u00e4rke im sozialen oder kreativen Bereich sieht, kann auf der Fachoberschule in zwei Jahren zur allgemeinen Fachhochschulreife, kurz dem Fachabi, gelangen. Die Sch\u00fcler\/innen w\u00e4hlen gem\u00e4\u00df ihrer Interessenlage eine Fachrichtung &#8211; Gesundheit oder Gestaltung \u2013 und absolvieren in Klasse 11 an jeweils drei Tagen des gesamten Schuljahres ein Praktikum in einem Betrieb ihrer Fachrichtung.<\/span><\/p>\n<p style=\"margin-bottom: 0.35cm;\"><span style=\"color: #000000; font-size: medium; font-family: times new roman, times;\">F\u00fcr das kommende Schuljahr sind in beiden Fachrichtungen noch Pl\u00e4tze frei. Bei Interesse wenden Sie sich bitte an Frau Dr. Weber, Tel. 06343\/989023 oder per Mail an fos@schulebza.de.<a href=\"\/\/schulebza.de\/rsplus\/wp-content\/uploads\/2020\/02\/images_fos_bilder_fos_3.jpg\" target=\"_blank\" rel=\"noopener noreferrer\"><img loading=\"lazy\" decoding=\"async\" class=\"alignnone wp-image-648 \" style=\"margin: 20px;\" src=\"https:\/\/schulebza.de\/rsplus\/wp-content\/uploads\/2013\/06\/images_fos_bilder_FOS_3.jpg\" alt=\"\" width=\"483\" height=\"412\" border=\"0\" \/><\/a><a href=\"\/\/schulebza.de\/rsplus\/wp-content\/uploads\/2020\/02\/images_fos_bilder_fos_4.jpg\" target=\"_blank\" rel=\"noopener noreferrer\"><img loading=\"lazy\" decoding=\"async\" class=\"alignnone wp-image-649 \" style=\"margin: 20px;\" src=\"https:\/\/schulebza.de\/rsplus\/wp-content\/uploads\/2013\/06\/images_fos_bilder_FOS_4.jpg\" alt=\"\" width=\"484\" height=\"330\" border=\"0\" \/><\/a><a href=\"\/\/schulebza.de\/rsplus\/wp-content\/uploads\/2020\/02\/images_fos_bilder_fos_5.jpg\" target=\"_blank\" rel=\"noopener noreferrer\">\u00a0<\/a><a href=\"\/\/schulebza.de\/rsplus\/wp-content\/uploads\/2020\/02\/images_fos_bilder_fos_5.jpg\" target=\"_blank\" rel=\"noopener noreferrer\"><img loading=\"lazy\" decoding=\"async\" class=\"alignnone wp-image-650 \" style=\"margin: 20px;\" src=\"https:\/\/schulebza.de\/rsplus\/wp-content\/uploads\/2013\/06\/images_fos_bilder_FOS_5.jpg\" alt=\"\" width=\"244\" height=\"314\" border=\"0\" \/><\/a><\/span><\/p>\n<p style=\"margin-bottom: 0.35cm;\"><span style=\"color: #000000; font-size: medium; font-family: times new roman, times;\"> <a href=\"\/\/schulebza.de\/rsplus\/wp-content\/uploads\/2020\/02\/images_fos_bilder_fos_6.jpg\" target=\"_blank\" rel=\"noopener noreferrer\"><img loading=\"lazy\" decoding=\"async\" class=\"wp-image-651  aligncenter\" style=\"margin: 20px;\" src=\"https:\/\/schulebza.de\/rsplus\/wp-content\/uploads\/2013\/06\/images_fos_bilder_FOS_6.jpg\" alt=\"\" width=\"502\" height=\"427\" border=\"0\" \/><\/a><\/span><\/p>\n","protected":false},"excerpt":{"rendered":"<p>Berufsorientierung einmal anders \u2013 Fachoberschule Bad Bergzabern \u201eDas war jetzt mal eine ganz andere Berufsorientierung!\u201c so lautet das Fazit einer freudestrahlenden Sch\u00fclerin der Fachoberschule (FOS). In entspannter Atmosph\u00e4re und au\u00dferhalb [&hellip;]<\/p>\n","protected":false},"author":1,"featured_media":646,"comment_status":"open","ping_status":"open","sticky":false,"template":"","format":"standard","meta":{"_et_pb_use_builder":"","_et_pb_old_content":"","_et_gb_content_width":"","footnotes":""},"categories":[38],"tags":[],"class_list":["post-652","post","type-post","status-publish","format-standard","has-post-thumbnail","hentry","category-aktivitaeten-fos"],"_links":{"self":[{"href":"https:\/\/schulebza.de\/rsplus\/wp-json\/wp\/v2\/posts\/652","targetHints":{"allow":["GET"]}}],"collection":[{"href":"https:\/\/schulebza.de\/rsplus\/wp-json\/wp\/v2\/posts"}],"about":[{"href":"https:\/\/schulebza.de\/rsplus\/wp-json\/wp\/v2\/types\/post"}],"author":[{"embeddable":true,"href":"https:\/\/schulebza.de\/rsplus\/wp-json\/wp\/v2\/users\/1"}],"replies":[{"embeddable":true,"href":"https:\/\/schulebza.de\/rsplus\/wp-json\/wp\/v2\/comments?post=652"}],"version-history":[{"count":8,"href":"https:\/\/schulebza.de\/rsplus\/wp-json\/wp\/v2\/posts\/652\/revisions"}],"predecessor-version":[{"id":3129,"href":"https:\/\/schulebza.de\/rsplus\/wp-json\/wp\/v2\/posts\/652\/revisions\/3129"}],"wp:featuredmedia":[{"embeddable":true,"href":"https:\/\/schulebza.de\/rsplus\/wp-json\/wp\/v2\/media\/646"}],"wp:attachment":[{"href":"https:\/\/schulebza.de\/rsplus\/wp-json\/wp\/v2\/media?parent=652"}],"wp:term":[{"taxonomy":"category","embeddable":true,"href":"https:\/\/schulebza.de\/rsplus\/wp-json\/wp\/v2\/categories?post=652"},{"taxonomy":"post_tag","embeddable":true,"href":"https:\/\/schulebza.de\/rsplus\/wp-json\/wp\/v2\/tags?post=652"}],"curies":[{"name":"wp","href":"https:\/\/api.w.org\/{rel}","templated":true}]}}