{"id":3746,"date":"2020-07-02T13:59:18","date_gmt":"2020-07-02T11:59:18","guid":{"rendered":"https:\/\/schulebza.de\/rsplus\/?p=3746"},"modified":"2020-07-07T16:25:36","modified_gmt":"2020-07-07T14:25:36","slug":"praeventionstag-mit-der-barmer-am-04-03-2020","status":"publish","type":"post","link":"https:\/\/schulebza.de\/rsplus\/praeventionstag-mit-der-barmer-am-04-03-2020\/","title":{"rendered":"Pr\u00e4ventionstag mit der BARMER am 04.03.2020"},"content":{"rendered":"\n[et_pb_section][et_pb_row][et_pb_column type=&#8220;4_4&#8243;][et_pb_text]<!-- divi:paragraph -->\n<p>Fachoberschule Gesundheit Bad Bergzabern<\/p>\n<!-- \/divi:paragraph -->\n\n<!-- divi:paragraph -->\n<p><\/p>\n<!-- \/divi:paragraph -->\n\n<!-- divi:paragraph -->\n<p>Einen sprichw\u00f6rtlich bewegten Schultag erlebten die Sch\u00fclerinnen und Sch\u00fcler der 12. Klassenstufe der Fachrichtung Gesundheit an der Fachoberschule (FOS) Bad Bergzabern am 04.03.2020. Sportlich gekleidet, motiviert und offen lie\u00dfen sie sich an diesem Tag auf Workhops und Challenges rund ums Thema Bewegung und Gesundheit ein und erlebten hautnah betriebliches Gesundheitsmanagement. Wissenschaftlich ist belegt, dass regelm\u00e4\u00dfige Bewegung nicht nur den K\u00f6rper, sondern auch den Kopf fit h\u00e4lt. Doch wie kann durch kleine und einfache \u2013 auch in den Schul- und Arbeitsalltag integrierbare \u00dcbungen \u2013 die geistige Fitness trainiert werden? Das erfuhren die FOS-Sch\u00fcler\/innen im Workshop \u201eBrain Fit\u201c bei herausfordernden und zugleich sehr spa\u00dfigen Koordinations- und Bewegungs\u00fcbungen. Dabei wurde viel gelacht, was bekanntlich auch sehr gesund ist und zugleich die Bauchmuskulatur trainiert. Weiter ging es dann mit dem Workshop \u201eFitnessrolle und Fitnessband\u201c. Die Faszienrolle ist eine einfache M\u00f6glichkeit, um Verspannungen und Faszienverklebungen zu l\u00f6sen und so u.a. Stressauswirkungen zu reduzieren. Unter der Anleitung von Herrn Schmitt durften alle Teilnehmer\/innen dies selbst ausprobieren. Und dank einer geschenkten Faszienrolle k\u00f6nnen sie die gewonnenen Erkenntnisse zuk\u00fcnftig in Beruf, Freizeit und Sport umsetzen. Ebenso lassen sich mit dem Fitnessband jederzeit und \u00fcberall Haltung, Beweglichkeit, Kraft und Fitness trainieren. Ganz gleich, ob es nach der zwischenzeitlich erlangten Fachhochschulreife mit einer Ausbildung oder einem Studium weitergeht, das Erlernte l\u00e4sst sich im Sinne der Gesundheitsf\u00f6rderung und Pr\u00e4vention sicherlich gut und sinnvoll in den zuk\u00fcnftigen Alltag integrieren.<\/p>\n<!-- \/divi:paragraph -->\n\n<!-- divi:paragraph -->\n<p>Koordination und Balancef\u00e4higkeit wurden in einer Challenge auf dem Wackelboard gemessen. Dabei hielten sich Ehrgeiz wie auch Spa\u00df stets in einer guten Balance. Eine gute Balance von Theorie und Praxis zeichnet auch die Schulart FOS aus und dieser Tag war ein Paradebeispiel hierf\u00fcr: Unterrichtliche Themen wie Pr\u00e4vention und (betriebliche) Gesundheitsf\u00f6rderung, R\u00fcckenschule, Faszientraining, Mobilit\u00e4t etc. wurden anschaulich verdeutlicht.<\/p>\n<!-- \/divi:paragraph -->\n\n<!-- divi:paragraph -->\n<p>Und dann gab es am Ende noch eine gro\u00dfe \u00dcberraschung f\u00fcr die Sch\u00fcler\/innen: Die BARMER \u00fcbergab der FOS Gesundheit 20 Gymnastikb\u00e4lle. Schon l\u00e4nger hatte die Koordinatorin und Fachlehrerin f\u00fcr Gesundheit Frau Dr. med. Nadja Weber die Idee, das statische Sitzen auf St\u00fchlen (zumindest zeitweise) durch ein dynamisches Sitzen auf B\u00e4llen zu ersetzen, um so der \u201eVolkskrankheit\u201c R\u00fcckenschmerz entgegenzuwirken. Aufgrund der Corona-Schulschlie\u00dfung konnten die Sch\u00fcler\/innen der 12. Klasse die B\u00e4lle nur knapp zwei Wochen nutzen, dennoch fiel ihr Urteil sehr positiv aus. Wir freuen uns f\u00fcr alle zuk\u00fcnftigen Sch\u00fcler\/innen der FOS Gesundheit \u00fcber diese Spende.<\/p>\n<!-- \/divi:paragraph -->\n\n<!-- divi:paragraph -->\n<p>Ein gro\u00dfer Dank geht an Frau Z\u00f6ckel und Herrn Schmitt von der BARMER, die den Pr\u00e4ventionstag sowie die Ballspende erm\u00f6glicht haben.<\/p>\n<!-- \/divi:paragraph -->\n\n<!-- divi:gallery {\"ids\":[3755,3756,3757,3758,3759,3760]} -->\n<figure class=\"wp-block-gallery columns-3 is-cropped\"><ul class=\"blocks-gallery-grid\"><li class=\"blocks-gallery-item\"><figure><img loading=\"lazy\" decoding=\"async\" width=\"683\" height=\"1024\" src=\"https:\/\/schulebza.de\/rsplus\/wp-content\/uploads\/2020\/07\/DSC00182-683x1024.jpg\" alt=\"\" data-id=\"3755\" data-full-url=\"https:\/\/schulebza.de\/rsplus\/wp-content\/uploads\/2020\/07\/DSC00182.jpg\" data-link=\"https:\/\/schulebza.de\/rsplus\/praeventionstag-mit-der-barmer-am-04-03-2020\/dsc00182\/\" class=\"wp-image-3755\"\/><\/figure><\/li><li class=\"blocks-gallery-item\"><figure><img loading=\"lazy\" decoding=\"async\" width=\"1024\" height=\"582\" src=\"https:\/\/schulebza.de\/rsplus\/wp-content\/uploads\/2020\/07\/DSC00313-1024x582.jpg\" alt=\"\" data-id=\"3756\" data-full-url=\"https:\/\/schulebza.de\/rsplus\/wp-content\/uploads\/2020\/07\/DSC00313.jpg\" data-link=\"https:\/\/schulebza.de\/rsplus\/praeventionstag-mit-der-barmer-am-04-03-2020\/dsc00313\/\" class=\"wp-image-3756\"\/><\/figure><\/li><li class=\"blocks-gallery-item\"><figure><img loading=\"lazy\" decoding=\"async\" width=\"755\" height=\"1024\" src=\"https:\/\/schulebza.de\/rsplus\/wp-content\/uploads\/2020\/07\/DSC00307-755x1024.jpg\" alt=\"\" data-id=\"3757\" data-full-url=\"https:\/\/schulebza.de\/rsplus\/wp-content\/uploads\/2020\/07\/DSC00307.jpg\" data-link=\"https:\/\/schulebza.de\/rsplus\/praeventionstag-mit-der-barmer-am-04-03-2020\/dsc00307\/\" class=\"wp-image-3757\"\/><\/figure><\/li><li class=\"blocks-gallery-item\"><figure><img loading=\"lazy\" decoding=\"async\" width=\"1024\" height=\"665\" src=\"https:\/\/schulebza.de\/rsplus\/wp-content\/uploads\/2020\/07\/DSC00282-1024x665.jpg\" alt=\"\" data-id=\"3758\" data-full-url=\"https:\/\/schulebza.de\/rsplus\/wp-content\/uploads\/2020\/07\/DSC00282.jpg\" data-link=\"https:\/\/schulebza.de\/rsplus\/praeventionstag-mit-der-barmer-am-04-03-2020\/dsc00282\/\" class=\"wp-image-3758\"\/><\/figure><\/li><li class=\"blocks-gallery-item\"><figure><img loading=\"lazy\" decoding=\"async\" width=\"529\" height=\"1024\" src=\"https:\/\/schulebza.de\/rsplus\/wp-content\/uploads\/2020\/07\/DSC00224-529x1024.jpg\" alt=\"\" data-id=\"3759\" data-full-url=\"https:\/\/schulebza.de\/rsplus\/wp-content\/uploads\/2020\/07\/DSC00224.jpg\" data-link=\"https:\/\/schulebza.de\/rsplus\/praeventionstag-mit-der-barmer-am-04-03-2020\/dsc00224\/\" class=\"wp-image-3759\"\/><\/figure><\/li><li class=\"blocks-gallery-item\"><figure><img loading=\"lazy\" decoding=\"async\" width=\"1024\" height=\"611\" src=\"https:\/\/schulebza.de\/rsplus\/wp-content\/uploads\/2020\/07\/DSC00134-1024x611.jpg\" alt=\"\" data-id=\"3760\" data-full-url=\"https:\/\/schulebza.de\/rsplus\/wp-content\/uploads\/2020\/07\/DSC00134.jpg\" data-link=\"https:\/\/schulebza.de\/rsplus\/praeventionstag-mit-der-barmer-am-04-03-2020\/dsc00134\/\" class=\"wp-image-3760\"\/><\/figure><\/li><\/ul><\/figure>\n<!-- \/divi:gallery -->[\/et_pb_text][\/et_pb_column][\/et_pb_row][\/et_pb_section]\n","protected":false},"excerpt":{"rendered":"<p><div class=\"et_pb_section et_pb_section_0 et_section_regular\" >\n\t\t\t\t\n\t\t\t\t\n\t\t\t\t\n\t\t\t\t\n\t\t\t\t\n\t\t\t\t\n\t\t\t\t\n\t\t\t\t\n\t\t\t\t\n\t\t\t<\/div><div class=\"et_pb_row et_pb_row_0 et_pb_row_empty\">\n\t\t\t\t\n\t\t\t\t\n\t\t\t\t\n\t\t\t\t\n\t\t\t\t\n\t\t\t<\/div><div class=\"et_pb_module et_pb_text et_pb_text_0  et_pb_text_align_left et_pb_bg_layout_light\">\n\t\t\t\t\n\t\t\t\t\n\t\t\t\t\n\t\t\t\t\n\t\t\t\t\n\t\t\t<\/div> Fachoberschule Gesundheit Bad Bergzabern Einen sprichw\u00f6rtlich bewegten Schultag erlebten die Sch\u00fclerinnen und Sch\u00fcler der 12. Klassenstufe der Fachrichtung Gesundheit an der Fachoberschule (FOS) Bad Bergzabern am 04.03.2020. Sportlich gekleidet, [&hellip;]<\/p>\n","protected":false},"author":10,"featured_media":0,"comment_status":"open","ping_status":"open","sticky":false,"template":"","format":"standard","meta":{"_et_pb_use_builder":"on","_et_pb_old_content":"<!-- wp:paragraph -->\n<p>Fachoberschule Gesundheit Bad Bergzabern<\/p>\n<!-- \/wp:paragraph -->\n\n<!-- wp:paragraph -->\n<p><\/p>\n<!-- \/wp:paragraph -->\n\n<!-- wp:paragraph -->\n<p>Einen sprichw\u00f6rtlich bewegten Schultag erlebten die Sch\u00fclerinnen und Sch\u00fcler der 12. Klassenstufe der Fachrichtung Gesundheit an der Fachoberschule (FOS) Bad Bergzabern am 04.03.2020. Sportlich gekleidet, motiviert und offen lie\u00dfen sie sich an diesem Tag auf Workhops und Challenges rund ums Thema Bewegung und Gesundheit ein und erlebten hautnah betriebliches Gesundheitsmanagement. Wissenschaftlich ist belegt, dass regelm\u00e4\u00dfige Bewegung nicht nur den K\u00f6rper, sondern auch den Kopf fit h\u00e4lt. Doch wie kann durch kleine und einfache \u2013 auch in den Schul- und Arbeitsalltag integrierbare \u00dcbungen \u2013 die geistige Fitness trainiert werden? Das erfuhren die FOS-Sch\u00fcler\/innen im Workshop \u201eBrain Fit\u201c bei herausfordernden und zugleich sehr spa\u00dfigen Koordinations- und Bewegungs\u00fcbungen. Dabei wurde viel gelacht, was bekanntlich auch sehr gesund ist und zugleich die Bauchmuskulatur trainiert. Weiter ging es dann mit dem Workshop \u201eFitnessrolle und Fitnessband\u201c. Die Faszienrolle ist eine einfache M\u00f6glichkeit, um Verspannungen und Faszienverklebungen zu l\u00f6sen und so u.a. Stressauswirkungen zu reduzieren. Unter der Anleitung von Herrn Schmitt durften alle Teilnehmer\/innen dies selbst ausprobieren. Und dank einer geschenkten Faszienrolle k\u00f6nnen sie die gewonnenen Erkenntnisse zuk\u00fcnftig in Beruf, Freizeit und Sport umsetzen. Ebenso lassen sich mit dem Fitnessband jederzeit und \u00fcberall Haltung, Beweglichkeit, Kraft und Fitness trainieren. Ganz gleich, ob es nach der zwischenzeitlich erlangten Fachhochschulreife mit einer Ausbildung oder einem Studium weitergeht, das Erlernte l\u00e4sst sich im Sinne der Gesundheitsf\u00f6rderung und Pr\u00e4vention sicherlich gut und sinnvoll in den zuk\u00fcnftigen Alltag integrieren.<\/p>\n<!-- \/wp:paragraph -->\n\n<!-- wp:paragraph -->\n<p>Koordination und Balancef\u00e4higkeit wurden in einer Challenge auf dem Wackelboard gemessen. Dabei hielten sich Ehrgeiz wie auch Spa\u00df stets in einer guten Balance. Eine gute Balance von Theorie und Praxis zeichnet auch die Schulart FOS aus und dieser Tag war ein Paradebeispiel hierf\u00fcr: Unterrichtliche Themen wie Pr\u00e4vention und (betriebliche) Gesundheitsf\u00f6rderung, R\u00fcckenschule, Faszientraining, Mobilit\u00e4t etc. wurden anschaulich verdeutlicht.<\/p>\n<!-- \/wp:paragraph -->\n\n<!-- wp:paragraph -->\n<p>Und dann gab es am Ende noch eine gro\u00dfe \u00dcberraschung f\u00fcr die Sch\u00fcler\/innen: Die BARMER \u00fcbergab der FOS Gesundheit 20 Gymnastikb\u00e4lle. Schon l\u00e4nger hatte die Koordinatorin und Fachlehrerin f\u00fcr Gesundheit Frau Dr. med. Nadja Weber die Idee, das statische Sitzen auf St\u00fchlen (zumindest zeitweise) durch ein dynamisches Sitzen auf B\u00e4llen zu ersetzen, um so der \u201eVolkskrankheit\u201c R\u00fcckenschmerz entgegenzuwirken. Aufgrund der Corona-Schulschlie\u00dfung konnten die Sch\u00fcler\/innen der 12. Klasse die B\u00e4lle nur knapp zwei Wochen nutzen, dennoch fiel ihr Urteil sehr positiv aus. Wir freuen uns f\u00fcr alle zuk\u00fcnftigen Sch\u00fcler\/innen der FOS Gesundheit \u00fcber diese Spende.<\/p>\n<!-- \/wp:paragraph -->\n\n<!-- wp:paragraph -->\n<p>Ein gro\u00dfer Dank geht an Frau Z\u00f6ckel und Herrn Schmitt von der BARMER, die den Pr\u00e4ventionstag sowie die Ballspende erm\u00f6glicht haben.<\/p>\n<!-- \/wp:paragraph -->\n\n<!-- wp:gallery {\"ids\":[3755,3756,3757,3758,3759,3760]} -->\n<figure class=\"wp-block-gallery columns-3 is-cropped\"><ul class=\"blocks-gallery-grid\"><li class=\"blocks-gallery-item\"><figure><img src=\"https:\/\/schulebza.de\/rsplus\/wp-content\/uploads\/2020\/07\/DSC00182-683x1024.jpg\" alt=\"\" data-id=\"3755\" data-full-url=\"https:\/\/schulebza.de\/rsplus\/wp-content\/uploads\/2020\/07\/DSC00182.jpg\" data-link=\"https:\/\/schulebza.de\/rsplus\/praeventionstag-mit-der-barmer-am-04-03-2020\/dsc00182\/\" class=\"wp-image-3755\"\/><\/figure><\/li><li class=\"blocks-gallery-item\"><figure><img src=\"https:\/\/schulebza.de\/rsplus\/wp-content\/uploads\/2020\/07\/DSC00313-1024x582.jpg\" alt=\"\" data-id=\"3756\" data-full-url=\"https:\/\/schulebza.de\/rsplus\/wp-content\/uploads\/2020\/07\/DSC00313.jpg\" data-link=\"https:\/\/schulebza.de\/rsplus\/praeventionstag-mit-der-barmer-am-04-03-2020\/dsc00313\/\" class=\"wp-image-3756\"\/><\/figure><\/li><li class=\"blocks-gallery-item\"><figure><img src=\"https:\/\/schulebza.de\/rsplus\/wp-content\/uploads\/2020\/07\/DSC00307-755x1024.jpg\" alt=\"\" data-id=\"3757\" data-full-url=\"https:\/\/schulebza.de\/rsplus\/wp-content\/uploads\/2020\/07\/DSC00307.jpg\" data-link=\"https:\/\/schulebza.de\/rsplus\/praeventionstag-mit-der-barmer-am-04-03-2020\/dsc00307\/\" class=\"wp-image-3757\"\/><\/figure><\/li><li class=\"blocks-gallery-item\"><figure><img src=\"https:\/\/schulebza.de\/rsplus\/wp-content\/uploads\/2020\/07\/DSC00282-1024x665.jpg\" alt=\"\" data-id=\"3758\" data-full-url=\"https:\/\/schulebza.de\/rsplus\/wp-content\/uploads\/2020\/07\/DSC00282.jpg\" data-link=\"https:\/\/schulebza.de\/rsplus\/praeventionstag-mit-der-barmer-am-04-03-2020\/dsc00282\/\" class=\"wp-image-3758\"\/><\/figure><\/li><li class=\"blocks-gallery-item\"><figure><img src=\"https:\/\/schulebza.de\/rsplus\/wp-content\/uploads\/2020\/07\/DSC00224-529x1024.jpg\" alt=\"\" data-id=\"3759\" data-full-url=\"https:\/\/schulebza.de\/rsplus\/wp-content\/uploads\/2020\/07\/DSC00224.jpg\" data-link=\"https:\/\/schulebza.de\/rsplus\/praeventionstag-mit-der-barmer-am-04-03-2020\/dsc00224\/\" class=\"wp-image-3759\"\/><\/figure><\/li><li class=\"blocks-gallery-item\"><figure><img src=\"https:\/\/schulebza.de\/rsplus\/wp-content\/uploads\/2020\/07\/DSC00134-1024x611.jpg\" alt=\"\" data-id=\"3760\" data-full-url=\"https:\/\/schulebza.de\/rsplus\/wp-content\/uploads\/2020\/07\/DSC00134.jpg\" data-link=\"https:\/\/schulebza.de\/rsplus\/praeventionstag-mit-der-barmer-am-04-03-2020\/dsc00134\/\" class=\"wp-image-3760\"\/><\/figure><\/li><\/ul><\/figure>\n<!-- \/wp:gallery -->","_et_gb_content_width":"","footnotes":""},"categories":[38],"tags":[],"class_list":["post-3746","post","type-post","status-publish","format-standard","hentry","category-aktivitaeten-fos"],"_links":{"self":[{"href":"https:\/\/schulebza.de\/rsplus\/wp-json\/wp\/v2\/posts\/3746","targetHints":{"allow":["GET"]}}],"collection":[{"href":"https:\/\/schulebza.de\/rsplus\/wp-json\/wp\/v2\/posts"}],"about":[{"href":"https:\/\/schulebza.de\/rsplus\/wp-json\/wp\/v2\/types\/post"}],"author":[{"embeddable":true,"href":"https:\/\/schulebza.de\/rsplus\/wp-json\/wp\/v2\/users\/10"}],"replies":[{"embeddable":true,"href":"https:\/\/schulebza.de\/rsplus\/wp-json\/wp\/v2\/comments?post=3746"}],"version-history":[{"count":4,"href":"https:\/\/schulebza.de\/rsplus\/wp-json\/wp\/v2\/posts\/3746\/revisions"}],"predecessor-version":[{"id":3773,"href":"https:\/\/schulebza.de\/rsplus\/wp-json\/wp\/v2\/posts\/3746\/revisions\/3773"}],"wp:attachment":[{"href":"https:\/\/schulebza.de\/rsplus\/wp-json\/wp\/v2\/media?parent=3746"}],"wp:term":[{"taxonomy":"category","embeddable":true,"href":"https:\/\/schulebza.de\/rsplus\/wp-json\/wp\/v2\/categories?post=3746"},{"taxonomy":"post_tag","embeddable":true,"href":"https:\/\/schulebza.de\/rsplus\/wp-json\/wp\/v2\/tags?post=3746"}],"curies":[{"name":"wp","href":"https:\/\/api.w.org\/{rel}","templated":true}]}}