{"id":275,"date":"2019-11-11T19:16:03","date_gmt":"2019-11-11T18:16:03","guid":{"rendered":"http:\/\/rsplusneu.schulebza.de\/brot-fuer-die-welt\/"},"modified":"2020-02-19T11:32:25","modified_gmt":"2020-02-19T10:32:25","slug":"aktionswoche-brot-fuer-die-welt-schueler-kochen-mit-profi-koch","status":"publish","type":"post","link":"https:\/\/schulebza.de\/rsplus\/aktionswoche-brot-fuer-die-welt-schueler-kochen-mit-profi-koch\/","title":{"rendered":"Aktionswoche Brot f\u00fcr die Welt: Sch\u00fcler kochen mit Profi-Koch"},"content":{"rendered":"<div class=\"headline\"><strong>Sch\u00fcler kochen mit Profi-Koch <\/strong><\/p>\n<h1>&#8222;Verwenden statt verschwenden&#8220; von Lebensmitteln &#8211; Ziel in der Aktionswoche Brot f\u00fcr die Welt.<\/h1>\n<\/div>\n<div class=\"copytext\">\n<p class=\"bodytext\">Profikoch, &#8222;FoodFighter&#8220; und Buchautor Michael Schieferstein kochte am Mittwoch, den 27.11. vormittags in Bad Berzabern mit Sch\u00fclern der 7. Klasse von Frau Barbara Schweitzer in der Schulk\u00fcche der Realschule Plus eine Mahlzeit aus weggeworfenen Lebensmitteln (Superm\u00e4rkte u. Landwirtschaft). Zuvor wurden die Lebensmittel gemeinsam in M\u00e4rkten und bei einem Biolandwirt abgeholt, sortiert und f\u00fcr\u00b4s Kochen vorgerichtet. Die Sch\u00fcler lernen die Dimensionen der Lebensmittelver-schwendung kennen und erleben wie mit etwas Fantasie eine leckere Mahlzeit aus Lebensmitteln zubereitet werden kann, die sonst in die Abfalltonne wandern w\u00fcrden. Sch\u00fcler aus andern Klassen konnten ebenfalls testen, wie lecker das Zubereitete schmeckte und wurden\u00a0 von der Aktionsklasse \u00fcber &#8222;verwenden statt verschwenden&#8220; informiert. Eine Ausstellung zum \u00f6kologischen Fu\u00dfabdruck und zum Thema Landraub zeigte weltweite Zusammenh\u00e4nge auf.<\/p>\n<p>Mit Podiumsdiskussion, Filmabend, Gottesdienst zur pfalzweiten Er\u00f6ffnung, Familiengottesdienst und Benefizkonzert f\u00fcr Brot f\u00fcr die Welt von Chris Jarrett wurde die Woche fortgesetzt (s.u.)<br \/>\n{imageshow sl=3 sc=3 w=600 h=300\/}<\/p>\n<\/div>\n<div class=\"bilder-slide\">\n<div id=\"fotobericht_slider\" class=\"contentslide\">\n<div id=\"oplayer\" class=\"opacitylayer\" style=\"opacity: 1.1;\">\n<div class=\"contentdiv\" style=\"display: block;\">\n<div class=\"extimage\">\n<div class=\"inimage\"><\/div>\n<\/div>\n<\/div>\n<\/div>\n<\/div>\n<\/div>\n<p>Podiumsdiskussion<br \/>\nAbends befasste sich das S\u00fcdpfalzforum mit dem Thema: &#8222;Keiner is(s)t f\u00fcr sich allein &#8211; unser Umgang mit Lebensmitteln&#8220;. Es diskutierten unter der Moderation von Dr. Stefan Mei\u00dfner und Dekan Dietmar Zoller Profikoch, &#8222;FoodFighter&#8220; und Buchautor Michael Schieferstein, Annegret Kuntz, Botschafterin f\u00fcr Foodsharing Kaiserslautern, Barbara Schweitzer, Lehrerin, Bad Bergzabern, Mathilde David, Tafel, Bad Bergzabern und Dieter Weber, Pfarrer und landeskirchlicher Beauftragter f\u00fcr Brot f\u00fcr die Welt. Musik Dominick Schramm, Gitarre.<\/p>\n","protected":false},"excerpt":{"rendered":"<p>Sch\u00fcler kochen mit Profi-Koch &#8222;Verwenden statt verschwenden&#8220; von Lebensmitteln &#8211; Ziel in der Aktionswoche Brot f\u00fcr die Welt. Profikoch, &#8222;FoodFighter&#8220; und Buchautor Michael Schieferstein kochte am Mittwoch, den 27.11. vormittags [&hellip;]<\/p>\n","protected":false},"author":1,"featured_media":0,"comment_status":"open","ping_status":"open","sticky":false,"template":"","format":"standard","meta":{"_et_pb_use_builder":"","_et_pb_old_content":"","_et_gb_content_width":"","footnotes":""},"categories":[1],"tags":[],"class_list":["post-275","post","type-post","status-publish","format-standard","hentry","category-allgemein-rs"],"_links":{"self":[{"href":"https:\/\/schulebza.de\/rsplus\/wp-json\/wp\/v2\/posts\/275","targetHints":{"allow":["GET"]}}],"collection":[{"href":"https:\/\/schulebza.de\/rsplus\/wp-json\/wp\/v2\/posts"}],"about":[{"href":"https:\/\/schulebza.de\/rsplus\/wp-json\/wp\/v2\/types\/post"}],"author":[{"embeddable":true,"href":"https:\/\/schulebza.de\/rsplus\/wp-json\/wp\/v2\/users\/1"}],"replies":[{"embeddable":true,"href":"https:\/\/schulebza.de\/rsplus\/wp-json\/wp\/v2\/comments?post=275"}],"version-history":[{"count":1,"href":"https:\/\/schulebza.de\/rsplus\/wp-json\/wp\/v2\/posts\/275\/revisions"}],"predecessor-version":[{"id":1274,"href":"https:\/\/schulebza.de\/rsplus\/wp-json\/wp\/v2\/posts\/275\/revisions\/1274"}],"wp:attachment":[{"href":"https:\/\/schulebza.de\/rsplus\/wp-json\/wp\/v2\/media?parent=275"}],"wp:term":[{"taxonomy":"category","embeddable":true,"href":"https:\/\/schulebza.de\/rsplus\/wp-json\/wp\/v2\/categories?post=275"},{"taxonomy":"post_tag","embeddable":true,"href":"https:\/\/schulebza.de\/rsplus\/wp-json\/wp\/v2\/tags?post=275"}],"curies":[{"name":"wp","href":"https:\/\/api.w.org\/{rel}","templated":true}]}}