{"id":8731,"date":"2020-10-09T15:13:07","date_gmt":"2020-10-09T13:13:07","guid":{"rendered":"https:\/\/schulebza.de\/gymnasium\/?p=8731"},"modified":"2020-10-09T15:15:42","modified_gmt":"2020-10-09T13:15:42","slug":"herbstferien-2020-uebergabe-der-abiturpreise","status":"publish","type":"post","link":"https:\/\/schulebza.de\/gymnasium\/2020\/10\/09\/herbstferien-2020-uebergabe-der-abiturpreise\/","title":{"rendered":"Herbstferien 2020 &#8211; \u00dcbergabe der Abiturpreise"},"content":{"rendered":"<p>Liebe Homepage-Community,<\/p>\n<p>ich gr\u00fc\u00dfe auf das Herzlichste, w\u00fcnsche frohe und gesunde Herbstferien und freue mich, wenn wir uns alle gesund wiedersehen.<\/p>\n<p>Anbei noch zwei Bildimpressionen unseres nachgeschobenen Abipreise-\u00dcberreichens im Sp\u00e4tsommer, als der letztj\u00e4hrige Abijahrgang noch einmal zusammenkam, um die Erinnerungsplakette des Jahrgangs anzubringen bzw. wo wir dann gemeinsam das Abi-Logo-Bild an unserer Turnhalle w\u00fcrdigten.<\/p>\n<table style=\"border-collapse: collapse; width: 100%;\">\n<tbody>\n<tr>\n<td style=\"width: 50%;\"><a href=\"https:\/\/schulebza.de\/gymnasium\/wp-content\/uploads\/2020\/10\/abi-2020b-2-scaled.jpg\" target=\"_blank\" rel=\"noopener noreferrer\"><img decoding=\"async\" class=\"aligncenter wp-image-8732 size-full\" src=\"https:\/\/schulebza.de\/gymnasium\/wp-content\/uploads\/2020\/10\/abi-2020b-2JPG.jpg\" alt=\"\" width=\"500\" height=\"333\" srcset=\"https:\/\/schulebza.de\/gymnasium\/wp-content\/uploads\/2020\/10\/abi-2020b-2JPG.jpg 500w, https:\/\/schulebza.de\/gymnasium\/wp-content\/uploads\/2020\/10\/abi-2020b-2JPG-300x200.jpg 300w, https:\/\/schulebza.de\/gymnasium\/wp-content\/uploads\/2020\/10\/abi-2020b-2JPG-380x254.jpg 380w, https:\/\/schulebza.de\/gymnasium\/wp-content\/uploads\/2020\/10\/abi-2020b-2JPG-285x190.jpg 285w\" sizes=\"(max-width: 500px) 100vw, 500px\" \/><\/a><\/td>\n<td style=\"width: 50%;\"><a href=\"https:\/\/schulebza.de\/gymnasium\/wp-content\/uploads\/2020\/10\/abi-2020b-1-scaled.jpg\" target=\"_blank\" rel=\"noopener noreferrer\"><img decoding=\"async\" class=\"aligncenter wp-image-8733 size-full\" src=\"https:\/\/schulebza.de\/gymnasium\/wp-content\/uploads\/2020\/10\/abi-2020b-1JPG.jpg\" alt=\"\" width=\"500\" height=\"333\" srcset=\"https:\/\/schulebza.de\/gymnasium\/wp-content\/uploads\/2020\/10\/abi-2020b-1JPG.jpg 500w, https:\/\/schulebza.de\/gymnasium\/wp-content\/uploads\/2020\/10\/abi-2020b-1JPG-300x200.jpg 300w, https:\/\/schulebza.de\/gymnasium\/wp-content\/uploads\/2020\/10\/abi-2020b-1JPG-380x254.jpg 380w, https:\/\/schulebza.de\/gymnasium\/wp-content\/uploads\/2020\/10\/abi-2020b-1JPG-285x190.jpg 285w\" sizes=\"(max-width: 500px) 100vw, 500px\" \/><\/a><\/td>\n<\/tr>\n<\/tbody>\n<\/table>\n<p>Auf bald,<\/p>\n<p>Euer<\/p>\n<p>Pete Allmann,<\/p>\n<p>Schulleiter<\/p>\n","protected":false},"excerpt":{"rendered":"<p>Liebe Homepage-Community,<\/p>\n<p>ich gr\u00fc\u00dfe auf das Herzlichste, w\u00fcnsche frohe und gesunde Herbstferien und freue mich, wenn wir uns alle gesund wiedersehen.<\/p>\n<p>Anbei noch zwei Bildimpressionen unseres nachgeschobenen Abipreise-\u00dcberreichens im Sp\u00e4tsommer, als der letztj\u00e4hrige Abijahrgang noch einmal zusammenkam, um die Erinnerungsplakette des Jahrgangs anzubringen bzw. wo wir dann gemeinsam das Abi-Logo-Bild an unserer Turnhalle w\u00fcrdigten.<\/p>\n<table>\n<tbody>\n<tr>\n<td><img decoding=\"async\" class=\"aligncenter size-full wp-image-8732\" src=\"https:\/\/schulebza.de\/gymnasium\/wp-content\/uploads\/2020\/10\/abi-2020b-2JPG.jpg\" alt=\"\" width=\"500\" height=\"333\" srcset=\"https:\/\/schulebza.de\/gymnasium\/wp-content\/uploads\/2020\/10\/abi-2020b-2JPG.jpg 500w, https:\/\/schulebza.de\/gymnasium\/wp-content\/uploads\/2020\/10\/abi-2020b-2JPG-300x200.jpg 300w, https:\/\/schulebza.de\/gymnasium\/wp-content\/uploads\/2020\/10\/abi-2020b-2JPG-380x254.jpg 380w, https:\/\/schulebza.de\/gymnasium\/wp-content\/uploads\/2020\/10\/abi-2020b-2JPG-285x190.jpg 285w\" sizes=\"(max-width: 500px) 100vw, 500px\" \/><\/td>\n<td><img decoding=\"async\" class=\"aligncenter size-full wp-image-8733\" src=\"https:\/\/schulebza.de\/gymnasium\/wp-content\/uploads\/2020\/10\/abi-2020b-1JPG.jpg\" alt=\"\" width=\"500\" height=\"333\" srcset=\"https:\/\/schulebza.de\/gymnasium\/wp-content\/uploads\/2020\/10\/abi-2020b-1JPG.jpg 500w, https:\/\/schulebza.de\/gymnasium\/wp-content\/uploads\/2020\/10\/abi-2020b-1JPG-300x200.jpg 300w, https:\/\/schulebza.de\/gymnasium\/wp-content\/uploads\/2020\/10\/abi-2020b-1JPG-380x254.jpg 380w, https:\/\/schulebza.de\/gymnasium\/wp-content\/uploads\/2020\/10\/abi-2020b-1JPG-285x190.jpg 285w\" sizes=\"(max-width: 500px) 100vw, 500px\" \/><\/td>\n<\/tr>\n<\/tbody>\n<\/table>\n<p>Auf bald,<\/p>\n<p>Euer<\/p>\n<p>Pete Allmann,<\/p>\n<p>Schulleiter<\/p>\n","protected":false},"author":1,"featured_media":0,"comment_status":"closed","ping_status":"closed","sticky":false,"template":"","format":"standard","meta":{"footnotes":""},"categories":[1],"tags":[],"class_list":["post-8731","post","type-post","status-publish","format-standard","hentry","category-uncategorized"],"_links":{"self":[{"href":"https:\/\/schulebza.de\/gymnasium\/wp-json\/wp\/v2\/posts\/8731","targetHints":{"allow":["GET"]}}],"collection":[{"href":"https:\/\/schulebza.de\/gymnasium\/wp-json\/wp\/v2\/posts"}],"about":[{"href":"https:\/\/schulebza.de\/gymnasium\/wp-json\/wp\/v2\/types\/post"}],"author":[{"embeddable":true,"href":"https:\/\/schulebza.de\/gymnasium\/wp-json\/wp\/v2\/users\/1"}],"replies":[{"embeddable":true,"href":"https:\/\/schulebza.de\/gymnasium\/wp-json\/wp\/v2\/comments?post=8731"}],"version-history":[{"count":3,"href":"https:\/\/schulebza.de\/gymnasium\/wp-json\/wp\/v2\/posts\/8731\/revisions"}],"predecessor-version":[{"id":8738,"href":"https:\/\/schulebza.de\/gymnasium\/wp-json\/wp\/v2\/posts\/8731\/revisions\/8738"}],"wp:attachment":[{"href":"https:\/\/schulebza.de\/gymnasium\/wp-json\/wp\/v2\/media?parent=8731"}],"wp:term":[{"taxonomy":"category","embeddable":true,"href":"https:\/\/schulebza.de\/gymnasium\/wp-json\/wp\/v2\/categories?post=8731"},{"taxonomy":"post_tag","embeddable":true,"href":"https:\/\/schulebza.de\/gymnasium\/wp-json\/wp\/v2\/tags?post=8731"}],"curies":[{"name":"wp","href":"https:\/\/api.w.org\/{rel}","templated":true}]}}