{"id":8491,"date":"2020-06-29T16:31:34","date_gmt":"2020-06-29T14:31:34","guid":{"rendered":"https:\/\/schulebza.de\/gymnasium\/?p=8491"},"modified":"2020-06-29T16:31:34","modified_gmt":"2020-06-29T14:31:34","slug":"preistraeger-am-grosser-gymnasium-auch-in-coronazeiten","status":"publish","type":"post","link":"https:\/\/schulebza.de\/gymnasium\/2020\/06\/29\/preistraeger-am-grosser-gymnasium-auch-in-coronazeiten\/","title":{"rendered":"Preistr\u00e4ger am Grosser-Gymnasium auch in Coronazeiten"},"content":{"rendered":"<p><img decoding=\"async\" class=\"aligncenter wp-image-8492 size-full\" src=\"https:\/\/schulebza.de\/gymnasium\/wp-content\/uploads\/2020\/06\/fremdsprachenwettbewerb-1.jpg\" alt=\"\" width=\"600\" height=\"355\" srcset=\"https:\/\/schulebza.de\/gymnasium\/wp-content\/uploads\/2020\/06\/fremdsprachenwettbewerb-1.jpg 600w, https:\/\/schulebza.de\/gymnasium\/wp-content\/uploads\/2020\/06\/fremdsprachenwettbewerb-1-300x178.jpg 300w\" sizes=\"(max-width: 600px) 100vw, 600px\" \/><\/p>\n<p>\u201e\u2026damit haben wir absolut nicht gerechnet\u201c, so eine Sch\u00fclerin der 7c, als sie erfuhr, dass sie beim diesj\u00e4hrigen Bundeswettbewerb Fremdsprachen mit ihrem Team einen Landespreis gewonnen hat. Aber nicht nur sie, sondern alle Teilnehmer*innen unseres Gymnasiums hatten Grund zur Freude, da sie mit ihren franz\u00f6sischen Beitr\u00e4gen insgesamt drei Landespreise gewonnen haben.<\/p>\n<p>Ludmila Razinkin, Klasse 9a, gewann im Solowettbewerb Franz\u00f6sisch einen 3. Landespreis.<br \/>\nIm Teamwettbewerb erhielt das Team aus der Klasse 9a (Ludmila Razinkin, Antonia Schmidt, Niclas M\u00fcller, Jakob Mohr und Amelie Martin) mit seinem Film \u201eC\u2019est pas la fin\u201c einen 2. Landespreis und das Team aus der Klasse 7c (Lara Zimbelmann, Felicitas Schaubhut, Julia M\u00fcller, Sarah Hupfer, Josepha H\u00fchnerfauth und Lara Ellrich) mit seinem Filmbeitrag \u201eEnsemble contre le harc\u00e8lement\u201c einen 3. Landespreis.<!--more--><\/p>\n<p>F\u00fcr den aus zwei Teilen bestehenden Solowettbewerb musste sich Ludmila Razinkin zuvor in das Thema \u201eFreizeit- und Vergn\u00fcgungsparks in Frankreich\u201c einarbeiten und dazu als Hausarbeit zun\u00e4chst ein kurzes Video in franz\u00f6sischer Sprache drehen und im zweiten Teil w\u00e4hrend einer mehrst\u00fcndigen Klausur ihr Wissen und K\u00f6nnen in den Bereichen Kreatives Schreiben, Worterg\u00e4nzung, Landeskunde, Leseverstehen und H\u00f6r-Seh-Verstehen unter Beweis stellen.<\/p>\n<p>Die Teams konnten die Thematik und Art ihres Beitrags frei w\u00e4hlen.<br \/>\nDabei entschied sich das Team der 9a f\u00fcr einen Krimi, der in der Mafiaszene spielt. Zwei selbstbewusste Frauen stellen die in dieser Szene normalerweise von M\u00e4nnern dominierte Welt auf den Kopf. Der Titel \u201eC\u2019est pas la fin\u201c (\u201eDas ist nicht das Ende\u201c) l\u00e4sst auf eine Fortsetzung hoffen.<br \/>\nIn dem thematisch ganz anders gelagerten Beitrag der 7c \u201eEnsemble contre le harc\u00e8lement\u201c (\u201eGemeinsam gegen Mobbing\u201c) geht es um das Thema Solidarit\u00e4t im Vorgehen gegen Mobbing und Ausgrenzung in der Schule.<\/p>\n<p>Herzlichen Gl\u00fcckwunsch, Dank und Anerkennung allen Preistr\u00e4gern \u2013 und ein besonders herzliches Dankesch\u00f6n der alle Gewinner betreuenden Kollegin Annette Bingler, sowie den Kolleginnen Dr. Caroline Buck und Monika Morgenstern-Henkel f\u00fcr ihre Unterst\u00fctzung.<\/p>\n<p>Da in diesem Jahr coronabedingt die normalerweise zentral stattfindende Preisverleihungsveranstaltung des Landes leider ausfallen musste, wurden &#8211; unter Einhaltung der Corona-Regeln &#8211; den Preistr\u00e4gern von Schulleiter Pete Allmann und Frau Bingler die Urkunden und Geldpreise im Foyer der Schule \u00fcberreicht.<\/p>\n<p style=\"text-align: justify;\"><img decoding=\"async\" class=\"aligncenter wp-image-8493 size-full\" src=\"https:\/\/schulebza.de\/gymnasium\/wp-content\/uploads\/2020\/06\/fremdsprachenwettbewerb-2.jpg\" alt=\"\" width=\"600\" height=\"378\" srcset=\"https:\/\/schulebza.de\/gymnasium\/wp-content\/uploads\/2020\/06\/fremdsprachenwettbewerb-2.jpg 600w, https:\/\/schulebza.de\/gymnasium\/wp-content\/uploads\/2020\/06\/fremdsprachenwettbewerb-2-300x189.jpg 300w\" sizes=\"(max-width: 600px) 100vw, 600px\" \/><\/p>\n","protected":false},"excerpt":{"rendered":"<p>\u201e\u2026damit haben wir absolut nicht gerechnet\u201c, so eine Sch\u00fclerin der 7c, als sie erfuhr, dass sie beim diesj\u00e4hrigen Bundeswettbewerb Fremdsprachen mit ihrem Team einen Landespreis gewonnen hat. Aber nicht nur sie, sondern alle Teilnehmer*innen unseres Gymnasiums hatten Grund zur Freude, da sie mit ihren franz\u00f6sischen Beitr\u00e4gen insgesamt drei Landespreise gewonnen haben. Ludmila Razinkin, Klasse 9a,&#8230;<\/p>\n<p class=\"more-link\"><a href=\"https:\/\/schulebza.de\/gymnasium\/2020\/06\/29\/preistraeger-am-grosser-gymnasium-auch-in-coronazeiten\/\" class=\"\"><span>Weiterlesen<\/span><i>&#43;<\/i><\/a><\/p>\n","protected":false},"author":1,"featured_media":0,"comment_status":"closed","ping_status":"closed","sticky":false,"template":"","format":"standard","meta":{"footnotes":""},"categories":[1],"tags":[],"class_list":["post-8491","post","type-post","status-publish","format-standard","hentry","category-uncategorized"],"_links":{"self":[{"href":"https:\/\/schulebza.de\/gymnasium\/wp-json\/wp\/v2\/posts\/8491","targetHints":{"allow":["GET"]}}],"collection":[{"href":"https:\/\/schulebza.de\/gymnasium\/wp-json\/wp\/v2\/posts"}],"about":[{"href":"https:\/\/schulebza.de\/gymnasium\/wp-json\/wp\/v2\/types\/post"}],"author":[{"embeddable":true,"href":"https:\/\/schulebza.de\/gymnasium\/wp-json\/wp\/v2\/users\/1"}],"replies":[{"embeddable":true,"href":"https:\/\/schulebza.de\/gymnasium\/wp-json\/wp\/v2\/comments?post=8491"}],"version-history":[{"count":1,"href":"https:\/\/schulebza.de\/gymnasium\/wp-json\/wp\/v2\/posts\/8491\/revisions"}],"predecessor-version":[{"id":8494,"href":"https:\/\/schulebza.de\/gymnasium\/wp-json\/wp\/v2\/posts\/8491\/revisions\/8494"}],"wp:attachment":[{"href":"https:\/\/schulebza.de\/gymnasium\/wp-json\/wp\/v2\/media?parent=8491"}],"wp:term":[{"taxonomy":"category","embeddable":true,"href":"https:\/\/schulebza.de\/gymnasium\/wp-json\/wp\/v2\/categories?post=8491"},{"taxonomy":"post_tag","embeddable":true,"href":"https:\/\/schulebza.de\/gymnasium\/wp-json\/wp\/v2\/tags?post=8491"}],"curies":[{"name":"wp","href":"https:\/\/api.w.org\/{rel}","templated":true}]}}