{"id":7818,"date":"2020-03-14T22:00:14","date_gmt":"2020-03-14T21:00:14","guid":{"rendered":"https:\/\/schulebza.de\/gymnasium\/?p=7818"},"modified":"2020-03-14T22:19:22","modified_gmt":"2020-03-14T21:19:22","slug":"coronavirus-schule-bleibt-geschlossen","status":"publish","type":"post","link":"https:\/\/schulebza.de\/gymnasium\/2020\/03\/14\/coronavirus-schule-bleibt-geschlossen\/","title":{"rendered":"Coronavirus | Schule bleibt geschlossen, Mndl. Abitur findet statt"},"content":{"rendered":"<p><img decoding=\"async\" class=\"size-thumbnail wp-image-7835 alignleft\" src=\"https:\/\/schulebza.de\/gymnasium\/wp-content\/uploads\/2020\/03\/infoa-150x150.jpg\" alt=\"\" width=\"150\" height=\"150\" \/><\/p>\n<p>Auf der Homepage des rheinland-pf\u00e4lzischen Bildungsministeriums wurde bekannt gegeben:<\/p>\n<p><strong>\u201eAb Montag, den 16.3.2020, bleiben die Schulen und Kinderg\u00e4rten bis zum Ende der rheinland-pf\u00e4lzischen Osterferien am 17. April 2020 f\u00fcr einen regul\u00e4ren Betrieb geschlossen.\u201c<\/strong><\/p>\n<p><strong>UPDATE: Die m\u00fcndlichen Abiturpr\u00fcfungen finden wie geplant statt!<br \/>\n<\/strong><\/p>\n<p>Die Lehrerinnen und Lehrer treffen sich zu einer Dienstbesprechung am Montag um 9 Uhr im Lehrerzimmer.<\/p>\n<p>P. Allmann<br \/>\nSchulleiter<\/p>\n<p>13.03.20, 15 Uhr, Update 14.03.20, 22 Uhr<\/p>\n<p><strong>Update 14.03.2020:<\/strong><br \/>\n<a href=\"https:\/\/schulebza.de\/gymnasium\/wp-content\/uploads\/2020\/03\/Schlie\u00dfung-regul\u00e4rer-Schulbetrieb-Elternanschreiben.pdf\">Schlie\u00dfung regul\u00e4rer Schulbetrieb Elternanschreiben<\/a><\/p>\n","protected":false},"excerpt":{"rendered":"<p><img decoding=\"async\" class=\"size-thumbnail wp-image-7835 alignleft\" src=\"https:\/\/schulebza.de\/gymnasium\/wp-content\/uploads\/2020\/03\/infoa-150x150.jpg\" alt=\"\" width=\"150\" height=\"150\" \/><\/p>\n<p>Auf der Homepage des rheinland-pf\u00e4lzischen Bildungsministeriums wurde bekannt gegeben:<\/p>\n<p><strong>\u201eAb Montag, den 16.3.2020, bleiben die Schulen und Kinderg\u00e4rten bis zum Ende der rheinland-pf\u00e4lzischen Osterferien am 17. April 2020 f\u00fcr einen regul\u00e4ren Betrieb geschlossen.\u201c<\/strong><\/p>\n<p><strong><span style=\"color: #a10000;\">UPDATE: Die m\u00fcndlichen Abiturpr\u00fcfungen finden wie geplant statt!<\/span><\/strong><\/p>\n<p>Die Lehrerinnen und Lehrer treffen sich zu einer Dienstbesprechung am Montag um 9 Uhr im Lehrerzimmer.<\/p>\n<p>P. Allmann<br \/>\nSchulleiter<\/p>\n<p>13.03.20, 15 Uhr, Update 14.03.20, 22 Uhr<\/p>\n<p><strong>Update 14.03.2020:<\/strong><br \/>\n<a href=\"https:\/\/schulebza.de\/gymnasium\/wp-content\/uploads\/2020\/03\/Schlie\u00dfung-regul\u00e4rer-Schulbetrieb-Elternanschreiben.pdf\">Schlie\u00dfung regul\u00e4rer Schulbetrieb Elternanschreiben<\/a><\/p>\n","protected":false},"author":1,"featured_media":0,"comment_status":"closed","ping_status":"closed","sticky":false,"template":"","format":"standard","meta":{"footnotes":""},"categories":[1],"tags":[],"class_list":["post-7818","post","type-post","status-publish","format-standard","hentry","category-uncategorized"],"_links":{"self":[{"href":"https:\/\/schulebza.de\/gymnasium\/wp-json\/wp\/v2\/posts\/7818","targetHints":{"allow":["GET"]}}],"collection":[{"href":"https:\/\/schulebza.de\/gymnasium\/wp-json\/wp\/v2\/posts"}],"about":[{"href":"https:\/\/schulebza.de\/gymnasium\/wp-json\/wp\/v2\/types\/post"}],"author":[{"embeddable":true,"href":"https:\/\/schulebza.de\/gymnasium\/wp-json\/wp\/v2\/users\/1"}],"replies":[{"embeddable":true,"href":"https:\/\/schulebza.de\/gymnasium\/wp-json\/wp\/v2\/comments?post=7818"}],"version-history":[{"count":10,"href":"https:\/\/schulebza.de\/gymnasium\/wp-json\/wp\/v2\/posts\/7818\/revisions"}],"predecessor-version":[{"id":7821,"href":"https:\/\/schulebza.de\/gymnasium\/wp-json\/wp\/v2\/posts\/7818\/revisions\/7821"}],"wp:attachment":[{"href":"https:\/\/schulebza.de\/gymnasium\/wp-json\/wp\/v2\/media?parent=7818"}],"wp:term":[{"taxonomy":"category","embeddable":true,"href":"https:\/\/schulebza.de\/gymnasium\/wp-json\/wp\/v2\/categories?post=7818"},{"taxonomy":"post_tag","embeddable":true,"href":"https:\/\/schulebza.de\/gymnasium\/wp-json\/wp\/v2\/tags?post=7818"}],"curies":[{"name":"wp","href":"https:\/\/api.w.org\/{rel}","templated":true}]}}