{"id":7792,"date":"2020-03-09T17:13:33","date_gmt":"2020-03-09T16:13:33","guid":{"rendered":"https:\/\/schulebza.de\/gymnasium\/?p=7792"},"modified":"2020-03-09T17:16:25","modified_gmt":"2020-03-09T16:16:25","slug":"jugend-trainiert-fuer-olympia-geraetturnen-2","status":"publish","type":"post","link":"https:\/\/schulebza.de\/gymnasium\/2020\/03\/09\/jugend-trainiert-fuer-olympia-geraetturnen-2\/","title":{"rendered":"Jugend trainiert f\u00fcr Olympia \/ Ger\u00e4tturnen"},"content":{"rendered":"<p style=\"text-align: justify;\"><strong>Bronzemedaille f\u00fcr unsere j\u00fcngsten Turnerinnen<\/strong><\/p>\n\n\t\t<style type=\"text\/css\">\n\t\t\t#gallery-1 {\n\t\t\t\tmargin: auto;\n\t\t\t}\n\t\t\t#gallery-1 .gallery-item {\n\t\t\t\tfloat: left;\n\t\t\t\tmargin-top: 10px;\n\t\t\t\ttext-align: center;\n\t\t\t\twidth: 50%;\n\t\t\t}\n\t\t\t#gallery-1 img {\n\t\t\t\tborder: 2px solid #cfcfcf;\n\t\t\t}\n\t\t\t#gallery-1 .gallery-caption {\n\t\t\t\tmargin-left: 0;\n\t\t\t}\n\t\t\t\/* see gallery_shortcode() in wp-includes\/media.php *\/\n\t\t<\/style>\n\t\t<div id='gallery-1' class='gallery galleryid-7792 gallery-columns-2 gallery-size-medium'><dl class='gallery-item'>\n\t\t\t<dt class='gallery-icon portrait'>\n\t\t\t\t<a href='https:\/\/schulebza.de\/gymnasium\/wp-content\/uploads\/2020\/03\/gt2.jpg'><img decoding=\"async\" width=\"210\" height=\"300\" src=\"https:\/\/schulebza.de\/gymnasium\/wp-content\/uploads\/2020\/03\/gt2-210x300.jpg\" class=\"attachment-medium size-medium\" alt=\"\" srcset=\"https:\/\/schulebza.de\/gymnasium\/wp-content\/uploads\/2020\/03\/gt2-210x300.jpg 210w, https:\/\/schulebza.de\/gymnasium\/wp-content\/uploads\/2020\/03\/gt2-717x1024.jpg 717w, https:\/\/schulebza.de\/gymnasium\/wp-content\/uploads\/2020\/03\/gt2-768x1096.jpg 768w, https:\/\/schulebza.de\/gymnasium\/wp-content\/uploads\/2020\/03\/gt2-1076x1536.jpg 1076w, https:\/\/schulebza.de\/gymnasium\/wp-content\/uploads\/2020\/03\/gt2.jpg 1183w\" sizes=\"(max-width: 210px) 100vw, 210px\" \/><\/a>\n\t\t\t<\/dt><\/dl><dl class='gallery-item'>\n\t\t\t<dt class='gallery-icon portrait'>\n\t\t\t\t<a href='https:\/\/schulebza.de\/gymnasium\/wp-content\/uploads\/2020\/03\/gt3.jpg'><img decoding=\"async\" width=\"276\" height=\"300\" src=\"https:\/\/schulebza.de\/gymnasium\/wp-content\/uploads\/2020\/03\/gt3-276x300.jpg\" class=\"attachment-medium size-medium\" alt=\"\" srcset=\"https:\/\/schulebza.de\/gymnasium\/wp-content\/uploads\/2020\/03\/gt3-276x300.jpg 276w, https:\/\/schulebza.de\/gymnasium\/wp-content\/uploads\/2020\/03\/gt3-943x1024.jpg 943w, https:\/\/schulebza.de\/gymnasium\/wp-content\/uploads\/2020\/03\/gt3-768x834.jpg 768w, https:\/\/schulebza.de\/gymnasium\/wp-content\/uploads\/2020\/03\/gt3.jpg 1357w\" sizes=\"(max-width: 276px) 100vw, 276px\" \/><\/a>\n\t\t\t<\/dt><\/dl><br style=\"clear: both\" \/>\n\t\t<\/div>\n\n<p style=\"text-align: justify;\">Am 05.03.2020 fanden die Wettk\u00e4mpfe der Turnerinnen der Wettkampfklasse IV (Jahrgang 2007-2010) in Edenkoben statt. F\u00fcr unsere Schule gingen Emily und Leni Wagner, Sofie Dubois, Rhianna Schwalbach, Valentina Herbi und Zoe Ramsperger an den Start.<\/p>\n<p style=\"text-align: justify;\">Schon von Anfang an wurde deutlich, dass es sich bei diesem Wettkampf um einen Dreikampf zwischen dem Hans-Purrmann-Gymnasium aus Speyer, dem Hannah-Arendt-Gymnasium aus Hassloch und dem Gymnasium Bad Bergzabern handelte.<\/p>\n<p style=\"text-align: justify;\">Die Bergzaberinnen starteten hochkonzentriert und gewannen die erste Ger\u00e4tebahn. Bei der zweiten und dritten Ger\u00e4tebahn waren die beiden anderen Mannschaften etwas besser. Der Staffellauf sollte die Entscheidung bringen.<!--more--><\/p>\n<p style=\"text-align: justify;\">In einem spannenden Endlauf kamen die Speyerer M\u00e4dchen ganz knapp vor Bergzabern und Hassloch ins Ziel und holten sich die begehrte Fahrkarte nach Berlin zum Bundesfinale.<\/p>\n<p style=\"text-align: justify;\">Unsere Mannschaft wurde, trotz gleicher Punktzahl, dritter hinter Hassloch, da diese bei den Ger\u00e4tebahnen etwas besser abschnitten.<\/p>\n<p style=\"text-align: justify;\">Insgesamt war es ein sehr spannender Wettkampf, der auf einem hohen Niveau geturnt wurde und unsere M\u00e4dels k\u00f6nnen stolz auf ihre Leistung sein.<\/p>\n","protected":false},"excerpt":{"rendered":"<p>Bronzemedaille f\u00fcr unsere j\u00fcngsten Turnerinnen Am 05.03.2020 fanden die Wettk\u00e4mpfe der Turnerinnen der Wettkampfklasse IV (Jahrgang 2007-2010) in Edenkoben statt. F\u00fcr unsere Schule gingen Emily und Leni Wagner, Sofie Dubois, Rhianna Schwalbach, Valentina Herbi und Zoe Ramsperger an den Start. Schon von Anfang an wurde deutlich, dass es sich bei diesem Wettkampf um einen Dreikampf&#8230;<\/p>\n<p class=\"more-link\"><a href=\"https:\/\/schulebza.de\/gymnasium\/2020\/03\/09\/jugend-trainiert-fuer-olympia-geraetturnen-2\/\" class=\"\"><span>Weiterlesen<\/span><i>&#43;<\/i><\/a><\/p>\n","protected":false},"author":1,"featured_media":0,"comment_status":"closed","ping_status":"closed","sticky":false,"template":"","format":"standard","meta":{"footnotes":""},"categories":[1],"tags":[],"class_list":["post-7792","post","type-post","status-publish","format-standard","hentry","category-uncategorized"],"_links":{"self":[{"href":"https:\/\/schulebza.de\/gymnasium\/wp-json\/wp\/v2\/posts\/7792","targetHints":{"allow":["GET"]}}],"collection":[{"href":"https:\/\/schulebza.de\/gymnasium\/wp-json\/wp\/v2\/posts"}],"about":[{"href":"https:\/\/schulebza.de\/gymnasium\/wp-json\/wp\/v2\/types\/post"}],"author":[{"embeddable":true,"href":"https:\/\/schulebza.de\/gymnasium\/wp-json\/wp\/v2\/users\/1"}],"replies":[{"embeddable":true,"href":"https:\/\/schulebza.de\/gymnasium\/wp-json\/wp\/v2\/comments?post=7792"}],"version-history":[{"count":4,"href":"https:\/\/schulebza.de\/gymnasium\/wp-json\/wp\/v2\/posts\/7792\/revisions"}],"predecessor-version":[{"id":7798,"href":"https:\/\/schulebza.de\/gymnasium\/wp-json\/wp\/v2\/posts\/7792\/revisions\/7798"}],"wp:attachment":[{"href":"https:\/\/schulebza.de\/gymnasium\/wp-json\/wp\/v2\/media?parent=7792"}],"wp:term":[{"taxonomy":"category","embeddable":true,"href":"https:\/\/schulebza.de\/gymnasium\/wp-json\/wp\/v2\/categories?post=7792"},{"taxonomy":"post_tag","embeddable":true,"href":"https:\/\/schulebza.de\/gymnasium\/wp-json\/wp\/v2\/tags?post=7792"}],"curies":[{"name":"wp","href":"https:\/\/api.w.org\/{rel}","templated":true}]}}