{"id":7788,"date":"2020-03-09T17:10:38","date_gmt":"2020-03-09T16:10:38","guid":{"rendered":"https:\/\/schulebza.de\/gymnasium\/?p=7788"},"modified":"2020-03-09T17:10:38","modified_gmt":"2020-03-09T16:10:38","slug":"jugend-trainiert-fuer-olympia-geraetturnen","status":"publish","type":"post","link":"https:\/\/schulebza.de\/gymnasium\/2020\/03\/09\/jugend-trainiert-fuer-olympia-geraetturnen\/","title":{"rendered":"Jugend trainiert f\u00fcr Olympia \/ Ger\u00e4tturnen"},"content":{"rendered":"<p><strong>Erfolgreiche Titelverteidigung<\/strong><\/p>\n<p><img decoding=\"async\" class=\"wp-image-7789 aligncenter\" src=\"https:\/\/schulebza.de\/gymnasium\/wp-content\/uploads\/2020\/03\/gt1-150x150.jpg\" alt=\"\" width=\"600\" height=\"733\" srcset=\"https:\/\/schulebza.de\/gymnasium\/wp-content\/uploads\/2020\/03\/gt1-245x300.jpg 245w, https:\/\/schulebza.de\/gymnasium\/wp-content\/uploads\/2020\/03\/gt1-838x1024.jpg 838w, https:\/\/schulebza.de\/gymnasium\/wp-content\/uploads\/2020\/03\/gt1-768x939.jpg 768w, https:\/\/schulebza.de\/gymnasium\/wp-content\/uploads\/2020\/03\/gt1-1257x1536.jpg 1257w, https:\/\/schulebza.de\/gymnasium\/wp-content\/uploads\/2020\/03\/gt1.jpg 1279w\" sizes=\"(max-width: 600px) 100vw, 600px\" \/><\/p>\n<p style=\"text-align: justify;\">Mit routinierter Sicherheit ging es f\u00fcr die Jungen unserer Schulmannschaft der Wettkampfklasse II (Altersklasse 2003 und j\u00fcnger) am 5.3.2020 in Edenkoben an den Start.<\/p>\n<p style=\"text-align: justify;\">Die \u201eAltstars\u201c Niklas Ellrich, Thomas Quint und Lennart H\u00f6lzmann bekamen Verst\u00e4rkung von Oskar Dietz und Marco Deisner, die letztes Jahr unsere Schule erfolgreich in Berlin beim Bundesfinale vertreten durften. Tim Fuchsj\u00e4ger konnte erkrankungsbedingt leider nicht mitturnen.<!--more--><\/p>\n<p style=\"text-align: justify;\">Alle f\u00fcnf turnten an allen 4 Ger\u00e4ten (Barren, Reck, Boden und Sprung) die h\u00f6chstm\u00f6glichen \u00dcbungen (P7) und bewiesen damit ihr besonderes turnerisches Verm\u00f6gen. Sie erturnten insgesamt 261,60 Punkte und lagen damit 13,55 Punkte vor der zweitplatzierten Mannschaft, der Integrierten Gesamtschule aus Landau und sogar 22,25 Punkte vor dem Drittplatzierten, dem Sickingen-Gymnasium aus Landstuhl.<\/p>\n<p style=\"text-align: justify;\">Beim Sprung bekamen die Routiniers Thomas Quint und Lennart H\u00f6lzmann sogar die H\u00f6chstpunktzahl von 17,0 f\u00fcr einen nahezu perfekten Handst\u00fctz\u00fcberschlag \u00fcber den Sprungtisch.<\/p>\n<p style=\"text-align: justify;\">Die Schulgemeinschaft freut sich mit den Turnern und w\u00fcnscht ihnen viel Gl\u00fcck, wenn sie am 17.\/18. Mai in Ulm beim Rhein-Main-Donau-Cup als rheinland-pf\u00e4lzischer Landesmeister gegen Bayern und Baden-W\u00fcrttemberg antreten d\u00fcrfen und dort hoffentlich ihren Titel wieder verteidigen k\u00f6nnen.<\/p>\n<p>&nbsp;<\/p>\n","protected":false},"excerpt":{"rendered":"<p>Erfolgreiche Titelverteidigung Mit routinierter Sicherheit ging es f\u00fcr die Jungen unserer Schulmannschaft der Wettkampfklasse II (Altersklasse 2003 und j\u00fcnger) am 5.3.2020 in Edenkoben an den Start. Die \u201eAltstars\u201c Niklas Ellrich, Thomas Quint und Lennart H\u00f6lzmann bekamen Verst\u00e4rkung von Oskar Dietz und Marco Deisner, die letztes Jahr unsere Schule erfolgreich in Berlin beim Bundesfinale vertreten durften.&#8230;<\/p>\n<p class=\"more-link\"><a href=\"https:\/\/schulebza.de\/gymnasium\/2020\/03\/09\/jugend-trainiert-fuer-olympia-geraetturnen\/\" class=\"\"><span>Weiterlesen<\/span><i>&#43;<\/i><\/a><\/p>\n","protected":false},"author":1,"featured_media":0,"comment_status":"closed","ping_status":"closed","sticky":false,"template":"","format":"standard","meta":{"footnotes":""},"categories":[1],"tags":[],"class_list":["post-7788","post","type-post","status-publish","format-standard","hentry","category-uncategorized"],"_links":{"self":[{"href":"https:\/\/schulebza.de\/gymnasium\/wp-json\/wp\/v2\/posts\/7788","targetHints":{"allow":["GET"]}}],"collection":[{"href":"https:\/\/schulebza.de\/gymnasium\/wp-json\/wp\/v2\/posts"}],"about":[{"href":"https:\/\/schulebza.de\/gymnasium\/wp-json\/wp\/v2\/types\/post"}],"author":[{"embeddable":true,"href":"https:\/\/schulebza.de\/gymnasium\/wp-json\/wp\/v2\/users\/1"}],"replies":[{"embeddable":true,"href":"https:\/\/schulebza.de\/gymnasium\/wp-json\/wp\/v2\/comments?post=7788"}],"version-history":[{"count":2,"href":"https:\/\/schulebza.de\/gymnasium\/wp-json\/wp\/v2\/posts\/7788\/revisions"}],"predecessor-version":[{"id":7791,"href":"https:\/\/schulebza.de\/gymnasium\/wp-json\/wp\/v2\/posts\/7788\/revisions\/7791"}],"wp:attachment":[{"href":"https:\/\/schulebza.de\/gymnasium\/wp-json\/wp\/v2\/media?parent=7788"}],"wp:term":[{"taxonomy":"category","embeddable":true,"href":"https:\/\/schulebza.de\/gymnasium\/wp-json\/wp\/v2\/categories?post=7788"},{"taxonomy":"post_tag","embeddable":true,"href":"https:\/\/schulebza.de\/gymnasium\/wp-json\/wp\/v2\/tags?post=7788"}],"curies":[{"name":"wp","href":"https:\/\/api.w.org\/{rel}","templated":true}]}}