{"id":4651,"date":"2019-03-27T16:29:35","date_gmt":"2019-03-27T15:29:35","guid":{"rendered":"http:\/\/schulebza.de\/gymnasiumneu\/2019\/03\/27\/aulagespraech-2019\/"},"modified":"2019-04-27T11:10:59","modified_gmt":"2019-04-27T09:10:59","slug":"aulagespraech-2019","status":"publish","type":"post","link":"https:\/\/schulebza.de\/gymnasium\/2019\/03\/27\/aulagespraech-2019\/","title":{"rendered":"Aulagespr\u00e4ch 2019"},"content":{"rendered":"<p>Im Rahmen der regelm\u00e4\u00dfigen Gespr\u00e4chsrunden in der Aula des Alfred-Grosser-Schulzentrums Bad Bergzabern steht dieses Mal das Thema Ern\u00e4hrung auf dem Plan.<\/p>\n<p>Kinder und Jugendliche verbringen einen gro\u00dfen Teil ihrer Zeit in der Schule und liefern an jedem Schultag H\u00f6chstleistungen. Damit die Denkprozesse auf Hochtouren kommen muss die Ern\u00e4hrung darauf abgestimmt und energiereich sein. Auf der anderen Seite erh\u00f6ht ein Bewegungsmangel durch lange Unterrichtszeiten und ein zunehmend passives Freizeitverhalten das Risiko von \u00dcbergewicht.<\/p>\n<p>Neben dem Lebensstil spielt die Ern\u00e4hrung im Kindes- und Jugendalter eine ganz entscheidende Rolle. Aber sind wir denn darauf vorbereitet? Wer schult unsere Kinder oder die Eltern, welche Nahrungsmittel gut oder schlecht sind? Die Schule? Die Medien? Was ist ein gutes Fr\u00fchst\u00fcck oder Mittagessen, um den Geist fit zu machen und fit zu halten? Wie vermeide ich ein \u00dcberangebot an Kalorien?<\/p>\n<p>Unter der Grundidee \u201eEltern f\u00fcr Eltern\u201c ist es dem Schulelternbeirat und der Schulleitung des Alfred-Grosser-Schulzentrums gelungen, zu diesem Thema f\u00fcr den Diskussionsabend ein Expertenteam zusammenzustellen. In vier Impulsreferaten werden Fakten und Probleme kurz dargestellt und anschlie\u00dfend unter der Moderation von Dr. Peter Kretschmer mit den Fachkompetenten Referentinnen und Referenten diskutiert:<\/p>\n<p><strong>Ern\u00e4hrungslehre in der Schule: Was wird unterrichtet?<\/strong><br \/>\nVertreterin der Lehrerschaft, Alfred-Grosser-Schulzentrum<\/p>\n<p><strong>Essen und Lernleistung: Wie wichtig sind Fr\u00fchst\u00fcck und Pausenbrot?<br \/>\n<\/strong>Frau Susann Baller, Diplom-Oecotrophologin, AOK Rheinland-Pfalz\/Saarland<\/p>\n<p><strong>Essst\u00f6rungen bei Kindern und Jugendlichen<br \/>\n<\/strong>Frau Beate Reinders, Leitende Kinder- und Jugendlichenpsychotherapeutin, Pfalzklinikum, Klinik f\u00fcr Kinder- und Jugendpsychiatrie, Psychosomatik und Psychotherapie<\/p>\n<p><strong>\u00dcbergewicht und Bewegungsmangel: Ein gesellschaftliches Problem<br \/>\n<\/strong>Dr. Peter Kretschmer, Arzt f\u00fcr Orthop\u00e4die, Physikalische Therapie<\/p>\n<p>Herzlich eingeladen sind zu dieser offenen Veranstaltung neben Eltern und Sch\u00fclern alle, die an diesem hochaktuellen Thema interessiert sind. Wir w\u00fcnschen uns eine rege Diskussion.<\/p>\n<p>Der Eintritt ist frei!<\/p>\n<p>&nbsp;<\/p>\n","protected":false},"excerpt":{"rendered":"<div style=\"text-align: center;\">\n<p><strong><span style=\"font-size: 18pt; line-height: 115%;\"><img decoding=\"async\" class=\"alignleft size-medium wp-image-4943\" src=\"http:\/\/schulebza.de\/gymnasiumneu\/wp-content\/uploads\/2019\/03\/sandwich-451403_1280-300x225.jpg\" alt=\"\" width=\"300\" height=\"225\" \/>Bad Bergzaberner Aulagespr\u00e4ch 2019<\/span><\/strong><\/p>\n<\/div>\n<div style=\"text-align: center;\"><strong><span style=\"font-size: 12pt; line-height: 115%;\">am Donnerstag, dem 04. April 2019 um 19.30 Uhr <\/span><\/strong><\/div>\n<div style=\"text-align: center;\">\n<p><strong><span style=\"font-size: 12pt; line-height: 115%;\">in der Aula des Alfred-Grosser-Schulzentrums Bad Bergzabern<\/span><\/strong><\/p>\n<\/div>\n<div style=\"text-align: center;\">\n<p><strong><span style=\"font-size: 14pt; line-height: 115%;\">Gesunde Ern\u00e4hrung im Schulalltag \u2013 Welche Brote f\u00fcr die Note?<\/span><\/strong><\/p>\n<p style=\"text-align: justify;\">\n<\/div>\n","protected":false},"author":1,"featured_media":0,"comment_status":"closed","ping_status":"closed","sticky":false,"template":"","format":"standard","meta":{"footnotes":""},"categories":[581],"tags":[],"class_list":["post-4651","post","type-post","status-publish","format-standard","hentry","category-uncategorised"],"_links":{"self":[{"href":"https:\/\/schulebza.de\/gymnasium\/wp-json\/wp\/v2\/posts\/4651","targetHints":{"allow":["GET"]}}],"collection":[{"href":"https:\/\/schulebza.de\/gymnasium\/wp-json\/wp\/v2\/posts"}],"about":[{"href":"https:\/\/schulebza.de\/gymnasium\/wp-json\/wp\/v2\/types\/post"}],"author":[{"embeddable":true,"href":"https:\/\/schulebza.de\/gymnasium\/wp-json\/wp\/v2\/users\/1"}],"replies":[{"embeddable":true,"href":"https:\/\/schulebza.de\/gymnasium\/wp-json\/wp\/v2\/comments?post=4651"}],"version-history":[{"count":3,"href":"https:\/\/schulebza.de\/gymnasium\/wp-json\/wp\/v2\/posts\/4651\/revisions"}],"predecessor-version":[{"id":4944,"href":"https:\/\/schulebza.de\/gymnasium\/wp-json\/wp\/v2\/posts\/4651\/revisions\/4944"}],"wp:attachment":[{"href":"https:\/\/schulebza.de\/gymnasium\/wp-json\/wp\/v2\/media?parent=4651"}],"wp:term":[{"taxonomy":"category","embeddable":true,"href":"https:\/\/schulebza.de\/gymnasium\/wp-json\/wp\/v2\/categories?post=4651"},{"taxonomy":"post_tag","embeddable":true,"href":"https:\/\/schulebza.de\/gymnasium\/wp-json\/wp\/v2\/tags?post=4651"}],"curies":[{"name":"wp","href":"https:\/\/api.w.org\/{rel}","templated":true}]}}