{"id":4650,"date":"2019-03-20T19:13:12","date_gmt":"2019-03-20T18:13:12","guid":{"rendered":"http:\/\/schulebza.de\/gymnasiumneu\/2019\/03\/20\/jugend-trainiert-fuer-olympia-geraeteturnen\/"},"modified":"2019-04-27T10:51:12","modified_gmt":"2019-04-27T08:51:12","slug":"jugend-trainiert-fuer-olympia-geraeteturnen","status":"publish","type":"post","link":"https:\/\/schulebza.de\/gymnasium\/2019\/03\/20\/jugend-trainiert-fuer-olympia-geraeteturnen\/","title":{"rendered":"Jugend trainiert f\u00fcr Olympia &#8211; Ger\u00e4teturnen"},"content":{"rendered":"<div style=\"text-align: justify;\">Die Mannschaft der M\u00e4dchen im WK II belegte am 13.2. in Ha\u00dfloch beim Regionalentscheid den <strong><i>vierten<\/i><\/strong> Rang, und schrammte dabei knapp am Medaillenrang vorbei.<\/div>\n<div style=\"text-align: justify;\">Die M\u00e4dchen im WK IV-1, dem j\u00fcngsten WK-Bereich, traten am 29.01. in Edenkoben beim Regionalentscheid an und belegten in dem starken Teilnehmerfeld den <strong><i>13.Platz<\/i><\/strong>.<\/div>\n<div style=\"text-align: justify;\">Die Jungen im WK IV hatten im Leininger-Gymnasium Gr\u00fcnstadt den erwartet starken Gegner und unterlagen ihm im Regionalentscheid hauchd\u00fcnn. Allerdings qualifizierten sie sich damit auch f\u00fcr den Landesentscheid. Und im Landesentscheid am 14.03., ebenfalls in Edenkoben, gaben sie den Gr\u00fcnst\u00e4dtern das Nachsehen, ebenfalls mit minimalstem Vorsprung, und fahren als <strong><i>Landesschulmeister nach Berlin<\/i><\/strong>.<\/div>\n<div style=\"text-align: justify;\">Die Jungen im WK II wurden <strong><i>Landesschulmeister<\/i><\/strong> und fahren im <strong><i>Mai nach N\u00fcrnberg<\/i><\/strong> zum <strong><i>Rhein-Main-Donau-Cup<\/i><\/strong> (gegen Bayern und Baden-W\u00fcrttemberg), den sie auch schon im vergangenen Jahr gewinnen konnten.<\/div>\n<div style=\"text-align: center;\">\n<p><img decoding=\"async\" class=\" size-full wp-image-4647\" style=\"display: block; margin-left: auto; margin-right: auto;\" src=\"http:\/\/schulebza.de\/gymnasiumneu\/wp-content\/uploads\/2019\/03\/geraeteturnen2.jpg\" alt=\"geraeteturnen2\" width=\"500\" height=\"840\" srcset=\"https:\/\/schulebza.de\/gymnasium\/wp-content\/uploads\/2019\/03\/geraeteturnen2.jpg 611w, https:\/\/schulebza.de\/gymnasium\/wp-content\/uploads\/2019\/03\/geraeteturnen2-179x300.jpg 179w, https:\/\/schulebza.de\/gymnasium\/wp-content\/uploads\/2019\/03\/geraeteturnen2-610x1024.jpg 610w\" sizes=\"(max-width: 500px) 100vw, 500px\" \/><\/p>\n<p>WK II M\u00e4dchen \u2013 4.Rang beim Regionalentscheid:<\/p>\n<\/div>\n<p><!--more--><\/p>\n<div style=\"text-align: center;\"><img decoding=\"async\" class=\" size-full wp-image-4648\" style=\"display: block; margin-left: auto; margin-right: auto;\" src=\"http:\/\/schulebza.de\/gymnasiumneu\/wp-content\/uploads\/2019\/03\/geraeteturnen3.jpg\" alt=\"geraeteturnen3\" width=\"500\" height=\"375\" srcset=\"https:\/\/schulebza.de\/gymnasium\/wp-content\/uploads\/2019\/03\/geraeteturnen3.jpg 1599w, https:\/\/schulebza.de\/gymnasium\/wp-content\/uploads\/2019\/03\/geraeteturnen3-300x225.jpg 300w, https:\/\/schulebza.de\/gymnasium\/wp-content\/uploads\/2019\/03\/geraeteturnen3-768x576.jpg 768w, https:\/\/schulebza.de\/gymnasium\/wp-content\/uploads\/2019\/03\/geraeteturnen3-1024x768.jpg 1024w, https:\/\/schulebza.de\/gymnasium\/wp-content\/uploads\/2019\/03\/geraeteturnen3-380x285.jpg 380w, https:\/\/schulebza.de\/gymnasium\/wp-content\/uploads\/2019\/03\/geraeteturnen3-285x214.jpg 285w\" sizes=\"(max-width: 500px) 100vw, 500px\" \/><br \/>\nJule W\u00f6lfl, Sophie Hupfer, Marie Schn\u00f6rringer, Leni Wagner, Megan Matthias.<\/div>\n<div style=\"text-align: center;\">\n<p style=\"text-align: center;\">WK IV M\u00e4dchen, 13-Rang beim Regionalentscheid:<\/p>\n<p style=\"text-align: center;\"><img decoding=\"async\" class=\"size-full wp-image-4649 aligncenter\" src=\"http:\/\/schulebza.de\/gymnasiumneu\/wp-content\/uploads\/2019\/03\/geraeteturnen4.jpg\" alt=\"geraeteturnen4\" width=\"500\" height=\"558\" srcset=\"https:\/\/schulebza.de\/gymnasium\/wp-content\/uploads\/2019\/03\/geraeteturnen4.jpg 1077w, https:\/\/schulebza.de\/gymnasium\/wp-content\/uploads\/2019\/03\/geraeteturnen4-269x300.jpg 269w, https:\/\/schulebza.de\/gymnasium\/wp-content\/uploads\/2019\/03\/geraeteturnen4-768x856.jpg 768w, https:\/\/schulebza.de\/gymnasium\/wp-content\/uploads\/2019\/03\/geraeteturnen4-918x1024.jpg 918w\" sizes=\"(max-width: 500px) 100vw, 500px\" \/><\/p>\n<p style=\"text-align: center;\">Lilian Abele, Zoe Ramsperger, Katharina Masur, Sarah Kreuter, Mina Sommer, Madeline Schurig, Hannah Fichtm\u00fcller<\/p>\n<p style=\"text-align: justify;\">\n<\/div>\n","protected":false},"excerpt":{"rendered":"<p>Die Mannschaft der M\u00e4dchen im WK II belegte am 13.2. in Ha\u00dfloch beim Regionalentscheid den vierten Rang, und schrammte dabei knapp am Medaillenrang vorbei. Die M\u00e4dchen im WK IV-1, dem j\u00fcngsten WK-Bereich, traten am 29.01. in Edenkoben beim Regionalentscheid an und belegten in dem starken Teilnehmerfeld den 13.Platz. Die Jungen im WK IV hatten im&#8230;<\/p>\n<p class=\"more-link\"><a href=\"https:\/\/schulebza.de\/gymnasium\/2019\/03\/20\/jugend-trainiert-fuer-olympia-geraeteturnen\/\" class=\"\"><span>Weiterlesen<\/span><i>&#43;<\/i><\/a><\/p>\n","protected":false},"author":1,"featured_media":0,"comment_status":"closed","ping_status":"closed","sticky":false,"template":"","format":"standard","meta":{"footnotes":""},"categories":[561],"tags":[],"class_list":["post-4650","post","type-post","status-publish","format-standard","hentry","category-fachbereich-sport"],"_links":{"self":[{"href":"https:\/\/schulebza.de\/gymnasium\/wp-json\/wp\/v2\/posts\/4650","targetHints":{"allow":["GET"]}}],"collection":[{"href":"https:\/\/schulebza.de\/gymnasium\/wp-json\/wp\/v2\/posts"}],"about":[{"href":"https:\/\/schulebza.de\/gymnasium\/wp-json\/wp\/v2\/types\/post"}],"author":[{"embeddable":true,"href":"https:\/\/schulebza.de\/gymnasium\/wp-json\/wp\/v2\/users\/1"}],"replies":[{"embeddable":true,"href":"https:\/\/schulebza.de\/gymnasium\/wp-json\/wp\/v2\/comments?post=4650"}],"version-history":[{"count":3,"href":"https:\/\/schulebza.de\/gymnasium\/wp-json\/wp\/v2\/posts\/4650\/revisions"}],"predecessor-version":[{"id":4922,"href":"https:\/\/schulebza.de\/gymnasium\/wp-json\/wp\/v2\/posts\/4650\/revisions\/4922"}],"wp:attachment":[{"href":"https:\/\/schulebza.de\/gymnasium\/wp-json\/wp\/v2\/media?parent=4650"}],"wp:term":[{"taxonomy":"category","embeddable":true,"href":"https:\/\/schulebza.de\/gymnasium\/wp-json\/wp\/v2\/categories?post=4650"},{"taxonomy":"post_tag","embeddable":true,"href":"https:\/\/schulebza.de\/gymnasium\/wp-json\/wp\/v2\/tags?post=4650"}],"curies":[{"name":"wp","href":"https:\/\/api.w.org\/{rel}","templated":true}]}}