{"id":4640,"date":"2019-02-24T16:07:32","date_gmt":"2019-02-24T15:07:32","guid":{"rendered":"http:\/\/schulebza.de\/gymnasiumneu\/2019\/02\/24\/besuch-im-landtag\/"},"modified":"2019-03-31T16:03:10","modified_gmt":"2019-03-31T14:03:10","slug":"besuch-im-landtag","status":"publish","type":"post","link":"https:\/\/schulebza.de\/gymnasium\/2019\/02\/24\/besuch-im-landtag\/","title":{"rendered":"Besuch im Landtag"},"content":{"rendered":"<p><span style=\"font-size: 10pt; line-height: 115%; font-family: 'Arial', sans-serif;\">\u201eDas war ein echt cooler Tag!\u201c, so lautete nach ihrer R\u00fcckkehr aus Mainz die einhellige Meinung der Fahrtteilnehmer aus dem LK Geschichte. Anlass f\u00fcr diese Fahrt am 21. Februar 2019 in die Landeshauptstadt war die f\u00fcr diesen Tag geplante Er\u00f6ffnung einer Ausstellung mit wissenschaftlichen Postern zur \u201eBergzaberner Republik 1792\/93\u201c in der Lobby des Mainzer Landtages, die im schulischen Unterricht im Herbst 2017 erarbeitet worden war. Diese Plakate wurden bereits erstmals vorgestellt im Rahmen eines Aula-Gespr\u00e4ches am 10. November 2017 zum 225-j\u00e4hrigen Jahrestag der Lossagung der Bergzaberner B\u00fcrgerschaft von ihrem Landesherrn, dem Herzog von Pfalz-Zweibr\u00fccken, und dann ein zweites Mal beim Neujahrsempfang 2018 der Stadt Bad Bergzabern im Haus des Gastes. Begleitet wurde die Fahrt nach Mainz von Schulleiter Pete Allmann sowie dem Geschichtslehrer und Kursleiter Stefan Bingler und Annette Bingler als weiterer Kollegin.<\/span><\/p>\n<p><span style=\"font-size: 10pt; line-height: 150%; font-family: 'Arial', sans-serif;\">Auf Einladung von Alexander Schweitzer, dem Fraktionsvorsitzenden der SPD im rheinland-pf\u00e4lzischen Landtag, nahm der Kurs im Rahmen eines politischen Tagesseminars zun\u00e4chst an einer Plenarsitzung des Landtags teil. Die Abgeordneten erhielten in dieser Fragestunde <\/span><\/p>\n<p>&nbsp;<\/p>\n<div><img decoding=\"async\" class=\" size-full wp-image-4633\" style=\"display: block; margin-left: auto; margin-right: auto;\" src=\"http:\/\/schulebza.de\/gymnasiumneu\/wp-content\/uploads\/2019\/02\/mainz2.jpg\" alt=\"mainz2\" width=\"640\" height=\"426\" srcset=\"https:\/\/schulebza.de\/gymnasium\/wp-content\/uploads\/2019\/02\/mainz2.jpg 640w, https:\/\/schulebza.de\/gymnasium\/wp-content\/uploads\/2019\/02\/mainz2-300x200.jpg 300w, https:\/\/schulebza.de\/gymnasium\/wp-content\/uploads\/2019\/02\/mainz2-570x380.jpg 570w, https:\/\/schulebza.de\/gymnasium\/wp-content\/uploads\/2019\/02\/mainz2-380x254.jpg 380w, https:\/\/schulebza.de\/gymnasium\/wp-content\/uploads\/2019\/02\/mainz2-285x190.jpg 285w\" sizes=\"(max-width: 640px) 100vw, 640px\" \/><\/div>\n<div style=\"text-align: center;\"><i><span style=\"font-size: 9pt; line-height: 115%; font-family: 'Arial', sans-serif;\">Landtagspr\u00e4sident Hendrik Hering begr\u00fc\u00dft die Sch\u00fclergruppe und er\u00f6ffnet die Ausstellung.<\/span><\/i><\/div>\n<p><!--more--><\/p>\n<p><span style=\"font-size: 10pt; line-height: 115%; font-family: 'Arial', sans-serif;\">von den zust\u00e4ndigen Ministern Antworten auf die von ihnen zuvor gestellten Anfragen an die Landesregierung, u.a. zur Kinderarmnut in RLP, zur medizinischen Versorgung in der Uniklinik Mainz sowie zur L\u00e4rmbelastung durch G\u00fcterz\u00fcge im Weltkulturerbe Oberes Mittelrheintal. Im Anschluss wurde die Sitzungsteilnahme nachbereitet, kompetent und freundlich moderiert von Christine Ehrhardt von der Landtagsverwaltung. <\/span><\/p>\n<p>&nbsp;<\/p>\n<div><img decoding=\"async\" class=\" size-full wp-image-4634\" style=\"display: block; margin-left: auto; margin-right: auto;\" src=\"http:\/\/schulebza.de\/gymnasiumneu\/wp-content\/uploads\/2019\/02\/mainz3.jpg\" alt=\"mainz3\" width=\"640\" height=\"426\" srcset=\"https:\/\/schulebza.de\/gymnasium\/wp-content\/uploads\/2019\/02\/mainz3.jpg 640w, https:\/\/schulebza.de\/gymnasium\/wp-content\/uploads\/2019\/02\/mainz3-300x200.jpg 300w, https:\/\/schulebza.de\/gymnasium\/wp-content\/uploads\/2019\/02\/mainz3-570x380.jpg 570w, https:\/\/schulebza.de\/gymnasium\/wp-content\/uploads\/2019\/02\/mainz3-380x254.jpg 380w, https:\/\/schulebza.de\/gymnasium\/wp-content\/uploads\/2019\/02\/mainz3-285x190.jpg 285w\" sizes=\"(max-width: 640px) 100vw, 640px\" \/><\/div>\n<div style=\"text-align: center;\"><i><span style=\"font-size: 8pt; line-height: 115%; font-family: 'Arial', sans-serif;\">Minister Dr. Volker Wissing, Schulleiter Pete Allmann und SPD-Fraktionsvorsitzender Alexander Schweitzer <\/span><\/i><\/div>\n<p><span style=\"font-size: 10pt; line-height: 115%; font-family: 'Arial', sans-serif;\">Nach einem Mittagessen im Burger-Restaurant \u201eHans im Gl\u00fcck\u201c, ebenfalls auf Einladung des Landtages, stand die Teilnahme und aktive Beteiligung an der Er\u00f6ffnung der Plakatausstellung zur \u201eBergzaberner Republik von 1792\/93\u201c in der Lobby des Landtages auf dem Programm. In Anwesenheit zahlreicher Abgeordneter und einiger Minister, unter ihnen der Wirtschafts-, Verkehrs- und Tourismusminister von Rheinland-Pfalz Dr. Volker Wissing (FDP), der SPD-Fraktionsvorsitzende im Mainzer Landtag Alexander Schweitzer und der Gr\u00fcnen-Fraktionsvorsitzende Dr. Bernhard Braun, begr\u00fc\u00dfte zun\u00e4chst Landtagspr\u00e4sident Hendrik Hering pers\u00f6nlich die Anwesenden. Er sprach dabei den Bergzaberner Abiturientinnen und Abiturienten gro\u00dfes Lob und seine ganz pers\u00f6nliche Anerkennung f\u00fcr ihre geleistete Arbeit aus. <\/span><\/p>\n<p><img decoding=\"async\" class=\"size-full wp-image-4635 aligncenter\" src=\"http:\/\/schulebza.de\/gymnasiumneu\/wp-content\/uploads\/2019\/02\/mainz4.jpg\" alt=\"mainz4\" width=\"640\" height=\"426\" srcset=\"https:\/\/schulebza.de\/gymnasium\/wp-content\/uploads\/2019\/02\/mainz4.jpg 640w, https:\/\/schulebza.de\/gymnasium\/wp-content\/uploads\/2019\/02\/mainz4-300x200.jpg 300w, https:\/\/schulebza.de\/gymnasium\/wp-content\/uploads\/2019\/02\/mainz4-570x380.jpg 570w, https:\/\/schulebza.de\/gymnasium\/wp-content\/uploads\/2019\/02\/mainz4-380x254.jpg 380w, https:\/\/schulebza.de\/gymnasium\/wp-content\/uploads\/2019\/02\/mainz4-285x190.jpg 285w\" sizes=\"(max-width: 640px) 100vw, 640px\" \/><\/p>\n<div style=\"text-align: center;\"><i><span style=\"font-size: 9pt; line-height: 115%; font-family: 'Arial', sans-serif;\">Lisa Scheier und Jonathan Baral f\u00fchren gekonnt in die Ausstellung ein.<\/span><\/i><\/div>\n<p>&nbsp;<\/p>\n<div>\n<p><span style=\"font-size: 10pt; line-height: 115%; font-family: 'Arial', sans-serif;\">Anschlie\u00dfend \u00fcbergab er das Wort an die Abiturienten Lisa Scheier und Jonathan Baral aus dem LK Geschichte, die souver\u00e4n, kompetent und aufgelockert in die Ausstellung einf\u00fchrten. Dabei erfuhren die interessiert zuh\u00f6renden Abgeordneten, dass die Geschichtsb\u00fccher hinsichtlich der ersten demokratischen Versuche auf deutschem Boden umgeschrieben werden m\u00fcssen: Nicht die Mainzer waren es, die am 18. M\u00e4rz 1793 erstmals eine Republik ausriefen, sondern es waren die Bergzaberner B\u00fcrger, die um mehr als ein Vierteljahr schneller waren. Durch die Grenzn\u00e4he zu Frankreich hatten sich die S\u00fcdpf\u00e4lzer sehr bald von der Revolution auf der anderen Seite der Grenze anstecken lassen und nicht erst im Fr\u00fchjahr 1793, sondern bereits am 6. November 1792, eine eigene Republik ausgerufen und auf dem Marktplatz ihrer Stadt einen Freiheitsbaum gepflanzt.<\/span><\/p>\n<p><img decoding=\"async\" class=\" size-full wp-image-4636\" style=\"display: block; margin-left: auto; margin-right: auto;\" src=\"http:\/\/schulebza.de\/gymnasiumneu\/wp-content\/uploads\/2019\/02\/mainz5.jpg\" alt=\"mainz5\" width=\"640\" height=\"426\" srcset=\"https:\/\/schulebza.de\/gymnasium\/wp-content\/uploads\/2019\/02\/mainz5.jpg 640w, https:\/\/schulebza.de\/gymnasium\/wp-content\/uploads\/2019\/02\/mainz5-300x200.jpg 300w, https:\/\/schulebza.de\/gymnasium\/wp-content\/uploads\/2019\/02\/mainz5-570x380.jpg 570w, https:\/\/schulebza.de\/gymnasium\/wp-content\/uploads\/2019\/02\/mainz5-380x254.jpg 380w, https:\/\/schulebza.de\/gymnasium\/wp-content\/uploads\/2019\/02\/mainz5-285x190.jpg 285w\" sizes=\"(max-width: 640px) 100vw, 640px\" \/><\/p>\n<\/div>\n<div style=\"text-align: center;\"><i><span style=\"font-size: 9pt; line-height: 115%; font-family: 'Arial', sans-serif;\">Ministerpr\u00e4sidentin Malu Dreyer im Gespr\u00e4ch mit Dr. Volker Wissing und Schulleiter Pete Allmann<\/span><\/i><\/div>\n<p><span style=\"font-size: 10pt; line-height: 115%; font-family: 'Arial', sans-serif;\">Und es waren die jungen Bergzaberner Frauen, so f\u00fchrte Lisa Scheier weiter aus, die ihre m\u00e4nnlichen Partner damals durch die Androhung von Liebesentzug dazu bewegen wollten, sich ihrer eigenen Begeisterung f\u00fcr die Ideale der Franz\u00f6sischen Revolution anzuschlie\u00dfen &#8211; gerade so, wie es ihnen die Athener Frauen im 5. Jh. v. Chr. in der Kom\u00f6die \u201eLysistrata\u201c des griechschen Dichters Aristophanes vorgemacht hatten, als Athen sich mit Sparta im Peloponnesischen Krieg um die Vorherrschaft in Griechenland stritt und die Frauen so das Ende dieses Krieges erzwingen wollten. Auch die Ministerpr\u00e4sidentin Malu Dreyer gesellte sich unter die Zuh\u00f6rer und zeigte sich im Gespr\u00e4ch mit den Sch\u00fclerinnen und Sch\u00fclern sehr interessiert an dieser Ausstellung. Gerne h\u00f6rten die jungen Historikerinnen und Historiker aus der S\u00fcdpfalz das mehrfach ge\u00e4u\u00dferte Lob aus dem Munde der anwesenden rangh\u00f6chsten Landespolitiker und alle freuten sich \u00fcber deren pers\u00f6nliche Anerkennung f\u00fcr ihre geleistete Arbeit im schulischen Geschichtsunterricht. <\/span><\/p>\n<p>&nbsp;<\/p>\n<div><img decoding=\"async\" class=\" size-full wp-image-4637\" style=\"display: block; margin-left: auto; margin-right: auto;\" src=\"http:\/\/schulebza.de\/gymnasiumneu\/wp-content\/uploads\/2019\/02\/mainz6.jpg\" alt=\"mainz6\" width=\"640\" height=\"426\" srcset=\"https:\/\/schulebza.de\/gymnasium\/wp-content\/uploads\/2019\/02\/mainz6.jpg 640w, https:\/\/schulebza.de\/gymnasium\/wp-content\/uploads\/2019\/02\/mainz6-300x200.jpg 300w, https:\/\/schulebza.de\/gymnasium\/wp-content\/uploads\/2019\/02\/mainz6-570x380.jpg 570w, https:\/\/schulebza.de\/gymnasium\/wp-content\/uploads\/2019\/02\/mainz6-380x254.jpg 380w, https:\/\/schulebza.de\/gymnasium\/wp-content\/uploads\/2019\/02\/mainz6-285x190.jpg 285w\" sizes=\"(max-width: 640px) 100vw, 640px\" \/><\/div>\n<div style=\"text-align: center;\"><i><span style=\"font-size: 9pt; line-height: 115%; font-family: 'Arial', sans-serif;\">Pete Allmann, Dr. Volker Wissing, Alexander Schweitzer und Ministerpr\u00e4sidentin Malu Dreyer <\/span><\/i><\/div>\n<p><span style=\"font-size: 10pt; line-height: 115%; font-family: 'Arial', sans-serif;\">Am Nachmittag stellten sich die beiden Fraktionsvorsitzenden Alexander Schweitzer (SPD) und Dr. Bernhard Braun (B\u00fcndnis 90\/Die Gr\u00fcnen) zusammen mit dem CDU-Abgeordneten Thomas Barth in einer Gespr\u00e4chsrunde den unterschiedlichsten Fragen der jungen Abiturientinnen und Abiturienten. Dabei ging es ebenso um die am Vormittag erlebte Debattenkultur im Landtag wie um Steuerfragen und den \u00c4rzte- und Pflegenotstand sowie aktuelle Probleme im Zusammenhang mit der zunehmenden Digitalisierung und den Urheberrechten auf \u201eyoutube\u201c. <\/span><\/p>\n<p>&nbsp;<\/p>\n<div><img decoding=\"async\" class=\" size-full wp-image-4638\" style=\"display: block; margin-left: auto; margin-right: auto;\" src=\"http:\/\/schulebza.de\/gymnasiumneu\/wp-content\/uploads\/2019\/02\/mainz7.jpg\" alt=\"mainz7\" width=\"640\" height=\"426\" srcset=\"https:\/\/schulebza.de\/gymnasium\/wp-content\/uploads\/2019\/02\/mainz7.jpg 640w, https:\/\/schulebza.de\/gymnasium\/wp-content\/uploads\/2019\/02\/mainz7-300x200.jpg 300w, https:\/\/schulebza.de\/gymnasium\/wp-content\/uploads\/2019\/02\/mainz7-570x380.jpg 570w, https:\/\/schulebza.de\/gymnasium\/wp-content\/uploads\/2019\/02\/mainz7-380x254.jpg 380w, https:\/\/schulebza.de\/gymnasium\/wp-content\/uploads\/2019\/02\/mainz7-285x190.jpg 285w\" sizes=\"(max-width: 640px) 100vw, 640px\" \/><\/div>\n<div style=\"text-align: center;\"><i><span style=\"font-size: 9pt; line-height: 115%; font-family: 'Arial', sans-serif;\">Gruppenbild mit Ministerpr\u00e4sidentin Malu Dreyer, Alexander Schweitzer und Dr. Volker Wissing<\/span><\/i><\/div>\n<p><span style=\"font-size: 10pt; line-height: 115%; font-family: 'Arial', sans-serif;\">In ihren abschlie\u00dfenden Worten brachte Christine Ehrhardt, die die Gruppe auch am Nachmittag begleitete und auch das Gespr\u00e4ch mit den Abgeordneten moderiert hatte, ihre Bewunderung f\u00fcr die gesamte Sch\u00fclergruppe zum Ausdruck, die sich so engagiert, interessiert und aufmerksam \u00fcber den gesamten Tag hinweg gezeigt hatte. <\/span><\/p>\n<p><span style=\"font-size: 10pt; line-height: 115%; font-family: 'Arial', sans-serif;\">Im Namen aller Teilnehmer an diesem Tagesseminar dankte Schulleiter Pete Allmann den anwesenden Politikern und Christine Ehrhardt von der Landtagsverwaltung f\u00fcr die Einladung nach Mainz und diesen erlebnisreichen und informativen Besuchstag, der bei allen in nachhaltiger Erinnerung bleiben werde. <\/span><\/p>\n<p>&nbsp;<\/p>\n<div><img decoding=\"async\" class=\" size-full wp-image-4639\" style=\"display: block; margin-left: auto; margin-right: auto;\" src=\"http:\/\/schulebza.de\/gymnasiumneu\/wp-content\/uploads\/2019\/02\/mainz8.jpg\" alt=\"mainz8\" width=\"640\" height=\"426\" srcset=\"https:\/\/schulebza.de\/gymnasium\/wp-content\/uploads\/2019\/02\/mainz8.jpg 640w, https:\/\/schulebza.de\/gymnasium\/wp-content\/uploads\/2019\/02\/mainz8-300x200.jpg 300w, https:\/\/schulebza.de\/gymnasium\/wp-content\/uploads\/2019\/02\/mainz8-570x380.jpg 570w, https:\/\/schulebza.de\/gymnasium\/wp-content\/uploads\/2019\/02\/mainz8-380x254.jpg 380w, https:\/\/schulebza.de\/gymnasium\/wp-content\/uploads\/2019\/02\/mainz8-285x190.jpg 285w\" sizes=\"(max-width: 640px) 100vw, 640px\" \/><\/div>\n<div style=\"text-align: center;\"><i><span style=\"font-size: 9pt; line-height: 115%; font-family: 'Arial', sans-serif;\">Schulleiter Pete Allmann dankt Alexander Schweitzer f\u00fcr sein Engagement und die Einladung nach Mainz<\/span><\/i><\/div>\n<p><span style=\"font-size: 10pt; line-height: 115%; font-family: 'Arial', sans-serif;\">Besonderer Dank geb\u00fchrt an dieser Stelle noch einmal Alexander Schweitzer, der durch sein beharrliches Engagement diese Fahrt und die Ausstellung der Sch\u00fclerplakate im Mainzer Landtag erst erm\u00f6glicht hat. <\/span><\/p>\n<p><span style=\"font-size: 10pt; line-height: 115%; font-family: 'Arial', sans-serif;\">Die Plakatausstellung zur Bergzaberner Republik ist noch bis zum 7. M\u00e4rz 2019 in der Lobby des Mainzer Landtages im Landesmuseum, Gro\u00dfe Bleiche 49, Mainz zu sehen.<\/span><\/p>\n<p><span style=\"font-size: 10pt; line-height: 115%; font-family: 'Arial', sans-serif;\">OStR Stefan Bingler<\/span><\/p>\n","protected":false},"excerpt":{"rendered":"<p>\u201eDas war ein echt cooler Tag!\u201c, so lautete nach ihrer R\u00fcckkehr aus Mainz die einhellige Meinung der Fahrtteilnehmer aus dem LK Geschichte. Anlass f\u00fcr diese Fahrt am 21. Februar 2019 in die Landeshauptstadt war die f\u00fcr diesen Tag geplante Er\u00f6ffnung einer Ausstellung mit wissenschaftlichen Postern zur \u201eBergzaberner Republik 1792\/93\u201c in der Lobby des Mainzer Landtages,&#8230;<\/p>\n<p class=\"more-link\"><a href=\"https:\/\/schulebza.de\/gymnasium\/2019\/02\/24\/besuch-im-landtag\/\" class=\"\"><span>Weiterlesen<\/span><i>&#43;<\/i><\/a><\/p>\n","protected":false},"author":1,"featured_media":0,"comment_status":"closed","ping_status":"closed","sticky":false,"template":"","format":"standard","meta":{"footnotes":""},"categories":[575],"tags":[],"class_list":["post-4640","post","type-post","status-publish","format-standard","hentry","category-allgemeine-info-ueber-unsere-schule-unser-gymnasium-in-bad-bergzabern-heute"],"_links":{"self":[{"href":"https:\/\/schulebza.de\/gymnasium\/wp-json\/wp\/v2\/posts\/4640","targetHints":{"allow":["GET"]}}],"collection":[{"href":"https:\/\/schulebza.de\/gymnasium\/wp-json\/wp\/v2\/posts"}],"about":[{"href":"https:\/\/schulebza.de\/gymnasium\/wp-json\/wp\/v2\/types\/post"}],"author":[{"embeddable":true,"href":"https:\/\/schulebza.de\/gymnasium\/wp-json\/wp\/v2\/users\/1"}],"replies":[{"embeddable":true,"href":"https:\/\/schulebza.de\/gymnasium\/wp-json\/wp\/v2\/comments?post=4640"}],"version-history":[{"count":4,"href":"https:\/\/schulebza.de\/gymnasium\/wp-json\/wp\/v2\/posts\/4640\/revisions"}],"predecessor-version":[{"id":4688,"href":"https:\/\/schulebza.de\/gymnasium\/wp-json\/wp\/v2\/posts\/4640\/revisions\/4688"}],"wp:attachment":[{"href":"https:\/\/schulebza.de\/gymnasium\/wp-json\/wp\/v2\/media?parent=4640"}],"wp:term":[{"taxonomy":"category","embeddable":true,"href":"https:\/\/schulebza.de\/gymnasium\/wp-json\/wp\/v2\/categories?post=4640"},{"taxonomy":"post_tag","embeddable":true,"href":"https:\/\/schulebza.de\/gymnasium\/wp-json\/wp\/v2\/tags?post=4640"}],"curies":[{"name":"wp","href":"https:\/\/api.w.org\/{rel}","templated":true}]}}