{"id":4626,"date":"2019-02-05T06:46:20","date_gmt":"2019-02-05T05:46:20","guid":{"rendered":"http:\/\/schulebza.de\/gymnasiumneu\/2019\/02\/05\/elternbrief-jan-2019\/"},"modified":"2019-03-31T15:59:54","modified_gmt":"2019-03-31T13:59:54","slug":"elternbrief-jan-2019","status":"publish","type":"post","link":"https:\/\/schulebza.de\/gymnasium\/2019\/02\/05\/elternbrief-jan-2019\/","title":{"rendered":"Elternbrief Jan 2019"},"content":{"rendered":"<p>Die Zeugnisse sind geschrieben und verteilt und das schriftliche Abitur ist reibungslos \u00fcber die B\u00fchne gegangen.<\/p>\n<p>Unseren Tag der offenen T\u00fcren haben wir gemeinsam am zur\u00fcckliegenden Wochenende mit Bravour gestemmt: Ich danke Euch und Ihnen allen aufrichtig f\u00fcr M\u00fche und Herzblut bei dieser allj\u00e4hrlichen Investition in die Zukunft.<\/p>\n<p>Nachdem ich letzte Woche zusammen mit meinen Schulleitungs-Teamern auf Selbstverst\u00e4ndlichkeiten im Zusammenhang mit Respekt, Nachhaltigkeit und Anstand, was das Auftreten und Verhalten auf dem Schulgel\u00e4nde betrifft, gesondert hingewiesen habe, hier nun traditionell die Mitteilungen zum Halbjahreswechsel.<\/p>\n<p>Zum zweiten Halbjahr 2018\/2019 verl\u00e4sst uns Herr Studiendirektor Roland Klein mit einer befristeten Abordnung zum Schulverwaltungsprogramm-Team des Ministeriums \u2013 f\u00fcr ihn wird Frau Hanna Schied mit einer Planstelle eingestellt hier bei uns mit den F\u00e4chern Physik und Mathematik: wir begr\u00fc\u00dfen sie herzlich in unserer Mitte und w\u00fcnschen Herrn Studiendirektor Klein viel Kraft f\u00fcr die Arbeit in Speyer.<!--more--><\/p>\n<p>Wieder hat mich unser Weihnachtskonzert am Dienstag vor den Weihnachtsferien sehr beeindruckt, tief bewegt und sehr stolz gemacht: Was unsere Fachschaft Musik da zu leisten und mit unseren Kindern auf den Weg zu bringen vermag ist vorbildlich und hat gro\u00dfe Ausstrahlung.<\/p>\n<p>Herzliche Gratulation an unsere eTwinning-Engagierten aus dem Fachbereich Franz\u00f6sisch, die am Deutsch-Franz\u00f6sischen-Freundschaftstag in unserem Foyer feierlich zum wiederholten Mal mit dem TeleTandem-F\u00f6rderpreis des Deutsch-Franz\u00f6sischen Jugendwerks ausgezeichnet wurden. Zum zweiten Mal in Folge erhielten wir auf diesem Wege auch das eTwinning Qualit\u00e4tssiegel.<\/p>\n<p>Wir freuen uns sehr mit unserer Elftkl\u00e4sslerin Lucia Engel, die am 12.01.2019 in der Landauer Festhalle zur s\u00fcdpf\u00e4lzischen Sportlerin des Jahres 2018 gek\u00fcrt wurde.<\/p>\n<p>Nun der Blick nach vorn: Bitte beachten Sie, dass unsere Ausgleichstage am Freitag, den 15.02.2019 und am Montag, den 17.06.2019 liegen. Am Freitag, den 22.02.2019 starten wir nach der 10. Stunde in die Winterferien bis einschlie\u00dflich Faschingsdienstag am 05.03.2019<\/p>\n<p>Am Mittwoch, den 04.04.2019 findet ein weiteres <i>Aulagespr\u00e4ch<\/i> statt: Unser SEB initiiert und organisiert dieses zum Thema \u00b4Gesunde Ern\u00e4hrung\u00b4 und wird gesondert dazu einladen.<\/p>\n<p><span style=\"font-size: 12pt; line-height: 107%; font-family: 'Calibri', sans-serif; color: black;\">Wir freuen uns alle sehr auf einen ereignisreichen Schul-Juni hier bei uns: Zuerst kommen zum feierlichen Abschluss ab Pfingsten alle unsere europ\u00e4ischen Schulpartner zu uns zur Erasmus-Projekt-Abschlusswoche, an deren Ende sowohl ein Begegnungsabend (14.06.2019) und unser <\/span>gro\u00dfes Schulfest (15.06.2019) steht mit unserem Ehrengast, Schulnamensgeber Alfred Grosser, der seinen neuerlichen Besuch bei uns hier fest zugesagt hat. In der Folgewoche findet dann auch zum 4. Mal unser gro\u00dfer Schultriathlon statt.<\/p>\n<p>Nach fast 3 Jahren intensiven Austauschs miteinander in allen Schulgremien werden wir vor Ostern unser \u00fcberarbeitetes Schulprogramm in der Gesamtkonferenz verabschieden, in den Klassen und Kursen besprechen und im Anschluss auf unserer Homepage ver\u00f6ffentlichen.<\/p>\n<p>Unsere \u00a0Email-Kontaktadressen \u00a0setzen sich zusammen\u00a0aus <span style=\"text-decoration: underline;\"><span style=\"color: #0563c1;\"><a href=\"mailto:vorname.nachname@schulebza.de\">vorname.nachname@schulebza.de<\/a><\/span><\/span><\/p>\n<p>Unseren Abiturientinnen und Abiturienten viel Gl\u00fcck und Erfolg f\u00fcr die abschlie\u00dfenden Pr\u00fcfungen im M\u00e4rz: Unser M\u00fcndliches Abitur findet statt am 21. und 22.03.2019, an diesen Tagen ist unterrichtsfrei wie immer.<\/p>\n<p>Ich w\u00fcnsche Ihnen &amp; Euch, uns allen, frohe Tage auch im zweiten Schulhalbjahr 2018\/2019, viel Kraft und Gesundheit und wie immer &#8211; von Herzen freue ich mich auf jede Begegnung, jedes Gespr\u00e4ch miteinander.<\/p>\n<p>Schulleiter am Gymnasium im Alfred-Grosser-Schulzentrum Bad Bergzabern<\/p>\n<p>Ihr Pete Allmann<\/p>\n<p>&nbsp;<\/p>\n","protected":false},"excerpt":{"rendered":"<p>Liebe Schulgemeinschaft,<\/p>\n<p>herzlich gr\u00fc\u00dfe ich Sie und Euch alle zum neuen Jahr und zur Halbjahresz\u00e4sur im Schuljahr 2018\/2019.<\/p>\n","protected":false},"author":1,"featured_media":0,"comment_status":"closed","ping_status":"closed","sticky":false,"template":"","format":"standard","meta":{"footnotes":""},"categories":[544],"tags":[],"class_list":["post-4626","post","type-post","status-publish","format-standard","hentry","category-elternbriefe"],"_links":{"self":[{"href":"https:\/\/schulebza.de\/gymnasium\/wp-json\/wp\/v2\/posts\/4626","targetHints":{"allow":["GET"]}}],"collection":[{"href":"https:\/\/schulebza.de\/gymnasium\/wp-json\/wp\/v2\/posts"}],"about":[{"href":"https:\/\/schulebza.de\/gymnasium\/wp-json\/wp\/v2\/types\/post"}],"author":[{"embeddable":true,"href":"https:\/\/schulebza.de\/gymnasium\/wp-json\/wp\/v2\/users\/1"}],"replies":[{"embeddable":true,"href":"https:\/\/schulebza.de\/gymnasium\/wp-json\/wp\/v2\/comments?post=4626"}],"version-history":[{"count":1,"href":"https:\/\/schulebza.de\/gymnasium\/wp-json\/wp\/v2\/posts\/4626\/revisions"}],"predecessor-version":[{"id":4684,"href":"https:\/\/schulebza.de\/gymnasium\/wp-json\/wp\/v2\/posts\/4626\/revisions\/4684"}],"wp:attachment":[{"href":"https:\/\/schulebza.de\/gymnasium\/wp-json\/wp\/v2\/media?parent=4626"}],"wp:term":[{"taxonomy":"category","embeddable":true,"href":"https:\/\/schulebza.de\/gymnasium\/wp-json\/wp\/v2\/categories?post=4626"},{"taxonomy":"post_tag","embeddable":true,"href":"https:\/\/schulebza.de\/gymnasium\/wp-json\/wp\/v2\/tags?post=4626"}],"curies":[{"name":"wp","href":"https:\/\/api.w.org\/{rel}","templated":true}]}}