{"id":4575,"date":"2018-08-22T06:20:01","date_gmt":"2018-08-22T04:20:01","guid":{"rendered":"http:\/\/schulebza.de\/gymnasiumneu\/2018\/08\/22\/leben-auf-der-flucht\/"},"modified":"2018-08-22T06:20:01","modified_gmt":"2018-08-22T04:20:01","slug":"leben-auf-der-flucht","status":"publish","type":"post","link":"https:\/\/schulebza.de\/gymnasium\/2018\/08\/22\/leben-auf-der-flucht\/","title":{"rendered":"ERASMUS: Leben auf der Flucht"},"content":{"rendered":"<p><img decoding=\"async\" class=\" alignleft size-full wp-image-4574\" style=\"margin-right: 5px; margin-bottom: 5px; float: left;\" src=\"http:\/\/schulebza.de\/gymnasiumneu\/wp-content\/uploads\/2018\/08\/Ausstellung_Erasmus.jpg\" alt=\"Ausstellung Erasmus\" width=\"375\" height=\"500\" srcset=\"https:\/\/schulebza.de\/gymnasium\/wp-content\/uploads\/2018\/08\/Ausstellung_Erasmus.jpg 480w, https:\/\/schulebza.de\/gymnasium\/wp-content\/uploads\/2018\/08\/Ausstellung_Erasmus-225x300.jpg 225w\" sizes=\"(max-width: 375px) 100vw, 375px\" \/> <\/p>\n<div style=\"text-align: justify;\"><span style=\"font-family: arial, helvetica, sans-serif; font-size: 10pt;\">Wie fl\u00fcchtet man aus Syrien, aus Somalia, aus Afghanistan nach Deutschland? Wie lebt man als &#8222;Fl\u00fcchtling&#8220; in Westdeutschland, wenn man aus Russland oder aus der ehemaligen DDR kam? Das haben Sch\u00fclerinnen und Sch\u00fcler des Gymnasiums im Alfred-Grosser-Schulzentrum Frauen und M\u00e4nner aus diesen L\u00e4ndern gefragt. Sie haben die Lebenswege auf Plakaten dokumentiert, die alle Interessierten in einer kostenlosen Ausstellung im Schloss Bad Bergzabern besichtigen k\u00f6nnen. Au\u00dferdem sind ihre k\u00fcnstlerischen Arbeiten zu diesen Interviews zu sehen.<\/span><\/div>\n<div style=\"text-align: justify;\"><span style=\"font-family: arial, helvetica, sans-serif; font-size: 10pt;\"><br \/>Die Ausstellung wird am Mittwoch, dem 5. September um 16 Uhr er\u00f6ffnet und ist dann noch bis zum 21. September in den R\u00e4umen des B\u00fcrgerb\u00fcros der Verbandsgemeinde Bad Bergzabern zu den \u00fcblichen \u00d6ffnungszeiten zu sehen (montags und mittwochs, 8-14 Uhr, dienstags und donnerstags 8 bis 18 Uhr und freitags von 7:30 Uhr bis 13 Uhr).<\/span><\/div>\n<div style=\"text-align: justify;\"><span style=\"font-family: arial, helvetica, sans-serif; font-size: 10pt;\"><br \/>Die Ausstellung ist Teil des internationalen Jugendaustauschs \u201eErasmus&#8220;, der von der EU gef\u00f6rdert wird und in dessen Rahmen sich Jugendliche aus Polen, Litauen, Italien und Deutschland zwei Jahre lang mit der Frage besch\u00e4ftigen: \u201eF\u00fcr und wider die Willkommenskultur in Europa. Warum gehen unsere L\u00e4nder so unterschiedlich mit den Fl\u00fcchtlingen um?&#8220;<\/span><\/div>\n<div style=\"text-align: justify;\"><span style=\"font-family: arial, helvetica, sans-serif; font-size: 10pt;\"><span style=\"font-family: arial, helvetica, sans-serif; font-size: 10pt;\"><br \/>Jede und jeder der Gefl\u00fcchteten hat v\u00f6llig andere Geschichten zu erz\u00e4hlen: Die eine Familie kam mit dem Flugzeug, andere mussten das Boot benutzen; manche helfen mittlerweile selbst bei der Integration; viele haben typisches Essen aus ihrer Heimat vorgestellt und uns von wunderbaren Helferinnen und Helfern berichtet, manche haben aber auch erz\u00e4hlt, dass sie zwischen allen St\u00fchlen sitzen. Kommt vorbei und macht euch selbst ein Bild!<\/p>\n<p><a href=\"index.php?option=com_content&amp;view=category&amp;layout=blog&amp;id=232&amp;Itemid=398\">Weitere Informationen gibt es auf unserer ERASMUS-Seite.<\/a><br \/><\/span><\/span><\/p>\n<hr \/>\n<p><span style=\"font-family: arial, helvetica, sans-serif; font-size: 10pt;\">&nbsp;<\/span><\/div>\n","protected":false},"excerpt":{"rendered":"<p>Sch\u00fcler und Sch\u00fclerinnen des Gymnasiums im Alfred-Grosser-Schulzentrum Bad Bergzabern stellen in einer Ausstellung im Schloss Bad Bergzabern Gefl\u00fcchtete vor<\/p>\n","protected":false},"author":1,"featured_media":0,"comment_status":"closed","ping_status":"closed","sticky":false,"template":"","format":"standard","meta":{"footnotes":""},"categories":[660],"tags":[],"class_list":["post-4575","post","type-post","status-publish","format-standard","hentry","category-erasmus"],"_links":{"self":[{"href":"https:\/\/schulebza.de\/gymnasium\/wp-json\/wp\/v2\/posts\/4575","targetHints":{"allow":["GET"]}}],"collection":[{"href":"https:\/\/schulebza.de\/gymnasium\/wp-json\/wp\/v2\/posts"}],"about":[{"href":"https:\/\/schulebza.de\/gymnasium\/wp-json\/wp\/v2\/types\/post"}],"author":[{"embeddable":true,"href":"https:\/\/schulebza.de\/gymnasium\/wp-json\/wp\/v2\/users\/1"}],"replies":[{"embeddable":true,"href":"https:\/\/schulebza.de\/gymnasium\/wp-json\/wp\/v2\/comments?post=4575"}],"version-history":[{"count":0,"href":"https:\/\/schulebza.de\/gymnasium\/wp-json\/wp\/v2\/posts\/4575\/revisions"}],"wp:attachment":[{"href":"https:\/\/schulebza.de\/gymnasium\/wp-json\/wp\/v2\/media?parent=4575"}],"wp:term":[{"taxonomy":"category","embeddable":true,"href":"https:\/\/schulebza.de\/gymnasium\/wp-json\/wp\/v2\/categories?post=4575"},{"taxonomy":"post_tag","embeddable":true,"href":"https:\/\/schulebza.de\/gymnasium\/wp-json\/wp\/v2\/tags?post=4575"}],"curies":[{"name":"wp","href":"https:\/\/api.w.org\/{rel}","templated":true}]}}