{"id":4549,"date":"2018-06-21T17:55:03","date_gmt":"2018-06-21T15:55:03","guid":{"rendered":"http:\/\/schulebza.de\/gymnasiumneu\/2018\/06\/21\/wer-schaut-denn-schon-arte\/"},"modified":"2018-06-21T17:55:03","modified_gmt":"2018-06-21T15:55:03","slug":"wer-schaut-denn-schon-arte","status":"publish","type":"post","link":"https:\/\/schulebza.de\/gymnasium\/2018\/06\/21\/wer-schaut-denn-schon-arte\/","title":{"rendered":"Wer schaut denn schon ARTE?"},"content":{"rendered":"<\/div>\n<div style=\"text-align: justify;\"><span style=\"font-family: arial, helvetica, sans-serif; font-size: 10pt;\"><br \/>Am 17. Mai besuchten wir, die Klasse 10D des Alfred Grosser Gymnasiums, begleitet von unserer Klassenleiterin und Deutschlehrerin Frau Kliewer und unserer Franz\u00f6sischlehrerin Frau Herz, die Zentrale von ARTE in Stra\u00dfburg, auch ARTE GEIE genannt. Doch zun\u00e4chst einmal: Was genau ist ARTE eigentlich und wof\u00fcr steht das Akronym?<\/p>\n<p><\/span><\/div>\n<div style=\"text-align: justify;\"><span style=\"font-family: arial, helvetica, sans-serif; font-size: 10pt;\">ARTE bedeutet \u201eAssociation relative \u00e0 la t\u00e9l\u00e9vision europ\u00e9enne&#8220;, \u00fcbersetzt hei\u00dft das etwa \u201eZusammenschluss bez\u00fcglich des europ\u00e4ischen Fernsehens&#8220;, und beschreibt treffend die Hauptaufgabe des Kulturkanals: Der deutsch-franz\u00f6sische Fernsehsender soll nicht nur die Freundschaft der beiden L\u00e4nder st\u00e4rken, sondern auch die aller europ\u00e4ischen L\u00e4nder. Dies will ARTE durch Dokumentationen (40% des Programms), aber auch durch sonst sehr abwechslungsreiches Programm und Tagesnachrichten aus der europ\u00e4ischen Perspektive (Arte Journal) erreichen. Doch zur\u00fcck zum Ausflug.<\/p>\n<p><\/span><\/div>\n<div style=\"text-align: justify;\"><span style=\"font-family: arial, helvetica, sans-serif; font-size: 10pt;\">Das Geb\u00e4ude von ARTE befindet sich in direkter N\u00e4he zu den Europ\u00e4ischen Institutionen (Europaparlament, Europ\u00e4ischer Gerichtshof, etc.) Es ist ein moderner Glasbau aus dem Jahr 2003. Innen gibt es mehrere Etagen mit durchsichtigen Glasw\u00e4nden, durch die man in einige der B\u00fcros schauen konnte. Nicht weit von der Treppe hingen etwas abseits zwei Fernseher, auf denen gerade ARTE lief. Ich wunderte mich, wieso ein- und dieselbe Sendung scheinbar zeitlich verschoben ausgestrahlt wurde. Sp\u00e4ter erfuhr ich, dass das an den kulturellen Unterschieden zwischen Frankreich und Deutschland lag, z.B. isst man in Deutschland fr\u00fcher zu Abend als in Frankreich, weshalb das Hauptabendprogramm in Deutschland um 20:15 Uhr beginnt, in Frankreich um 20:40 Uhr oder noch sp\u00e4ter.<\/p>\n<p><\/span><\/div>\n<div style=\"text-align: justify;\"><span style=\"font-family: arial, helvetica, sans-serif; font-size: 10pt;\">Wir gingen die Treppe hoch und betraten eine Art kleinen Kinosaal. Dort warteten zwei ARTE- Mitarbeiter schon auf uns. Beide stellten sich vor. Yuna Mathan, die f\u00fcr die \u00d6ffentlichkeitsarbeit zust\u00e4ndig ist, erkl\u00e4rte uns die interne Struktur von ARTE. ARTE besteht aus dem Hauptsitz ARTE GEIE in Stra\u00dfburg und den beiden anderen Mitgliedern Arte France und Arte Deutschland GmbH, welche jeweils 40% des Programms liefern. Die Zentrale und andere mit ARTE kooperierende Sender liefern die restlichen 20%. Die beiden Mitglieder sind auch f\u00fcr die Kontrolle der Zentrale und f\u00fcr die Finanzierung des Senders verantwortlich, welche durch den in beiden L\u00e4ndern erhobenen Rundfunkbeitrag oder durch Sponsoring erfolgt.<\/p>\n<p><\/span><\/div>\n<div style=\"text-align: justify;\"><span style=\"font-family: arial, helvetica, sans-serif; font-size: 10pt;\">Uns wurden zwei Dokumentationen vorgestellt. Die erste, die wir uns anschauen durften, handelte von (der Musikrichtung) Metal in Indonesien. Das ist und war lange Zeit ein schwieriges Thema dort, vor allem weil das Land sehr muslimisch gepr\u00e4gt ist und die Musik lange als teuflisch galt. Am meisten hat mich eine Szene am Anfang der Dokumentation erstaunt, in der die Jugendlichen nach einem Metal-Konzert gleich in die Moschee gingen. Sie sagten, dass Religion und Musik f\u00fcr sie zwei verschiedene Lebensbereiche seien.<\/p>\n<p><\/span><\/div>\n<div style=\"text-align: justify;\"><span style=\"font-family: arial, helvetica, sans-serif; font-size: 10pt;\">Die zweite Dokumentation ging \u00fcber die problematische Situation in Angola. In der Hauptstadt wohnen viele der Reichsten, auf dem Land die Armen. Dass die dortige korrupte Geheimpolizei ohne Grund junge Leute auf der Stra\u00dfe erschossen hatte, war schockierend. Danach erz\u00e4hlte der Leiter der Reportageabteilung Uwe Lothar M\u00fcller von den Problemen, die es dort am letzten Drehtag gab. Denn eigentlich ist es dort f\u00fcr Ausl\u00e4nder verboten zu filmen und der Journalist ging dabei ein gro\u00dfes Risiko ein, er h\u00e4tte n\u00e4mlich auch inhaftiert werden k\u00f6nnen, doch gl\u00fccklicherweise konnte die Polizei, die zwischenzeitlich seine Kamera eingezogen hatte, von der Harmlosigkeit der Aufnahmen \u00fcberzeugt werden.<\/p>\n<p><\/span><\/div>\n<div><span style=\"font-family: arial, helvetica, sans-serif; font-size: 10pt;\">Anschlie\u00dfend durften wir noch Fragen stellen. M\u00fcller erkl\u00e4rte, dass in der Zentrale 424 Mitglieder fest angestellt arbeiten, und dass neun europ\u00e4ische Sender mit ARTE zusammenarbeiten, n\u00e4mlich RTE in Irland, RTBF in Belgien, YLE in Finnland, TVP in Polen, CT in Tschechien, SSR SRG in der Schweiz und RAI COM in Italien.<\/p>\n<p><img decoding=\"async\" class=\" size-full wp-image-4548\" style=\"display: block; margin-left: auto; margin-right: auto;\" src=\"http:\/\/schulebza.de\/gymnasiumneu\/wp-content\/uploads\/2018\/06\/ARTE_18.jpg\" alt=\"ARTE 18\" width=\"640\" height=\"426\" srcset=\"https:\/\/schulebza.de\/gymnasium\/wp-content\/uploads\/2018\/06\/ARTE_18.jpg 640w, https:\/\/schulebza.de\/gymnasium\/wp-content\/uploads\/2018\/06\/ARTE_18-300x200.jpg 300w, https:\/\/schulebza.de\/gymnasium\/wp-content\/uploads\/2018\/06\/ARTE_18-570x380.jpg 570w, https:\/\/schulebza.de\/gymnasium\/wp-content\/uploads\/2018\/06\/ARTE_18-380x254.jpg 380w, https:\/\/schulebza.de\/gymnasium\/wp-content\/uploads\/2018\/06\/ARTE_18-285x190.jpg 285w\" sizes=\"(max-width: 640px) 100vw, 640px\" \/><\/p>\n<p><\/span><\/div>\n<div style=\"text-align: justify;\"><span style=\"font-family: arial, helvetica, sans-serif; font-size: 10pt;\">Danach kam Kay Meseberg , der uns die ARTE 360\u00b0-Virtual Reality- Sendungen vorstellte. Ich denke, das war f\u00fcr uns das Spannendste, denn er hatte VR-Brillen mitgenommen, auf denen wir mit einem Handy dreidimensionale Sendungen sehen konnten. Er zeigte uns, dass diese im Internet auf der Seite &#8222;ARTE 360 VR&#8220; zu finden sind. Die beiden VR-Brillen wurden nacheinander durchgereicht, viele waren erstaunt und haben gelacht. Fabian Schiffelholz, der f\u00fcr die Social-Media Pr\u00e4senz des Senders zust\u00e4ndig ist, war der n\u00e4chste Referent. Er erkl\u00e4rte uns, dass nicht nur ARTE, sondern auch die meisten anderen Fernsehsendern von \u00c4lteren geschaut werden (Altersdurchschnitt ist ca. 60 Jahre!), w\u00e4hrend soziale Medien wie z.B. Instagram oder Twitter haupts\u00e4chlich von jungen Leuten genutzt wird, und dass ARTE auch dort vertreten ist, um mehr (junge) Leute zu erreichen. Er zeigte uns noch verschiedene Daten und Fakten, und wir durften auch ihm noch Fragen stellen. Er sagte uns unter anderem, dass \u201eArte Journal Junior&#8220; eine Nachrichtensendung f\u00fcr Kinder von 10-14 Jahren ist, die um 7:35 Uhr ausgestrahlt wird und, wie andere Sendungen, auf der Internet-Seite Arte+7 zu finden ist, einer Mediathek, in der fast alle Sendungen eine Woche nach Ausstrahlung kostenlos zu sehen sind.<\/p>\n<p><\/span><\/div>\n<div style=\"text-align: justify;\"><span style=\"font-family: arial, helvetica, sans-serif; font-size: 10pt;\">Als ich wieder zu Hause war, schaute ich im Internet in der Mediathek nach, ob es etwas g\u00e4be, was ich mir gerne anschauen w\u00fcrde. Mich hat eine interessante Dokumentation angesprochen, in der es um M\u00f6glichkeiten ging, die durch Plastik verursachte globale Umweltverschmutzung einzud\u00e4mmen. Ich w\u00fcrde gerne wissen, ob das wirklich funktioniert und wenn ja, wie das die verschiedenen Wissenschaftler erreichen wollen. Ich entdeckte dabei, dass ARTE online noch mehr zu bieten hat: Arte Future ist eine Plattform, die die Zuschauer einl\u00e4dt, zusammen mit Experten verschiedene Lebensmodelle und Perspektiven zu diskutieren. Arte Creative pr\u00e4sentiert herausragende Arbeiten aus den Bereichen Kunst, Film, Popkultur, Design und Architektur. Arte Concert \u00fcbertr\u00e4gt live eine Auswahl aktueller B\u00fchnenkunst auf der dazugeh\u00f6rigen Internetseite, mit Arte Live kann man das ARTE-Programm live auf mobilen Ger\u00e4ten wie Smartphones oder Tablets ansehen.<\/p>\n<p><\/span><\/div>\n<div style=\"text-align: justify;\"><span style=\"font-family: arial, helvetica, sans-serif; font-size: 10pt;\">Ich pers\u00f6nlich schaute in den letzten zwei oder drei Jahren allgemein eher wenig Fernsehen, doch manchmal interessiere ich mich f\u00fcr Dokumentationen. Vielleicht werde ich mir nach dem Besuch bei ARTE mal wieder \u00f6fter einen Film im Fernsehen angucken&#8230;<\/span><\/div>\n<p> <\/p>\n<div style=\"text-align: right;\"><span style=\"font-family: arial, helvetica, sans-serif; font-size: 8pt;\">Alwina Kullmann (10d), KLI, 6\/18<\/span><\/div>\n<hr \/>\n","protected":false},"excerpt":{"rendered":"<div><span style=\"font-family: arial, helvetica, sans-serif; font-size: 10pt;\">Klassenausflug der 10d zum Hauptsitz von ARTE in Stra\u00dfburg<\/span><\/div>\n<div style=\"text-align: justify;\">\n","protected":false},"author":1,"featured_media":0,"comment_status":"closed","ping_status":"closed","sticky":false,"template":"","format":"standard","meta":{"footnotes":""},"categories":[511],"tags":[],"class_list":["post-4549","post","type-post","status-publish","format-standard","hentry","category-aktuelle-berichte-ereignisse-aus-dem-schulleben"],"_links":{"self":[{"href":"https:\/\/schulebza.de\/gymnasium\/wp-json\/wp\/v2\/posts\/4549","targetHints":{"allow":["GET"]}}],"collection":[{"href":"https:\/\/schulebza.de\/gymnasium\/wp-json\/wp\/v2\/posts"}],"about":[{"href":"https:\/\/schulebza.de\/gymnasium\/wp-json\/wp\/v2\/types\/post"}],"author":[{"embeddable":true,"href":"https:\/\/schulebza.de\/gymnasium\/wp-json\/wp\/v2\/users\/1"}],"replies":[{"embeddable":true,"href":"https:\/\/schulebza.de\/gymnasium\/wp-json\/wp\/v2\/comments?post=4549"}],"version-history":[{"count":0,"href":"https:\/\/schulebza.de\/gymnasium\/wp-json\/wp\/v2\/posts\/4549\/revisions"}],"wp:attachment":[{"href":"https:\/\/schulebza.de\/gymnasium\/wp-json\/wp\/v2\/media?parent=4549"}],"wp:term":[{"taxonomy":"category","embeddable":true,"href":"https:\/\/schulebza.de\/gymnasium\/wp-json\/wp\/v2\/categories?post=4549"},{"taxonomy":"post_tag","embeddable":true,"href":"https:\/\/schulebza.de\/gymnasium\/wp-json\/wp\/v2\/tags?post=4549"}],"curies":[{"name":"wp","href":"https:\/\/api.w.org\/{rel}","templated":true}]}}