{"id":4519,"date":"2018-03-07T10:33:35","date_gmt":"2018-03-07T09:33:35","guid":{"rendered":"http:\/\/schulebza.de\/gymnasiumneu\/2018\/03\/07\/erfolge-im-regionalwettbewerb-jugend-debattiert\/"},"modified":"2018-03-07T10:33:35","modified_gmt":"2018-03-07T09:33:35","slug":"erfolge-im-regionalwettbewerb-jugend-debattiert","status":"publish","type":"post","link":"https:\/\/schulebza.de\/gymnasium\/2018\/03\/07\/erfolge-im-regionalwettbewerb-jugend-debattiert\/","title":{"rendered":"Erfolge im Regionalwettbewerb &#8222;Jugend debattiert&#8220;"},"content":{"rendered":"\n<div><img decoding=\"async\" class=\" size-full wp-image-4517\" style=\"display: block; margin-left: auto; margin-right: auto;\" src=\"http:\/\/schulebza.de\/gymnasiumneu\/wp-content\/uploads\/2018\/03\/JD_reg_18_2.jpg\" alt=\"JD reg 18 2\" width=\"640\" height=\"427\" srcset=\"https:\/\/schulebza.de\/gymnasium\/wp-content\/uploads\/2018\/03\/JD_reg_18_2.jpg 640w, https:\/\/schulebza.de\/gymnasium\/wp-content\/uploads\/2018\/03\/JD_reg_18_2-300x200.jpg 300w, https:\/\/schulebza.de\/gymnasium\/wp-content\/uploads\/2018\/03\/JD_reg_18_2-570x380.jpg 570w, https:\/\/schulebza.de\/gymnasium\/wp-content\/uploads\/2018\/03\/JD_reg_18_2-380x254.jpg 380w, https:\/\/schulebza.de\/gymnasium\/wp-content\/uploads\/2018\/03\/JD_reg_18_2-285x190.jpg 285w\" sizes=\"(max-width: 640px) 100vw, 640px\" \/><\/div>\n<p> <\/p>\n<div style=\"text-align: justify;\"><span style=\"font-family: arial, helvetica, sans-serif; font-size: 10pt;\">Luca Kuntz (MSS 12), die kurzfristig eingesprungen war, schaffte es in der MSS auf Anhieb ins Finale, wo sie leider den st\u00e4rkeren Kontrahentinnen vom Germersheimer Goethe Gymnasium in der Debatte \u201eSollen in stark belasteten Gro\u00dfst\u00e4dten Diesel-Fahrverbote erlassen werden?&#8220;, unterlag. Dennoch: eine anerkennenswerte Leistung. Herzlichen Gl\u00fcckwunsch und Hut ab!<\/span><\/div>\n<p> <\/p>\n<div><img decoding=\"async\" class=\" size-full wp-image-4518\" style=\"display: block; margin-left: auto; margin-right: auto;\" src=\"http:\/\/schulebza.de\/gymnasiumneu\/wp-content\/uploads\/2018\/03\/JD_reg_18_1.jpg\" alt=\"JD reg 18 1\" width=\"640\" height=\"427\" srcset=\"https:\/\/schulebza.de\/gymnasium\/wp-content\/uploads\/2018\/03\/JD_reg_18_1.jpg 640w, https:\/\/schulebza.de\/gymnasium\/wp-content\/uploads\/2018\/03\/JD_reg_18_1-300x200.jpg 300w, https:\/\/schulebza.de\/gymnasium\/wp-content\/uploads\/2018\/03\/JD_reg_18_1-570x380.jpg 570w, https:\/\/schulebza.de\/gymnasium\/wp-content\/uploads\/2018\/03\/JD_reg_18_1-380x254.jpg 380w, https:\/\/schulebza.de\/gymnasium\/wp-content\/uploads\/2018\/03\/JD_reg_18_1-285x190.jpg 285w\" sizes=\"(max-width: 640px) 100vw, 640px\" \/><\/div>\n<p> <\/p>\n<div style=\"text-align: justify;\"><span style=\"font-family: arial, helvetica, sans-serif; font-size: 10pt;\">F\u00fcr die Sekundarstufe I vertraten Julian Maisch (Kl. 9 b) und Vivien Deusch (Kl. 10 d) die Pro-Positionen in der Debatte: \u201eSoll Video\u00fcberwachung auf Bahnh\u00f6fen mit automatisierter Gesichtserkennung ausgestattet werden?&#8220;. W\u00e4hrend die Contra-Redner vor allem die Einschr\u00e4nkung der Grundrechte bem\u00e4ngelten, hoben Vivien und Julian die Sicherheit und Unversehrtheit des Einzelnen, die der Staat garantieren m\u00fcsse, hervor. Vor allem Vivien konnte durch konkrete Beispiele punkten und konnte sich so vor den Kontrahenten auf Platz 1 behaupten. Damit wird Vivien am 11. April in die Landesqualifikation gelangen, wo es erneut in zwei Vorrunden um den Einzug ins Finale im Landtag geht. Vorher darf sie aber ihren rhetorischen F\u00e4higkeiten noch in einem dreit\u00e4gigen Siegerseminar in Bingen den letzten Schliff geben.<\/span><\/div>\n<div style=\"text-align: justify;\"><span style=\"font-family: arial, helvetica, sans-serif; font-size: 10pt;\"><br \/>Herzlichen Gl\u00fcckwunsch! Wir freuen uns mit Dir und w\u00fcnschen Dir viel Erfolg!<\/span><\/div>\n<p> <\/p>\n<div style=\"text-align: right;\"><span style=\"font-family: arial, helvetica, sans-serif; font-size: 8pt;\">BEI, 3\/18<\/span><\/div>\n<hr \/>\n","protected":false},"excerpt":{"rendered":"<div style=\"text-align: justify;\"><span style=\"font-family: arial, helvetica, sans-serif; font-size: 10pt;\">Drei Sch\u00fclerInnen des Gymnasiums im Alfred Grosser Schulzentrum waren am 1. M\u00e4rz zum Europa Gymnasium nach W\u00f6rth gefahren, um sich dort f\u00fcr das Finale im Regionalwettbewerb \u201eJugend debattiert&#8220; zu qualifizieren. Kaum zu glauben, aber alle drei schafften diesen Sprung und konnten so ins Finale am Folgetag vorr\u00fccken.<\/span><\/div>\n","protected":false},"author":1,"featured_media":0,"comment_status":"closed","ping_status":"closed","sticky":false,"template":"","format":"standard","meta":{"footnotes":""},"categories":[511],"tags":[],"class_list":["post-4519","post","type-post","status-publish","format-standard","hentry","category-aktuelle-berichte-ereignisse-aus-dem-schulleben"],"_links":{"self":[{"href":"https:\/\/schulebza.de\/gymnasium\/wp-json\/wp\/v2\/posts\/4519","targetHints":{"allow":["GET"]}}],"collection":[{"href":"https:\/\/schulebza.de\/gymnasium\/wp-json\/wp\/v2\/posts"}],"about":[{"href":"https:\/\/schulebza.de\/gymnasium\/wp-json\/wp\/v2\/types\/post"}],"author":[{"embeddable":true,"href":"https:\/\/schulebza.de\/gymnasium\/wp-json\/wp\/v2\/users\/1"}],"replies":[{"embeddable":true,"href":"https:\/\/schulebza.de\/gymnasium\/wp-json\/wp\/v2\/comments?post=4519"}],"version-history":[{"count":0,"href":"https:\/\/schulebza.de\/gymnasium\/wp-json\/wp\/v2\/posts\/4519\/revisions"}],"wp:attachment":[{"href":"https:\/\/schulebza.de\/gymnasium\/wp-json\/wp\/v2\/media?parent=4519"}],"wp:term":[{"taxonomy":"category","embeddable":true,"href":"https:\/\/schulebza.de\/gymnasium\/wp-json\/wp\/v2\/categories?post=4519"},{"taxonomy":"post_tag","embeddable":true,"href":"https:\/\/schulebza.de\/gymnasium\/wp-json\/wp\/v2\/tags?post=4519"}],"curies":[{"name":"wp","href":"https:\/\/api.w.org\/{rel}","templated":true}]}}