{"id":4515,"date":"2018-03-02T10:22:46","date_gmt":"2018-03-02T09:22:46","guid":{"rendered":"http:\/\/schulebza.de\/gymnasiumneu\/2018\/03\/02\/rekordteilnahme-beim-jugend-forscht-regionalwettbewerb\/"},"modified":"2018-03-02T10:22:46","modified_gmt":"2018-03-02T09:22:46","slug":"rekordteilnahme-beim-jugend-forscht-regionalwettbewerb","status":"publish","type":"post","link":"https:\/\/schulebza.de\/gymnasium\/2018\/03\/02\/rekordteilnahme-beim-jugend-forscht-regionalwettbewerb\/","title":{"rendered":"Rekordteilnahme beim Jugend forscht Regionalwettbewerb"},"content":{"rendered":"<\/div>\n<div style=\"text-align: justify;\"><span style=\"font-family: arial, helvetica, sans-serif; font-size: 10pt;\">19 Sch\u00fclerinnen und Sch\u00fcler des Alfred Grosser Gymnasiums, Bad Bergzabern haben sich der Herausforderung der Regionalwettbewerbe gestellt.<\/span><\/div>\n<p> <\/p>\n<div><img decoding=\"async\" class=\" size-full wp-image-4510\" style=\"display: block; margin-left: auto; margin-right: auto;\" src=\"http:\/\/schulebza.de\/gymnasiumneu\/wp-content\/uploads\/2018\/03\/JF_18_1.jpg\" alt=\"JF 18 1\" width=\"640\" height=\"480\" srcset=\"https:\/\/schulebza.de\/gymnasium\/wp-content\/uploads\/2018\/03\/JF_18_1.jpg 640w, https:\/\/schulebza.de\/gymnasium\/wp-content\/uploads\/2018\/03\/JF_18_1-300x225.jpg 300w, https:\/\/schulebza.de\/gymnasium\/wp-content\/uploads\/2018\/03\/JF_18_1-380x285.jpg 380w, https:\/\/schulebza.de\/gymnasium\/wp-content\/uploads\/2018\/03\/JF_18_1-285x214.jpg 285w\" sizes=\"(max-width: 640px) 100vw, 640px\" \/><\/div>\n<p> <\/p>\n<div style=\"text-align: center;\"><span style=\"font-family: arial, helvetica, sans-serif; font-size: 8pt;\">Gruppe der Sch\u00fclerinnen und Sch\u00fcler, die an der AG Jugend forscht bei Herrn Ralf Weiser teilnehmen.<\/span><\/div>\n<p> <\/p>\n<div style=\"text-align: justify;\"><span style=\"font-family: arial, helvetica, sans-serif; font-size: 10pt;\">Die Spannbreite der Teilnehmer reichte von &nbsp;Gabriel Vogel aus Klassenstufe 5, der Versuche mit Cola-Mentos durchf\u00fchrte, bis hin zu einer Sch\u00fclerin aus der MSS 13, die in der Sparte Geo- und Raumwissenschaften in Bingen den 3. Platz erzielte und zus\u00e4tzlich einen Sonderpreis vom Lionsclub f\u00fcr Forschung im Bereich regenerative Energien bekommen hat.<\/span><\/div>\n<div style=\"text-align: justify;\"><span style=\"font-family: arial, helvetica, sans-serif; font-size: 10pt;\">Viel Aufmerksamkeit erhielt das Projekt von Jan Becht und Stewen Sudolf, die Untersuchungen \u00fcber die Bakterienbelastung verschiedener Tische im Schulgeb\u00e4ude anstellten.<\/span><\/div>\n<p> <\/p>\n<div><img decoding=\"async\" class=\" size-full wp-image-4511\" style=\"display: block; margin-left: auto; margin-right: auto;\" src=\"http:\/\/schulebza.de\/gymnasiumneu\/wp-content\/uploads\/2018\/03\/JF_18_2.jpg\" alt=\"JF 18 2\" width=\"640\" height=\"480\" srcset=\"https:\/\/schulebza.de\/gymnasium\/wp-content\/uploads\/2018\/03\/JF_18_2.jpg 640w, https:\/\/schulebza.de\/gymnasium\/wp-content\/uploads\/2018\/03\/JF_18_2-300x225.jpg 300w, https:\/\/schulebza.de\/gymnasium\/wp-content\/uploads\/2018\/03\/JF_18_2-380x285.jpg 380w, https:\/\/schulebza.de\/gymnasium\/wp-content\/uploads\/2018\/03\/JF_18_2-285x214.jpg 285w\" sizes=\"(max-width: 640px) 100vw, 640px\" \/><\/div>\n<p> <\/p>\n<div style=\"text-align: justify;\"><span style=\"font-family: arial, helvetica, sans-serif; font-size: 10pt;\">Mit Sauberkeit im weiteren Sinne besch\u00e4ftigen sich auch Elija Strifler, Johannes Methfessel und Adrian Herberg, die ein System entwickelten um Verschutzungen der Turbinen bei Stauseen zu verhindern. Sie erhielten einen Praktikumsplatz beim NKT.<\/span><\/div>\n<p> <\/p>\n<div><img decoding=\"async\" class=\" size-full wp-image-4512\" style=\"display: block; margin-left: auto; margin-right: auto;\" src=\"http:\/\/schulebza.de\/gymnasiumneu\/wp-content\/uploads\/2018\/03\/JF_18_3.jpg\" alt=\"JF 18 3\" width=\"640\" height=\"480\" srcset=\"https:\/\/schulebza.de\/gymnasium\/wp-content\/uploads\/2018\/03\/JF_18_3.jpg 640w, https:\/\/schulebza.de\/gymnasium\/wp-content\/uploads\/2018\/03\/JF_18_3-300x225.jpg 300w, https:\/\/schulebza.de\/gymnasium\/wp-content\/uploads\/2018\/03\/JF_18_3-380x285.jpg 380w, https:\/\/schulebza.de\/gymnasium\/wp-content\/uploads\/2018\/03\/JF_18_3-285x214.jpg 285w\" sizes=\"(max-width: 640px) 100vw, 640px\" \/><\/div>\n<p> <\/p>\n<div style=\"text-align: justify;\"><span style=\"font-family: arial, helvetica, sans-serif; font-size: 10pt;\">Jakob Mohr, Sebastian Hoffmann und Ennio Rohde, drei Jungen aus der 7. Klasse, untersuchten &nbsp;die Wirkung von Meerrettich als biologisches Reinigungsmittel. Leider wurde das Mittel zu Hause nicht erprobt, wie die Eltern der Jungs beanstandeten.<\/p>\n<p><\/span><\/div>\n<div style=\"text-align: justify;\"><span style=\"font-family: arial, helvetica, sans-serif; font-size: 10pt;\">Weil die M\u00e4dchen Emily Herbi und Katharina Proske ihrer Freundin ein hautfreundliches Geschenk machen wollten, entwickelten sie selbst allergiefreie Badebomben, die Dank der attraktiven Farbgestaltung sicherlich gut ankamen. Zudem erhielten sie den 2. Sonderpreis der AOK.<\/p>\n<p><\/span><\/div>\n<div style=\"text-align: justify;\"><span style=\"font-family: arial, helvetica, sans-serif; font-size: 10pt;\">Zu einem erstaunlichen Ergebnis kamen Elena Vollmer und Franka Laub, die zu dem Schluss gekommen sind, dass H\u00fchner intelligenter sind als Katzen, weil sie Farben und Formen erkennen k\u00f6nnen.<\/span><\/div>\n<p> <\/p>\n<div><img decoding=\"async\" class=\" size-full wp-image-4513\" style=\"display: block; margin-left: auto; margin-right: auto;\" src=\"http:\/\/schulebza.de\/gymnasiumneu\/wp-content\/uploads\/2018\/03\/JF_18_4.jpg\" alt=\"JF 18 4\" width=\"480\" height=\"640\" srcset=\"https:\/\/schulebza.de\/gymnasium\/wp-content\/uploads\/2018\/03\/JF_18_4.jpg 480w, https:\/\/schulebza.de\/gymnasium\/wp-content\/uploads\/2018\/03\/JF_18_4-225x300.jpg 225w\" sizes=\"(max-width: 480px) 100vw, 480px\" \/><\/div>\n<p> <\/p>\n<div style=\"text-align: justify;\"><span style=\"font-family: arial, helvetica, sans-serif; font-size: 10pt;\">Finn Schlosser, Denis Kr\u00e4mer und Jeremias Hauck erhielten f\u00fcr das Thema \u201eErneuerbare Energie durch Magnete&#8220; einen 3. Platz in Physik und auch einen Laborplatz im NTK. Ebenfalls erfolgreich und somit mit einem 3. Platz in Biologie ausgezeichnet war Noa Rodrian aus der 13. Jahrgangsstufe, die sich mit der Frage besch\u00e4ftigte, wie sich soziale Medien auf die Leistungsf\u00e4higkeit auswirken.<\/span><\/div>\n<p> <\/p>\n<div><img decoding=\"async\" class=\" size-full wp-image-4514\" style=\"display: block; margin-left: auto; margin-right: auto;\" src=\"http:\/\/schulebza.de\/gymnasiumneu\/wp-content\/uploads\/2018\/03\/JF_18_5.jpg\" alt=\"JF 18 5\" width=\"480\" height=\"640\" srcset=\"https:\/\/schulebza.de\/gymnasium\/wp-content\/uploads\/2018\/03\/JF_18_5.jpg 480w, https:\/\/schulebza.de\/gymnasium\/wp-content\/uploads\/2018\/03\/JF_18_5-225x300.jpg 225w\" sizes=\"(max-width: 480px) 100vw, 480px\" \/><\/div>\n<p> <\/p>\n<div style=\"text-align: justify;\"><span style=\"font-family: arial, helvetica, sans-serif; font-size: 10pt;\">Zu guter Letzt seien die hervorragenden Leistungen von Julian Lavan erw\u00e4hnt, der mit seinem Computerverschl\u00fcsselungssystem ebenfalls einen 3. Platz erzielte, und zwar im Bereich Mathematik und Informatik.<\/span><\/div>\n<div style=\"text-align: justify;\"><span style=\"font-family: arial, helvetica, sans-serif; font-size: 10pt;\"><br \/>Der Schulleiter des Gymnasiums, Herr Pete Allmann, nahm bei der offiziellen Verleihung im Gloria Filmcenter folgende Schulpreise entgegen: Preis der Berdelle-Hilge-Stiftung, den Schulpreis des Sparkassen- und Giroverbandes und den Schulpreis des Landrats des Landkreises S\u00dcW, Herrn Dietmar Seefeldt.<\/span><\/div>\n<div style=\"text-align: justify;\"><span style=\"font-family: arial, helvetica, sans-serif; font-size: 10pt;\"><br \/>Herzlichen Gl\u00fcckwunsch an alle zur erfolgreichen Teilnahme!<\/span><\/div>\n<p> <\/p>\n<div style=\"text-align: right;\"><span style=\"font-family: arial, helvetica, sans-serif; font-size: 8pt;\">RD, 3\/18<\/span><\/div>\n<hr \/>\n","protected":false},"excerpt":{"rendered":"<div style=\"text-align: justify;\"><span style=\"font-family: arial, helvetica, sans-serif; font-size: 10pt;\">beim Naturwissenschaftlichen Technikum Dr. K\u00fcnkele (NTK) in Landau&nbsp;und in der Technischen Hochschule in Bingen<\/span><\/div>\n<div style=\"text-align: justify;\">\n","protected":false},"author":1,"featured_media":0,"comment_status":"closed","ping_status":"closed","sticky":false,"template":"","format":"standard","meta":{"footnotes":""},"categories":[511],"tags":[],"class_list":["post-4515","post","type-post","status-publish","format-standard","hentry","category-aktuelle-berichte-ereignisse-aus-dem-schulleben"],"_links":{"self":[{"href":"https:\/\/schulebza.de\/gymnasium\/wp-json\/wp\/v2\/posts\/4515","targetHints":{"allow":["GET"]}}],"collection":[{"href":"https:\/\/schulebza.de\/gymnasium\/wp-json\/wp\/v2\/posts"}],"about":[{"href":"https:\/\/schulebza.de\/gymnasium\/wp-json\/wp\/v2\/types\/post"}],"author":[{"embeddable":true,"href":"https:\/\/schulebza.de\/gymnasium\/wp-json\/wp\/v2\/users\/1"}],"replies":[{"embeddable":true,"href":"https:\/\/schulebza.de\/gymnasium\/wp-json\/wp\/v2\/comments?post=4515"}],"version-history":[{"count":0,"href":"https:\/\/schulebza.de\/gymnasium\/wp-json\/wp\/v2\/posts\/4515\/revisions"}],"wp:attachment":[{"href":"https:\/\/schulebza.de\/gymnasium\/wp-json\/wp\/v2\/media?parent=4515"}],"wp:term":[{"taxonomy":"category","embeddable":true,"href":"https:\/\/schulebza.de\/gymnasium\/wp-json\/wp\/v2\/categories?post=4515"},{"taxonomy":"post_tag","embeddable":true,"href":"https:\/\/schulebza.de\/gymnasium\/wp-json\/wp\/v2\/tags?post=4515"}],"curies":[{"name":"wp","href":"https:\/\/api.w.org\/{rel}","templated":true}]}}