{"id":4441,"date":"2017-10-25T10:22:35","date_gmt":"2017-10-25T08:22:35","guid":{"rendered":"http:\/\/schulebza.de\/gymnasiumneu\/2017\/10\/25\/herbstzeit-ist-apfelzeit\/"},"modified":"2017-10-25T10:22:35","modified_gmt":"2017-10-25T08:22:35","slug":"herbstzeit-ist-apfelzeit","status":"publish","type":"post","link":"https:\/\/schulebza.de\/gymnasium\/2017\/10\/25\/herbstzeit-ist-apfelzeit\/","title":{"rendered":"Herbstzeit ist Apfelzeit"},"content":{"rendered":"<\/div>\n<div style=\"text-align: justify;\"><span style=\"font-family: arial, helvetica, sans-serif; font-size: 10pt;\">Ein H\u00f6hepunkt im Streuobstjahr ist die Apfelernte. Unterst\u00fctzt durch ihre Lehrkr\u00e4fte Frau Wa\u00dfmer und Herr Vollstedt f\u00fcllten die Kinder stolz einen Eimer nach dem anderen und holten so etwa 40 kg \u00c4pfel von den B\u00e4umen. Gest\u00e4rkt mit Streuobstwiesen-Apfelmuffins endete der \u201ebeste letzte Schultag vor den Ferien&#8220;. F\u00fcr die Ernte ging es mit weiteren Apfelspenden am n\u00e4chsten Morgen ins Kelterhaus nach Busenberg, wo der frisch gepresste Saft goldgelb leuchtend in den Flaschen landete.<\/span><\/p>\n<\/div>\n<div style=\"text-align: justify;\"><span style=\"font-family: arial, helvetica, sans-serif; font-size: 10pt;\">Wir danken unseren Erntehelfern Frau Wa\u00dfmer und Herr Vollstedt, Frau Baier f\u00fcr ihre Apfelspende, dem Gartenamt daf\u00fcr, dass sie uns die Streuobstwiese zur Verf\u00fcgung stellt sowie dem Obst- und Gartenbauverein Busenberg f\u00fcr den kurzfristigen Keltertermin.<\/span><\/div>\n<div style=\"text-align: right;\"><span style=\"font-family: arial, helvetica, sans-serif; font-size: 8pt;\">GRF, 10\/17<\/span><\/div>\n<hr \/>\n","protected":false},"excerpt":{"rendered":"<div style=\"text-align: justify;\"><span style=\"font-family: arial, helvetica, sans-serif; font-size: 10pt;\">Ausgestattet mit Leitern, Eimern und bester Laune zog die Klasse 5 N des Alfred-Grosser-Schulzentrums am Freitag vor den Herbstferien Richtung Kurpark. Hier werden die Sch\u00fclerinnen und Sch\u00fcler in den kommenden zwei Jahren die Entwicklung einer Streuobstwiese beobachten, die vom LuNa-S\u00fcdpfalz angelegt wurde und heute durch das Gartenamt der Stadt Bad Bergzabern betreut wird.<\/span><\/div>\n<div style=\"text-align: justify;\">\n","protected":false},"author":1,"featured_media":0,"comment_status":"closed","ping_status":"closed","sticky":false,"template":"","format":"standard","meta":{"footnotes":""},"categories":[613],"tags":[],"class_list":["post-4441","post","type-post","status-publish","format-standard","hentry","category-news-aus-der-gos"],"_links":{"self":[{"href":"https:\/\/schulebza.de\/gymnasium\/wp-json\/wp\/v2\/posts\/4441","targetHints":{"allow":["GET"]}}],"collection":[{"href":"https:\/\/schulebza.de\/gymnasium\/wp-json\/wp\/v2\/posts"}],"about":[{"href":"https:\/\/schulebza.de\/gymnasium\/wp-json\/wp\/v2\/types\/post"}],"author":[{"embeddable":true,"href":"https:\/\/schulebza.de\/gymnasium\/wp-json\/wp\/v2\/users\/1"}],"replies":[{"embeddable":true,"href":"https:\/\/schulebza.de\/gymnasium\/wp-json\/wp\/v2\/comments?post=4441"}],"version-history":[{"count":0,"href":"https:\/\/schulebza.de\/gymnasium\/wp-json\/wp\/v2\/posts\/4441\/revisions"}],"wp:attachment":[{"href":"https:\/\/schulebza.de\/gymnasium\/wp-json\/wp\/v2\/media?parent=4441"}],"wp:term":[{"taxonomy":"category","embeddable":true,"href":"https:\/\/schulebza.de\/gymnasium\/wp-json\/wp\/v2\/categories?post=4441"},{"taxonomy":"post_tag","embeddable":true,"href":"https:\/\/schulebza.de\/gymnasium\/wp-json\/wp\/v2\/tags?post=4441"}],"curies":[{"name":"wp","href":"https:\/\/api.w.org\/{rel}","templated":true}]}}