{"id":4372,"date":"2017-02-11T09:27:21","date_gmt":"2017-02-11T08:27:21","guid":{"rendered":"http:\/\/schulebza.de\/gymnasiumneu\/2017\/02\/11\/fahrt-der-eu-botschafter-nach-bruessel\/"},"modified":"2017-02-11T09:27:21","modified_gmt":"2017-02-11T08:27:21","slug":"fahrt-der-eu-botschafter-nach-bruessel","status":"publish","type":"post","link":"https:\/\/schulebza.de\/gymnasium\/2017\/02\/11\/fahrt-der-eu-botschafter-nach-bruessel\/","title":{"rendered":"Fahrt der EU-Botschafter nach Br\u00fcssel"},"content":{"rendered":"<\/div>\n<div style=\"text-align: justify;\"><span style=\"font-family: arial, helvetica, sans-serif; font-size: 10pt;\"><br \/>Gleich nach der Ankunft im Meininger-Hotel Br\u00fcssel wurden wir von der Landesvertretung Rheinland-Pfalz herzlich empfangen und konnten einiges \u00fcber die Arbeit und die Ziele der Vertretung des Landes Rheinland-Pfalz in Br\u00fcssel in Erfahrung bringen. Hierbei hatten wir auch die M\u00f6glichkeit, Fragen zu stellen und uns \u00fcber den Beruf, die T\u00e4tigkeit, die Kooperation mit anderen Nationen und schlie\u00dflich den Zielen einer solchen Vertretung zu informieren.<\/p>\n<p><\/span><\/div>\n<div style=\"text-align: justify;\"><span style=\"font-family: arial, helvetica, sans-serif; font-size: 10pt;\">Am darauf folgenden Tag erwartete uns die interaktive Ausstellung \u201eParlamentarium&#8220; \u00fcber die Geschichte der europ\u00e4ischen Union und deren Bedeutung in der restlichen Welt. Au\u00dferdem bekamen wir Informationen \u00fcber den Einfluss der EU auf ihre B\u00fcrger und den Aufbau der Institutionen.<\/p>\n<p><\/span><\/div>\n<div style=\"text-align: justify;\"><span style=\"font-family: arial, helvetica, sans-serif; font-size: 10pt;\">Im Anschluss darauf erhielten wir eine Einf\u00fchrung zur Arbeit im Europ\u00e4ischen Parlament. Dort wurde uns auch die Entstehung der Richtlinien und Gesetze auf EU-Ebene n\u00e4hergebracht, um diese richtig zu verstehen.<\/span><\/div>\n<div style=\"text-align: justify;\"><span style=\"font-family: arial, helvetica, sans-serif; font-size: 10pt;\">Danach hatten wir die seltene M\u00f6glichkeit, live an einer Plenarsitzung des Parlaments in Br\u00fcssel als Zuschauer teilzunehmen, wo wir auch dem neuen Pr\u00e4sidenten des Europaparlaments, Antonio Tajani, erlebten. Hier begeisterten uns nicht nur die Dolmetscher und die besprochenen Themen, sondern auch die Lebhaftigkeit der gef\u00fchrten Debatten. Die Sitzung war sehr interessant und gerne w\u00e4ren wir noch etwas l\u00e4nger geblieben, um dem Verlauf der Diskussion weiter zu folgen. So konnten wir uns mit v\u00f6llig neuen Erfahrungen auf den Weg zu einer bekannten Pommesbude in der N\u00e4he des Parlaments machen, wobei wir feststellten, wie stark die Stadt von den Einrichtungen der EU gepr\u00e4gt ist und welche Vielfalt sich, nicht nur in kultureller Hinsicht, dadurch bieten.<\/p>\n<p><\/span><\/div>\n<div style=\"text-align: justify;\"><span style=\"font-family: arial, helvetica, sans-serif; font-size: 10pt;\">Am Donnerstag den 2.2.17 begannen wir den Tag sehr fr\u00fch, denn wir hatten einen Besuch des etwas abgelegeneren NATO Hauptquartiers &#8222;SHAPE&#8220; vor uns. Dort angekommen, starteten wir nach einem Sicherheitscheck eine Besichtigung des Gel\u00e4ndes, auf dem die Nationen der NATO vertreten sind. Der St\u00fctzpunkt \u00e4hnelt zu unserem Erstaunen mit \u00c4rzten, Sportgel\u00e4nde, Fitnessstudio, Kindergarten, Schulen und mehr fast einer kleinen Stadt.<br \/><\/span><\/div>\n<p> <\/p>\n<div><img decoding=\"async\" class=\" size-full wp-image-4371\" style=\"display: block; margin-left: auto; margin-right: auto;\" src=\"http:\/\/schulebza.de\/gymnasiumneu\/wp-content\/uploads\/2017\/02\/Br%C3%BCssel_17.jpg\" alt=\"Br\u00fcssel 17\" width=\"640\" height=\"457\" \/><\/div>\n<p><span style=\"font-family: arial, helvetica, sans-serif; font-size: 10pt;\">Im Anschluss bekamen wir alles \u00fcber die verschiedenen Bereiche der NATO sowie ihre Geschichte, die Zusammenarbeit mit anderen L\u00e4ndern, die aktuellen politischen Probleme und m\u00f6gliche L\u00f6sungsstrategien in einem durchaus humorvollen Vortrag erkl\u00e4rt und hatten die M\u00f6glichkeit zu ausgiebigen Fragestellungen. Zu unserer Freude durften wir danach noch in der Offizierskantine zu Mittag essen, wo wir mit Hr. Richter, unserem Guide der Bundeswehr, weiter ins Gespr\u00e4ch kamen.&nbsp;Gegen Ende des Tages bekamen wir dann die M\u00f6glichkeit in Gruppen die Stadt zu erkunden.<\/span><\/p>\n<p><span style=\"font-family: arial, helvetica, sans-serif; font-size: 10pt;\">Am Freitagmorgen machten wir uns schlie\u00dflich nach einem kleinen Abstecher zum Atomium mit vielen neuen Eindr\u00fccken und Erfahrungen auf den Heimweg und sind zuversichtlich, dass wir das gewonnene an die Schule und ihre Sch\u00fcler weitergeben k\u00f6nnen.<\/span><\/p>\n<div style=\"text-align: right;\"><span style=\"font-family: arial, helvetica, sans-serif; font-size: 8pt;\">Annietta Richard, Louisa K\u00fcnkel, Moritz Kaiser, Fabian Kolodziej, WMR, 2\/!7<\/span><\/div>\n<hr \/>\n","protected":false},"excerpt":{"rendered":"<div style=\"text-align: justify;\"><span style=\"font-family: arial, helvetica, sans-serif; font-size: 10pt;\">Am Dienstag, den 30.1.2017 haben wir unserer Reise nach Br\u00fcssel angetreten, um mehr \u00fcber den europ\u00e4ischen Gedanken zu erfahren. Das neu angeeignete Wissen und die gewonnenen Erfahrungen m\u00f6chten wir im Anschluss an unsere Reise an die \u00fcbrigen Sch\u00fcler des Gymnasiums weitergeben.<\/span><\/div>\n<div style=\"text-align: justify;\">\n","protected":false},"author":1,"featured_media":0,"comment_status":"closed","ping_status":"closed","sticky":false,"template":"","format":"standard","meta":{"footnotes":""},"categories":[511],"tags":[],"class_list":["post-4372","post","type-post","status-publish","format-standard","hentry","category-aktuelle-berichte-ereignisse-aus-dem-schulleben"],"_links":{"self":[{"href":"https:\/\/schulebza.de\/gymnasium\/wp-json\/wp\/v2\/posts\/4372","targetHints":{"allow":["GET"]}}],"collection":[{"href":"https:\/\/schulebza.de\/gymnasium\/wp-json\/wp\/v2\/posts"}],"about":[{"href":"https:\/\/schulebza.de\/gymnasium\/wp-json\/wp\/v2\/types\/post"}],"author":[{"embeddable":true,"href":"https:\/\/schulebza.de\/gymnasium\/wp-json\/wp\/v2\/users\/1"}],"replies":[{"embeddable":true,"href":"https:\/\/schulebza.de\/gymnasium\/wp-json\/wp\/v2\/comments?post=4372"}],"version-history":[{"count":0,"href":"https:\/\/schulebza.de\/gymnasium\/wp-json\/wp\/v2\/posts\/4372\/revisions"}],"wp:attachment":[{"href":"https:\/\/schulebza.de\/gymnasium\/wp-json\/wp\/v2\/media?parent=4372"}],"wp:term":[{"taxonomy":"category","embeddable":true,"href":"https:\/\/schulebza.de\/gymnasium\/wp-json\/wp\/v2\/categories?post=4372"},{"taxonomy":"post_tag","embeddable":true,"href":"https:\/\/schulebza.de\/gymnasium\/wp-json\/wp\/v2\/tags?post=4372"}],"curies":[{"name":"wp","href":"https:\/\/api.w.org\/{rel}","templated":true}]}}