{"id":4370,"date":"2017-02-09T16:54:59","date_gmt":"2017-02-09T15:54:59","guid":{"rendered":"http:\/\/schulebza.de\/gymnasiumneu\/2017\/02\/09\/ziel-ist-dass-die-kinder-vernetzt-denken\/"},"modified":"2017-02-09T16:54:59","modified_gmt":"2017-02-09T15:54:59","slug":"ziel-ist-dass-die-kinder-vernetzt-denken","status":"publish","type":"post","link":"https:\/\/schulebza.de\/gymnasium\/2017\/02\/09\/ziel-ist-dass-die-kinder-vernetzt-denken\/","title":{"rendered":"\u201eZiel ist, dass die Kinder vernetzt denken!\u201c"},"content":{"rendered":"\n<div style=\"text-align: justify;\"><span style=\"font-family: arial, helvetica, sans-serif; font-size: 10pt;\">&nbsp;<\/span><\/div>\n<div style=\"text-align: justify;\"><span style=\"font-family: arial, helvetica, sans-serif; font-size: 10pt;\">Er steht am Tag der offenen T\u00fcr mit den Sch\u00fclerinnen und Sch\u00fclern der 6n im Nawi-Raum im Erdgeschoss des Gymnasiums im Alfred-Grosser-Schulzentrum. Julius Bevier und Pascal Dreisigacker z\u00fcnden gerade einen Papierteebeutel an und beobachten, wie dieser hochfliegt. Samuel Kubetzki schaltet einen selbst gebauten Propeller an und Finn Czerwinski zeigt in einem Film, wie ein Stromkreis aussieht. \u201eWir bestimmen auch die G\u00fcte von Gew\u00e4ssern, gewinnen aus Rotwein Alkohol, extrahieren Steinsalz und graben Bodenorganismen aus&#8220;, erl\u00e4utert Ralf Weiser. \u201eZiel ist, dass die Kinder lernen, vernetzt zu denken&#8220;, so der Lehrer.<\/p>\n<p><\/span><\/div>\n<p> <\/p>\n<div><img decoding=\"async\" class=\" size-full wp-image-4369\" style=\"display: block; margin-left: auto; margin-right: auto;\" src=\"http:\/\/schulebza.de\/gymnasiumneu\/wp-content\/uploads\/2017\/02\/TdoT.jpg\" alt=\"TdoT\" width=\"640\" height=\"449\" srcset=\"https:\/\/schulebza.de\/gymnasium\/wp-content\/uploads\/2017\/02\/TdoT.jpg 640w, https:\/\/schulebza.de\/gymnasium\/wp-content\/uploads\/2017\/02\/TdoT-300x210.jpg 300w\" sizes=\"(max-width: 640px) 100vw, 640px\" \/><\/div>\n<p> <\/p>\n<div style=\"text-align: justify;\"><span style=\"font-family: arial, helvetica, sans-serif; font-size: 10pt;\">In der Gemeinsamen Orientierungsstufe des Alfred-Grosser-Schulzentrums gibt es aber nicht nur NAWI-Klassen. Sch\u00fclerinnen und Sch\u00fcler mit musikalischem Interesse k\u00f6nnen sich f\u00fcr eine Bl\u00e4ser- oder Streicherklasse entscheiden. Das Schulzentrum bietet dar\u00fcberhinaus mit Jazz Combo, Orchester und Chor zahlreiche M\u00f6glichkeiten, sein musikalisches K\u00f6nnen bei vielen Auftritten unter Beweis zu stellen. F\u00fcr naturwissenschaftlich Begabte gibt es die NAWI-Klassen, sprachlich Interessierte w\u00e4hlen zwischen Englisch und Franz\u00f6sisch als erster Fremdsprache. Sp\u00e4ter kann am Gymnasium auch das \u201eAbi-bac&#8220; abgelegt werden, das sowohl das deutsche als auch das franz\u00f6sische Abitur beinhaltet. Der Unterricht in Geschichte und Erdkunde wird dann in beiden Sprachen erteilt. Auch Latein und Spanisch k\u00f6nnen belegt werden.<\/p>\n<p><\/span><\/div>\n<div style=\"text-align: justify;\"><span style=\"font-family: arial, helvetica, sans-serif; font-size: 10pt;\">An diesem Tag der offenen T\u00fcr informieren alle Fachbereiche und Arbeitsgemeinschaften des Schulzentrums \u00fcber ihre Arbeit. \u00c4ltere Sch\u00fclerinnen und Sch\u00fcler zeigen ihre Schule und nehmen die kommenden Mitsch\u00fcler zum Schnupperunterricht mit. Dort lernen diese dann die unterschiedlichen Profile kennen. Viertkl\u00e4ssler treffen die Bl\u00e4serklassen bei ihrer Probearbeit, sehen spannende Experimente, sprechen erste englische und franz\u00f6sische W\u00f6rter. In der Informatik gibt es zum Beispiel die Lego-League, bei der Sch\u00fclerteams mit selbst gebauten Robotern aus Legosteinen gegeneinander antreten. In der Mittelstufe erhalten alle Sch\u00fclerinnen und Sch\u00fcler eine eigene \u201edigitale Schultasche&#8220; auf einem USB-Stick und lernen so den Umgang mit den wichtigsten Computerprogrammen kennen. Insgesamt gibt es \u00fcber 50 Arbeitsgemeinschaften am Schulzentrum. Die Eltern wurden von Lehrerteams aus Realschule plus und Gymnasium durch die Geb\u00e4ude gef\u00fchrt.<\/p>\n<p><\/span><\/div>\n<div style=\"text-align: justify;\"><span style=\"font-family: arial, helvetica, sans-serif; font-size: 10pt;\">An der eigenen Busstra\u00dfe gibt es weitl\u00e4ufige Sportanlagen inklusive Stadion und Schwimmbad und zwei Schulkantinen \u2013 eine f\u00fcr die \u00e4lteren und eine eigens f\u00fcr die Ganztagssch\u00fcler der Gemeinsamen Orientierungsstufe (die Ganztagsschule ist freiwillig). Au\u00dferdem konnten die sehr gut ausgestatteten Musiks\u00e4le inklusive Tonstudio und die Fachr\u00e4ume, von denen viele bereits \u00fcber computergest\u00fctzte Smartboards statt Tafeln verf\u00fcgen, besichtigt werden. Schlie\u00dflich verf\u00fcgt das Schulzentrum auch \u00fcber eine Schulbibliothek mit hauptamtlicher Bibliothekarin. Das gemeinsame Lernen wird durch Schulsozialarbeiter Martin Krisch unterst\u00fctzt.&nbsp;<\/span><\/div>\n<div style=\"text-align: justify;\"><span style=\"font-family: arial, helvetica, sans-serif; font-size: 10pt;\"><br \/><strong>Anmeldetermine Gemeinsame Orientierungsstufe im Alfred-Grosser-Schulzentrum Bad Bergzabern<\/strong><\/span><\/div>\n<div style=\"text-align: justify;\"><span style=\"font-family: arial, helvetica, sans-serif; font-size: 10pt;\">Anmeldung vom 20. bis 22. Februar 2017<\/span><\/div>\n<div style=\"text-align: justify;\"><span style=\"font-family: arial, helvetica, sans-serif; font-size: 10pt;\">Montag und Mittwoch von 10:00 Uhr \u2013 15:00 Uhr<\/span><\/div>\n<div style=\"text-align: justify;\"><span style=\"font-family: arial, helvetica, sans-serif; font-size: 10pt;\">Dienstag von 10:00 Uhr \u2013 17:30 Uhr<\/span><\/div>\n<div style=\"text-align: justify;\"><span style=\"font-family: arial, helvetica, sans-serif; font-size: 10pt;\">Sekretariat: 0 63 43 \/ 98 90 &#8211; 20<\/span><\/div>\n<div style=\"text-align: justify;\"><span style=\"font-family: arial, helvetica, sans-serif; font-size: 10pt;\">Mail: <a href=\"mailto:gos@schulebza.de\">gos@schulebza.de<br \/><\/a>Fax: 0 63 43 \/ 98 90 &#8211; 26<\/span><\/div>\n<div style=\"text-align: justify;\"><span style=\"font-family: arial, helvetica, sans-serif; font-size: 10pt;\">Bitte beachten Sie, dass die Anmeldung nur pers\u00f6nlich erfolgen kann.<\/span><\/div>\n<div style=\"text-align: justify;\"><span style=\"font-family: arial, helvetica, sans-serif; font-size: 10pt;\"><br \/><strong>Anmeldung zur Oberstufe (MSS) des Gymnasiums im Alfred-Grosser-Schulzentrum<\/strong><\/span><\/div>\n<div style=\"text-align: justify;\"><span style=\"font-family: arial, helvetica, sans-serif; font-size: 10pt;\">Ab 24.2.2017<\/span><\/div>\n<div style=\"text-align: justify;\"><span style=\"font-family: arial, helvetica, sans-serif; font-size: 10pt;\">Sch\u00fclerInnen, die bereits unser Gymnasium besuchen, melden sich im Klassenverband an.<\/span><\/div>\n<div style=\"text-align: justify;\"><span style=\"font-family: arial, helvetica, sans-serif; font-size: 10pt;\">Sekretariat Gymnasium: 0 63 43 \/ 93 44 &#8211; 0<\/span><\/div>\n<p> <\/p>\n<div style=\"text-align: right;\"><span style=\"font-family: arial, helvetica, sans-serif; font-size: 8pt;\">Text: Markus Vollstedt; Fotos: Stefan Bingler, Lily Spitza; 2\/17<\/span><\/div>\n<hr \/>\n","protected":false},"excerpt":{"rendered":"<div style=\"text-align: justify;\"><span style=\"font-family: arial, helvetica, sans-serif; font-size: 10pt;\">Beim Tag der offenen T\u00fcr konnten sich Eltern und Kinder \u00fcber das Alfred-Grosser-Schulzentrum Bad Bergzabern informieren<\/span><\/div>\n<div style=\"text-align: justify;\"><span style=\"font-family: arial, helvetica, sans-serif; font-size: 10pt;\"><br \/>\u201eMan darf nicht zu viel Essig benutzen&#8220;, sagt Sandra Haag und zeigt ein blitzblankes Centst\u00fcck, das sie zuvor in einen Beh\u00e4lter mit einer selbst anger\u00fchrten Fl\u00fcssigkeit getaucht hat. Sandra besucht die Klasse 6n (n wie Naturwissenschafts- oder NAWI-Klasse). \u201eDie Sch\u00fclerinnen und Sch\u00fcler sollen viel eigenst\u00e4ndig experimentieren&#8220;, erl\u00e4utert Biologie- und Erdkundelehrer Ralf Weiser. <br \/><\/span><\/div>\n","protected":false},"author":1,"featured_media":0,"comment_status":"closed","ping_status":"closed","sticky":false,"template":"","format":"standard","meta":{"footnotes":""},"categories":[511],"tags":[],"class_list":["post-4370","post","type-post","status-publish","format-standard","hentry","category-aktuelle-berichte-ereignisse-aus-dem-schulleben"],"_links":{"self":[{"href":"https:\/\/schulebza.de\/gymnasium\/wp-json\/wp\/v2\/posts\/4370","targetHints":{"allow":["GET"]}}],"collection":[{"href":"https:\/\/schulebza.de\/gymnasium\/wp-json\/wp\/v2\/posts"}],"about":[{"href":"https:\/\/schulebza.de\/gymnasium\/wp-json\/wp\/v2\/types\/post"}],"author":[{"embeddable":true,"href":"https:\/\/schulebza.de\/gymnasium\/wp-json\/wp\/v2\/users\/1"}],"replies":[{"embeddable":true,"href":"https:\/\/schulebza.de\/gymnasium\/wp-json\/wp\/v2\/comments?post=4370"}],"version-history":[{"count":0,"href":"https:\/\/schulebza.de\/gymnasium\/wp-json\/wp\/v2\/posts\/4370\/revisions"}],"wp:attachment":[{"href":"https:\/\/schulebza.de\/gymnasium\/wp-json\/wp\/v2\/media?parent=4370"}],"wp:term":[{"taxonomy":"category","embeddable":true,"href":"https:\/\/schulebza.de\/gymnasium\/wp-json\/wp\/v2\/categories?post=4370"},{"taxonomy":"post_tag","embeddable":true,"href":"https:\/\/schulebza.de\/gymnasium\/wp-json\/wp\/v2\/tags?post=4370"}],"curies":[{"name":"wp","href":"https:\/\/api.w.org\/{rel}","templated":true}]}}