{"id":4357,"date":"2016-12-04T10:00:41","date_gmt":"2016-12-04T09:00:41","guid":{"rendered":"http:\/\/schulebza.de\/gymnasiumneu\/2016\/12\/04\/auf-den-spuren-von-goethe-und-schiller-in-weimar\/"},"modified":"2016-12-04T10:00:41","modified_gmt":"2016-12-04T09:00:41","slug":"auf-den-spuren-von-goethe-und-schiller-in-weimar","status":"publish","type":"post","link":"https:\/\/schulebza.de\/gymnasium\/2016\/12\/04\/auf-den-spuren-von-goethe-und-schiller-in-weimar\/","title":{"rendered":"Auf den Spuren von Goethe und Schiller in Weimar"},"content":{"rendered":"<p> <\/p>\n<div style=\"text-align: justify;\"><span style=\"font-family: arial, helvetica, sans-serif; font-size: 10pt;\">Nach dem fr\u00fchen Aufstehen und einer langen Zugfahrt, wurden wir freundlich in unserer Unterkunft empfangen. Hier legten wir eine kurze Verschnaufpause ein und dann ging es auch schon los.<\/span><\/div>\n<div style=\"text-align: justify;\"><span style=\"font-family: arial, helvetica, sans-serif; font-size: 10pt;\">Am ersten Tag haben wir uns gr\u00f6\u00dftenteils mit Schiller besch\u00e4ftigt. Zun\u00e4chst haben wir sein Wohnhaus besucht. Dort haben wir eine ausf\u00fchrliche F\u00fchrung und somit einen guten Einblick in sein Leben bekommen. Zum Beispiel haben wir erfahren, dass Schiller das Dachgeschoss als eigene Wohnetage nutzte, um sich voll und ganz auf die Arbeit an seinen Werken zu konzentrieren und um seine Familie nicht zu sehr mit seiner Krankheit zu belasten.<\/p>\n<p><\/span><\/div>\n<div style=\"text-align: justify;\"><span style=\"font-family: arial, helvetica, sans-serif; font-size: 10pt;\">F\u00fcr seine Werke lie\u00df sich Schiller zun\u00e4chst von Goethe inspirieren, mit dem er sp\u00e4ter eine enge Freundschaft entwickelte. Die beiden sch\u00e4tzen sich sehr und unterst\u00fctzten sich gegenseitig bei ihrer Arbeit. Eines der wichtigsten Werke, welches Schiller in Weimar verfasste, ist das Freiheitsdrama ist \u201eWilhelm Tell&#8220;. Den Ansto\u00df daf\u00fcr lieferten ihm seine sp\u00e4tere Frau Charlotte von Lengefeld und Goethe, der ihm von seiner Reise aus der Schweiz berichtete.<\/span><\/div>\n<div style=\"text-align: justify;\"><span style=\"font-family: arial, helvetica, sans-serif; font-size: 10pt;\">Die lebenslange enge Freundschaft der beiden Dichter l\u00e4sst sich auch an der gemeinsamen Begr\u00e4bnisst\u00e4tte erkennen.<\/p>\n<p><\/span><\/div>\n<div style=\"text-align: justify;\"><span style=\"font-family: arial, helvetica, sans-serif; font-size: 10pt;\">Diese, die F\u00fcrstengruft des Gro\u00dfherzogs Carl August, haben wir am Nachmittag besichtigt. Goethe und Schiller sind die einzigen Begrabenen, die nicht der Familie des Gro\u00dfherzogs angeh\u00f6rten. Nachdem Schiller zun\u00e4chst auf Weimarer Jacobs-Friedhof begraben wurde, setzte sich Goethe daf\u00fcr ein, dass sein Freund Schiller in die Gruft umgesetzt wurde. Jedoch wurde bei einem sp\u00e4teren DNA-Test, im Mai 2010 festgestellt, dass der Schiller zugeschriebene Sch\u00e4del nicht zu Schiller geh\u00f6rt, . Darauf wurden die sterblichen \u00dcberreste wieder in das Gemeinschaftsgrab auf dem Weimarer Jacobs-Friedhof gebracht. wo man auch die echten \u00dcberreste Schillers vermutet. Schillers Sarg in der F\u00fcrstengruft blieb seither leer.<\/p>\n<p><\/span><\/div>\n<div style=\"text-align: justify;\"><span style=\"font-family: arial, helvetica, sans-serif; font-size: 10pt;\">Zum Abschluss des Tages haben wir eine echte Nachtw\u00e4chterf\u00fchrung mit unserem Nachtw\u00e4chter Herrn Rahaus gemacht, der uns einige intimere Details \u00fcber das Leben Goethes verriet. So stellte sich heraus, dass Goethe ein \u201ewahrer Frauenheld&#8220; war. Die Jungs bekamen zudem ein paar Beziehungstipps \u201e\u00e1 la Goethe&#8220;.<\/span><\/div>\n<div style=\"text-align: justify;\"><span style=\"font-family: arial, helvetica, sans-serif; font-size: 10pt;\">M\u00fcde und ersch\u00f6pft nach dem langen und sehr lehrreichen Tag, fielen wir abends in unsere Betten.<\/span><\/div>\n<div style=\"text-align: justify;\"><span style=\"font-family: arial, helvetica, sans-serif; font-size: 10pt;\"><br \/>Am n\u00e4chsten Morgen sind wir nach dem Fr\u00fchst\u00fcck durch das historische Weimar zum Goethe-Haus gelaufen. Auf eigene Faust und mit Audioguides ausgestattet durften wir Goethes Wohnhaus erkunden . \u201eMir sind sofort die bunten W\u00e4nde in den R\u00e4umen aufgefallen.&#8220;, sagte eine unserer Mitsch\u00fclerinnen. Wie wir sp\u00e4ter erfahren haben, hatte diese auff\u00e4llige Raumgestaltung mit Goethes Farbenlehre zu tun. Au\u00dferdem fiel auf, dass Goethe sich von der Antike inspirieren lie\u00df. Seine R\u00e4ume waren vermehrt mit antiken Statuen ausgestattet. Diese Liebe zur Antike findet sich auch in einigen seiner Werke wieder.<\/p>\n<p><\/span><\/div>\n<div style=\"text-align: justify;\"><span style=\"font-family: arial, helvetica, sans-serif; font-size: 10pt;\">Anschlie\u00dfend folgte ein Einschnitt und wir besch\u00e4ftigten uns eine Zeitlang mit dem K\u00fcnstler Lucas Cranach d. \u00c4, welcher z.B. daf\u00fcr bekannt ist, zusammen mit Luther das erste protestantische Flugblatt illustriert zu haben. Dazu haben wir uns die Ausstellung \u00fcber ihn im Stadtschloss angeschaut, mit dem Ziel ihn und seine Werke wiedererkennen zu k\u00f6nnen.<\/p>\n<p><\/span><\/div>\n<div style=\"text-align: justify;\"><span style=\"font-family: arial, helvetica, sans-serif; font-size: 10pt;\">Im Anschluss daran haben wir einen Spaziergang im benachbarten Park an der Ilm zu Goethes Gartenhaus gemacht. Der Park, der zwischen 1778 und 1828 angelegt und von Goethe mitgestaltet wurde, soll beim Spazieren das Freundschaftsgef\u00fchl der Menschen steigern.<\/span><\/div>\n<div style=\"text-align: justify;\"><span style=\"font-family: arial, helvetica, sans-serif; font-size: 10pt;\">Goethes Gartenhaus, in welchem er eine Zeitlang wohnte, liegt im Zentrum des Parks. Goethe investierte viel Zeit in die Instandsetzung von Haus und Garten, sp\u00e4ter schrieb er dort die Prosafassung von Iphigenie auf Tauris.<\/span><\/div>\n<div style=\"text-align: justify;\"><span style=\"font-family: arial, helvetica, sans-serif; font-size: 10pt;\">Um alle wichtigen Stationen von Goethes Leben zu verinnerlichen, besuchten wir im Anschluss die Goethe-Ausstellung im Nationalmuseum, wo wir eine F\u00fchrung durch Goethes Leben, seine Werke und sein Schaffen erhalten haben.<\/span><\/div>\n<div style=\"text-align: justify;\"><span style=\"font-family: arial, helvetica, sans-serif; font-size: 10pt;\">Nach diesem ereignisreichen Tag, schauten wir uns abends das St\u00fcck \u201eDu kommst wie ein reines Gl\u00fcck ungebeten&#8220; im Nationaltheater an. \u201eDas St\u00fcck bestand nur aus Zitaten aus Goethes Werken, was f\u00fcr mich pers\u00f6nlich nicht immer einfach zu verstehen war, da ich viele der Werke noch nicht kannte. Gut war aber, dass das Publikum mit eingebunden wurde.&#8220;, kommentierte eine Mitsch\u00fclerin den Abend.<\/span><\/div>\n<div style=\"text-align: justify;\"><span style=\"font-family: arial, helvetica, sans-serif; font-size: 10pt;\">Insgesamt war dieses St\u00fcck ein guter Abschluss zu Goethe.<\/p>\n<p><\/span><\/div>\n<div style=\"text-align: justify;\"><span style=\"font-family: arial, helvetica, sans-serif; font-size: 10pt;\">Am letzten Morgen besichtigten wir die Anna-Amalia Bibliothek, die am 2. September 2004 abbrannte. Bis heute l\u00e4uft die Restauration der alten, wertvollen B\u00fccher. Uns allen hat die Besichtigung sehr gut gefallen; vor allem der prunkvolle Rokokosaal, der das Herzst\u00fcck der Bibliothek bildet, hat uns sehr beeindruckt.<\/p>\n<p><\/span><\/div>\n<div style=\"text-align: justify;\"><span style=\"font-family: arial, helvetica, sans-serif; font-size: 10pt;\">Nach der sich anschlie\u00dfenden kurzen Besichtigung der Herderkirche, in der sich ein wichtiges Werk Cranachs d. J. befindet, hatten wir ausreichend Zeit, um \u00fcber den an diesem Freitag beginnenden Zwiebelmarkt zu schlendern und eine Th\u00fcringer Bratwurst zu essen.<\/span><\/div>\n<div style=\"text-align: justify;\"><span style=\"font-family: arial, helvetica, sans-serif; font-size: 10pt;\">Danach ging es auch schon wieder zur\u00fcck in die Pfalz.<\/span><\/div>\n<div style=\"text-align: justify;\"><span style=\"font-family: arial, helvetica, sans-serif; font-size: 10pt;\"><br \/>Unser abschlie\u00dfendes Urteil lautet: Die Fahrt hat sich auf jeden Fall gelohnt, da wir nun ein besseren Einblick in das Leben Goethes und Schillers bekommen haben und zus\u00e4tzlich dazu den Charme Weimars zu sp\u00fcren bekamen.<\/span><\/div>\n<p> <\/p>\n<div><img decoding=\"async\" class=\" size-full wp-image-4356\" style=\"display: block; margin-left: auto; margin-right: auto;\" src=\"http:\/\/schulebza.de\/gymnasiumneu\/wp-content\/uploads\/2016\/12\/Weimar_16.jpg\" alt=\"Weimar 16\" width=\"640\" height=\"480\" srcset=\"https:\/\/schulebza.de\/gymnasium\/wp-content\/uploads\/2016\/12\/Weimar_16.jpg 640w, https:\/\/schulebza.de\/gymnasium\/wp-content\/uploads\/2016\/12\/Weimar_16-300x225.jpg 300w, https:\/\/schulebza.de\/gymnasium\/wp-content\/uploads\/2016\/12\/Weimar_16-380x285.jpg 380w, https:\/\/schulebza.de\/gymnasium\/wp-content\/uploads\/2016\/12\/Weimar_16-285x214.jpg 285w\" sizes=\"(max-width: 640px) 100vw, 640px\" \/><\/div>\n<p> <\/p>\n<div style=\"text-align: right;\"><span style=\"font-family: arial, helvetica, sans-serif; font-size: 8pt;\">Laura Lau\u00dfer und Lisa Fabian (beide MSS 12), BEI 12\/16<\/span><\/div>\n<hr \/>\n","protected":false},"excerpt":{"rendered":"<p><span style=\"font-family: arial, helvetica, sans-serif; font-size: 10pt;\">Um die Werke und das Leben von Goethe und Schiller, den bekanntesten Autoren der deutschen Klassik, besser kennen zu lernen, sind unsere beiden Deutsch Leistungskurse unter der Leitung von Frau Beinghaus und Frau Streicher vom 5. &#8211; 7. Oktober auf eine dreit\u00e4gige Exkursion nach Weimar gefahren. Goethe und Schiller haben das Leben in der Stadt Weimar stark gepr\u00e4gt.<\/span><\/p>\n","protected":false},"author":1,"featured_media":0,"comment_status":"closed","ping_status":"closed","sticky":false,"template":"","format":"standard","meta":{"footnotes":""},"categories":[511],"tags":[],"class_list":["post-4357","post","type-post","status-publish","format-standard","hentry","category-aktuelle-berichte-ereignisse-aus-dem-schulleben"],"_links":{"self":[{"href":"https:\/\/schulebza.de\/gymnasium\/wp-json\/wp\/v2\/posts\/4357","targetHints":{"allow":["GET"]}}],"collection":[{"href":"https:\/\/schulebza.de\/gymnasium\/wp-json\/wp\/v2\/posts"}],"about":[{"href":"https:\/\/schulebza.de\/gymnasium\/wp-json\/wp\/v2\/types\/post"}],"author":[{"embeddable":true,"href":"https:\/\/schulebza.de\/gymnasium\/wp-json\/wp\/v2\/users\/1"}],"replies":[{"embeddable":true,"href":"https:\/\/schulebza.de\/gymnasium\/wp-json\/wp\/v2\/comments?post=4357"}],"version-history":[{"count":0,"href":"https:\/\/schulebza.de\/gymnasium\/wp-json\/wp\/v2\/posts\/4357\/revisions"}],"wp:attachment":[{"href":"https:\/\/schulebza.de\/gymnasium\/wp-json\/wp\/v2\/media?parent=4357"}],"wp:term":[{"taxonomy":"category","embeddable":true,"href":"https:\/\/schulebza.de\/gymnasium\/wp-json\/wp\/v2\/categories?post=4357"},{"taxonomy":"post_tag","embeddable":true,"href":"https:\/\/schulebza.de\/gymnasium\/wp-json\/wp\/v2\/tags?post=4357"}],"curies":[{"name":"wp","href":"https:\/\/api.w.org\/{rel}","templated":true}]}}