{"id":4355,"date":"2016-11-15T04:58:17","date_gmt":"2016-11-15T03:58:17","guid":{"rendered":"http:\/\/schulebza.de\/gymnasiumneu\/2016\/11\/15\/auch-in-der-eifel-koennten-vulkane-ausbrechen\/"},"modified":"2016-11-15T04:58:17","modified_gmt":"2016-11-15T03:58:17","slug":"auch-in-der-eifel-koennten-vulkane-ausbrechen","status":"publish","type":"post","link":"https:\/\/schulebza.de\/gymnasium\/2016\/11\/15\/auch-in-der-eifel-koennten-vulkane-ausbrechen\/","title":{"rendered":"Auch in der Eifel k\u00f6nnten Vulkane ausbrechen"},"content":{"rendered":"\n<div style=\"text-align: justify;\"><span style=\"font-family: arial, helvetica, sans-serif; font-size: 10pt;\"><br \/>Vom 28.Septemper bis 30. September machten wir, eine zehnte Klasse aus dem Alfred-Grosser-Schulzentrum Bad Bergzabern und eine zehnte Klasse aus Phalsbourg\/Lothringen eine Erdkunde-Exkursion in die Eifel, um diese besser kennenzulernen. Dies geschah unter der Leitung von Ralf Weiser, welcher diese Fahrt schon seit Jahren organisiert. So starteten die Sch\u00fcler des Alfred-Grosser-Gymnasiums wie geplant am Mittwoch, den 28.September um 7:00 Uhr in der Busstra\u00dfe in Bad Bergzabern. Wir machten uns auf den Weg um die franz\u00f6sischen Sch\u00fcler in Phalsbourg abzuholen. Ab dann konnte unser gemeinsames Programm beginnen. Als erstes stand auf der Tagesordnung eine F\u00fchrung durch das Schieferbergwerg in Fell bei Trier. Dort lernten wir in den unterirdischen G\u00e4ngen etwas \u00fcber die Entstehung, Abbau und Verwendung von Schiefer. Danach besichtigten wir die Urzeitschnecke im Naturpark Teufelsschlucht. Dies ist ein in Schneckenform angelegter begehbarer Zeitstrahl, welcher einen durch die verschiedenen Zeitalter der Erdgeschichte f\u00fchrt. Danach erkundeten wir die imposante Teufelsschlucht; diese befindet sich am Ostrand des Ferschweiler Plateaus in der S\u00fcdeifel nahe Irrel.<\/p>\n<p><\/span><\/div>\n<div style=\"text-align: justify;\"><span style=\"font-family: arial, helvetica, sans-serif; font-size: 10pt;\">Nach diesem spannenden Tag bezogen wir Zimmer in einer Pension in Mehren bei Daun. Wir lie\u00dfen den Abend mit gutem Essen und Gespr\u00e4chen mit den franz\u00f6sischen Sch\u00fclern ausklingen. Am n\u00e4chsten Morgen starteten wir um 8:30 Uhr mit einem hervorragenden Fr\u00fchst\u00fcck in den Tag und machten uns auf zu einer Exkursion durch die Vulkaneifel. Wir begannen am Hinkelsmaar mit einer Einf\u00fchrung in die Thematik des Vulkanismus und erfuhren viel \u00fcber die Entstehung der Maare. Danach sahen wir den einzigen Kratersee n\u00f6rdlich der Alpen um anschlie\u00dfend vulkanisches Gestein am neuen Vulkanerlebnispark zu bestaunen. Der Weg f\u00fchrte zu der von Menschen f\u00fcr den Basaltabbau geschaffenen Wolfsschlucht. An allen Stationen unserer Wanderung erkl\u00e4rte unser sachkundiger F\u00fchrer vom Maarmuseum Manderscheid an Beispielen die Maare n\u00e4her. Beim abschlie\u00dfenden Besuch im Museum konnten wir die Fossilien zahlreicher Organismen bewundern, wie zum Beispiel das hundegro\u00dfe Urpferdchen. Die insgesamt sechs Stunden lange Wanderung war unser pers\u00f6nliches Highlight der Reise, da der sachkundige F\u00fchrer mit viel Humor und Hintergrundwissen interessante Themen erkl\u00e4rte. Den Tag rundete ein Besuch bei einem Kaltwassergeysir und bei den Dauner Maaren ab.<\/p>\n<p><img decoding=\"async\" class=\" size-full wp-image-4354\" style=\"display: block; margin-left: auto; margin-right: auto;\" src=\"http:\/\/schulebza.de\/gymnasiumneu\/wp-content\/uploads\/2016\/11\/Geografie_Exkursion.jpg\" alt=\"Geografie Exkursion\" width=\"620\" height=\"409\" srcset=\"https:\/\/schulebza.de\/gymnasium\/wp-content\/uploads\/2016\/11\/Geografie_Exkursion.jpg 845w, https:\/\/schulebza.de\/gymnasium\/wp-content\/uploads\/2016\/11\/Geografie_Exkursion-300x198.jpg 300w, https:\/\/schulebza.de\/gymnasium\/wp-content\/uploads\/2016\/11\/Geografie_Exkursion-768x506.jpg 768w\" sizes=\"(max-width: 620px) 100vw, 620px\" \/><br \/><\/span><\/div>\n<div style=\"text-align: justify;\"><span style=\"font-family: arial, helvetica, sans-serif; font-size: 10pt;\">Am Freitag besichtigten wir die Wingertsbergwand in der N\u00e4he von Mendig in der Osteifel. Sie ist Zeuge des Ausbruchs des Maria-Laach-Vulkans. Dieser gewaltige Vulkanausbruch geschah um 10930 v. Chr. Wir lernten hier, dass die Eifelvulkane nur eine Ruhepause einlegen, aber wieder aktiv werden. Nur wann, wei\u00df keiner.<\/p>\n<p><a href=\"https:\/\/www.youtube.com\/watch?v=ynJrkKGpbUA&amp;feature=youtu.be\">Hier findet sich ein Video auf Youtube <\/a>des Filmemachers <a href=\"http:\/\/www.videologe.de\">Volker Hoffmann<\/a>, mit Interviews und Bildern.<\/span><\/div>\n<p> <\/p>\n<div style=\"text-align: right;\"><span style=\"font-family: arial, helvetica, sans-serif; font-size: 8pt;\">V<\/span><span style=\"font-family: arial, helvetica, sans-serif; font-size: 8pt;\"><span style=\"font-family: arial, helvetica, sans-serif; font-size: 8pt;\">OL\/Mira Sachs Klasse 10e, 11\/16<br \/><\/span><\/span><\/p>\n<hr \/>\n<p><span style=\"font-family: arial, helvetica, sans-serif; font-size: 8pt;\"><br \/><\/span><\/div>\n","protected":false},"excerpt":{"rendered":"<div style=\"text-align: justify;\"><span style=\"font-family: arial, helvetica, sans-serif; font-size: 10pt;\">Deutsch-Franz\u00f6siche Exkursion in die Eifel<br \/><\/span><\/div>\n","protected":false},"author":1,"featured_media":0,"comment_status":"closed","ping_status":"closed","sticky":false,"template":"","format":"standard","meta":{"footnotes":""},"categories":[511],"tags":[],"class_list":["post-4355","post","type-post","status-publish","format-standard","hentry","category-aktuelle-berichte-ereignisse-aus-dem-schulleben"],"_links":{"self":[{"href":"https:\/\/schulebza.de\/gymnasium\/wp-json\/wp\/v2\/posts\/4355","targetHints":{"allow":["GET"]}}],"collection":[{"href":"https:\/\/schulebza.de\/gymnasium\/wp-json\/wp\/v2\/posts"}],"about":[{"href":"https:\/\/schulebza.de\/gymnasium\/wp-json\/wp\/v2\/types\/post"}],"author":[{"embeddable":true,"href":"https:\/\/schulebza.de\/gymnasium\/wp-json\/wp\/v2\/users\/1"}],"replies":[{"embeddable":true,"href":"https:\/\/schulebza.de\/gymnasium\/wp-json\/wp\/v2\/comments?post=4355"}],"version-history":[{"count":0,"href":"https:\/\/schulebza.de\/gymnasium\/wp-json\/wp\/v2\/posts\/4355\/revisions"}],"wp:attachment":[{"href":"https:\/\/schulebza.de\/gymnasium\/wp-json\/wp\/v2\/media?parent=4355"}],"wp:term":[{"taxonomy":"category","embeddable":true,"href":"https:\/\/schulebza.de\/gymnasium\/wp-json\/wp\/v2\/categories?post=4355"},{"taxonomy":"post_tag","embeddable":true,"href":"https:\/\/schulebza.de\/gymnasium\/wp-json\/wp\/v2\/tags?post=4355"}],"curies":[{"name":"wp","href":"https:\/\/api.w.org\/{rel}","templated":true}]}}