{"id":4350,"date":"2016-10-31T05:16:36","date_gmt":"2016-10-31T04:16:36","guid":{"rendered":"http:\/\/schulebza.de\/gymnasiumneu\/2016\/10\/31\/infoveranstaltung-zum-gap-year\/"},"modified":"2016-10-31T05:16:36","modified_gmt":"2016-10-31T04:16:36","slug":"infoveranstaltung-zum-gap-year","status":"publish","type":"post","link":"https:\/\/schulebza.de\/gymnasium\/2016\/10\/31\/infoveranstaltung-zum-gap-year\/","title":{"rendered":"Infoveranstaltung zum Gap Year"},"content":{"rendered":"<\/div>\n<div style=\"text-align: justify;\"><span style=\"font-family: arial, helvetica, sans-serif; font-size: 10pt;\"><br \/>Alle zwei Jahre findet dazu an unserer Schule eine Informationsveranstaltung statt mit Herrn Landua, der bei der Evangelischen Landeskirche zust\u00e4ndig ist f\u00fcr den Bereich &#8222;Friedensdienst &#8211; Freiwilliger Ziviler Dienst \u2013 Bundesfreiwilligendienst&#8220;. Dieses Jahr kam Landua am Donnerstag, den 6. Oktober, zusammen mit einer Freiwilligen, die gerade ihr \u00d6kologisches Jahr ableistet und von ihren negativen Erfahrungen mit kommerziellen Anbietern von &#8222;Work und Travel&#8220; in Australien berichten konnte.<\/span><\/div>\n<div style=\"text-align: justify;\"><span style=\"font-family: arial, helvetica, sans-serif; font-size: 10pt;\"><br \/>Au\u00dferdem erkl\u00e4rten zwei FSJler ihre Arbeit in unserer Realschule Plus. Sie wiesen darauf hin, dass auch im n\u00e4chsten Schuljahr die M\u00f6glichkeit besteht, sein Freiwillges Soziales Jahr hier abzuleisten. Informationen dazu gibt es bei Herrn Hopp.<\/span><\/div>\n<div style=\"text-align: justify;\"><span style=\"font-family: arial, helvetica, sans-serif;\"><span style=\"font-size: 10pt;\"><br \/>\u00dcbrigens: eine Linkliste zu dem Thema &#8222;Gap Year&#8220;<\/span> <a href=\"index.php?option=com_content&amp;view=category&amp;layout=blog&amp;id=223&amp;Itemid=369\">gibt es auch hier<\/a>.<\/span><\/div>\n<p> <\/p>\n<div style=\"text-align: right;\"><span style=\"font-family: arial, helvetica, sans-serif; font-size: 8pt;\">KLI, 10\/16<\/span><\/p>\n<hr \/>\n<\/div>\n","protected":false},"excerpt":{"rendered":"<div style=\"text-align: justify;\"><span style=\"font-family: arial, helvetica, sans-serif; font-size: 10pt;\">Friedensdienst, Bundesfreiwilligendienst, FSJ, Freiwilliges \u00d6kologisches Jahr, EFD, Weltw\u00e4rts, Work and Travel \u2013 all das sind M\u00f6glichkeiten, die Zeit zwischen dem Abi und dem Studium zu \u00fcberbr\u00fccken. Aber was bedeuten alle diese Begriffe? Und wie muss man sich bewerben? Wann lohnt sich ein solches Auszeit-Jahr?<\/span><\/p>\n","protected":false},"author":1,"featured_media":0,"comment_status":"closed","ping_status":"closed","sticky":false,"template":"","format":"standard","meta":{"footnotes":""},"categories":[615],"tags":[],"class_list":["post-4350","post","type-post","status-publish","format-standard","hentry","category-berufswahl-und-vorbereitung"],"_links":{"self":[{"href":"https:\/\/schulebza.de\/gymnasium\/wp-json\/wp\/v2\/posts\/4350","targetHints":{"allow":["GET"]}}],"collection":[{"href":"https:\/\/schulebza.de\/gymnasium\/wp-json\/wp\/v2\/posts"}],"about":[{"href":"https:\/\/schulebza.de\/gymnasium\/wp-json\/wp\/v2\/types\/post"}],"author":[{"embeddable":true,"href":"https:\/\/schulebza.de\/gymnasium\/wp-json\/wp\/v2\/users\/1"}],"replies":[{"embeddable":true,"href":"https:\/\/schulebza.de\/gymnasium\/wp-json\/wp\/v2\/comments?post=4350"}],"version-history":[{"count":0,"href":"https:\/\/schulebza.de\/gymnasium\/wp-json\/wp\/v2\/posts\/4350\/revisions"}],"wp:attachment":[{"href":"https:\/\/schulebza.de\/gymnasium\/wp-json\/wp\/v2\/media?parent=4350"}],"wp:term":[{"taxonomy":"category","embeddable":true,"href":"https:\/\/schulebza.de\/gymnasium\/wp-json\/wp\/v2\/categories?post=4350"},{"taxonomy":"post_tag","embeddable":true,"href":"https:\/\/schulebza.de\/gymnasium\/wp-json\/wp\/v2\/tags?post=4350"}],"curies":[{"name":"wp","href":"https:\/\/api.w.org\/{rel}","templated":true}]}}