{"id":4326,"date":"2016-06-08T06:48:53","date_gmt":"2016-06-08T04:48:53","guid":{"rendered":"http:\/\/schulebza.de\/gymnasiumneu\/2016\/06\/08\/european-youth-event-eye\/"},"modified":"2016-06-08T06:48:53","modified_gmt":"2016-06-08T04:48:53","slug":"european-youth-event-eye","status":"publish","type":"post","link":"https:\/\/schulebza.de\/gymnasium\/2016\/06\/08\/european-youth-event-eye\/","title":{"rendered":"European Youth Event \u2013 EYE"},"content":{"rendered":"<p> <\/p>\n<div style=\"text-align: justify;\"><span style=\"font-family: arial, helvetica, sans-serif; font-size: 10pt;\">Vor Ort kamen wir in einer angenehmen Herberge in der N\u00e4he des Parlaments unter. Unsere Gruppe (Team Germany), die mit uns gemeinsam dieses Event bestreiten sollte, bestand aus vielen weiteren Sch\u00fclern von Botschafterschulen aus ganz Deutschland. Der erste Abend war zum Kennenlernen gedacht und endete in einem typisch els\u00e4ssischen Flammkuchenrestaurant. Bereits hier wurden schon erste Kontakte gekn\u00fcpft und Freundschaften geschlossen.<\/p>\n<p><\/span><\/div>\n<div style=\"text-align: justify;\"><span style=\"font-family: arial, helvetica, sans-serif; font-size: 10pt;\">Am n\u00e4chsten Tag startete das Event direkt vor dem Parlament mit einer gro\u00dfen Er\u00f6ffnungsfeier mit Reden von f\u00fchrenden Abgeordneten des Europ\u00e4ischen Parlaments und k\u00fcnstlerischen Darbietungen. Anschlie\u00dfend begann das eigentliche Programm: Das gesamte \u201eTeam Germany&#8220; fand sich im vollen Plenarsaal ein und bekam von vier der insgesamt vierzehn Vize-Pr\u00e4sidenten\/Vize-Pr\u00e4sidentinnen erl\u00e4utert, inwiefern die Themen \u201eMenschenrechte&#8220;, \u201eKrieg und Frieden&#8220;, \u201eDemokratie&#8220;, \u201eArbeitslosigkeit&#8220; und \u201eNachhaltigkeit&#8220; im Fokus des Eventsstehen werden. Anschlie\u00dfend verfolgte jeder Teilnehmer andere Aktivit\u00e4ten, bei denen man sich im Parlament oder auch davor, im so genannten YO!Village bewegen konnte. Hierbei wurde zum Beispiel mit Hilfe eines Videospiels zum Thema Umweltschutz, Ideen zur nachhaltigen Lebensweise von den teilnehmenden Jugendlichen erfragt.<\/span><\/div>\n<div><img decoding=\"async\" class=\" size-full wp-image-4325\" style=\"display: block; margin-left: auto; margin-right: auto;\" src=\"http:\/\/schulebza.de\/gymnasiumneu\/wp-content\/uploads\/2016\/06\/EYE_16.jpg\" alt=\"EYE 16\" width=\"640\" height=\"480\" srcset=\"https:\/\/schulebza.de\/gymnasium\/wp-content\/uploads\/2016\/06\/EYE_16.jpg 640w, https:\/\/schulebza.de\/gymnasium\/wp-content\/uploads\/2016\/06\/EYE_16-300x225.jpg 300w, https:\/\/schulebza.de\/gymnasium\/wp-content\/uploads\/2016\/06\/EYE_16-380x285.jpg 380w, https:\/\/schulebza.de\/gymnasium\/wp-content\/uploads\/2016\/06\/EYE_16-285x214.jpg 285w\" sizes=\"(max-width: 640px) 100vw, 640px\" \/><\/div>\n<p> <\/p>\n<div style=\"text-align: justify;\"><span style=\"font-family: arial, helvetica, sans-serif; font-size: 10pt;\">Es kamen aber auch erfahrungsgepr\u00e4gte Pers\u00f6nlichkeiten zu den Veranstaltungen, die uns und allen Teilnehmern von Geschehnissen aus ihrem Leben berichteten. Besonders einpr\u00e4gsam war hierbei der Bericht eines Mannes aus der DR-Kongo, der uns von misshandelten Frauen, Gewalt und Unterdr\u00fcckung erz\u00e4hlte, welche er unter Einsatz seines Lebens zu bek\u00e4mpfen versuchte.<\/span><\/div>\n<div style=\"text-align: justify;\"><span style=\"font-family: arial, helvetica, sans-serif; font-size: 10pt;\">Auch mitrei\u00dfend waren die Geschichten zweier Fl\u00fcchtlinge, die von ihrer Flucht, ihrer Ankunft in der EU und den Anpassungsschwierigkeiten erz\u00e4hlten. Als die junge Frau dabei zu weinen begann, erntete sie Applaus und damit Unterst\u00fctzung und Verst\u00e4ndnis von den Teilnehmern dieser Veranstaltung.<\/span><\/div>\n<div style=\"text-align: justify;\"><span style=\"font-family: arial, helvetica, sans-serif; font-size: 10pt;\">Unsere Gruppe erhielt neben den geplanten Veranstaltungen zus\u00e4tzlich die M\u00f6glichkeit, sich mit dem deutschen Abgeordneten Herrn Jens Gieseke zu unterhalten. Mit ihm konnten wir \u00fcber Themen wie den m\u00f6glichen Brexit, den Alltag eines EU-Politikers und viele weitere Dinge diskutieren.<\/span><\/div>\n<div style=\"text-align: justify;\"><span style=\"font-family: arial, helvetica, sans-serif; font-size: 10pt;\"><br \/>Die zwei Tage im Parlament vergingen wie im Flug und waren auch ein wenig anstrengend, da nicht bei jedem Programmpunkt Dolmetscher vorhanden waren, die uns franz\u00f6sische oder englische Reden \u00fcbersetzten und somit immer vollste Konzentration erforderlich war. Allgemein waren die Eindr\u00fccke die auf einen einprasselten beinahe erschlagend, doch trotz allem sehr interessant und informativ.<\/span><\/div>\n<div style=\"text-align: justify;\"><span style=\"font-family: arial, helvetica, sans-serif; font-size: 10pt;\">Zusammenfassend kann man sagen, dass das EYE (Europaen Youth Event) eine sehr gewinnbringende Veranstaltung war, bei der man lernen, mitmachen, seine Stimme einbringen und Kontakte kn\u00fcpfen konnte und dabei trotz Anstrengung gro\u00dfen Spa\u00df hatte. Wir alle werden die zwei Tage im Parlament in positiver Erinnerung behalten und als Grundlage f\u00fcr die Arbeit als Juniorbotschafter an unserer Schule nutzen.<\/span><\/div>\n<div style=\"text-align: right;\"><span style=\"font-family: arial, helvetica, sans-serif; font-size: 8pt;\"><span style=\"font-family: arial, helvetica, sans-serif; font-size: 8pt;\">WIE, 6\/16<br \/><\/span><\/span><\/p>\n<hr \/>\n<p><span style=\"font-family: arial, helvetica, sans-serif; font-size: 8pt;\"><br \/><\/span><\/div>\n","protected":false},"excerpt":{"rendered":"<p><span style=\"font-family: arial, helvetica, sans-serif; font-size: 10pt;\">Im Rahmen des Projektes \u201eBotschafterschulen in Deutschland&#8220; des Europ\u00e4ischen Parlaments, bei dem sich unser Gymnasium seit etwa drei Monaten engagiert, durften wir als Juniorbotschafter (Johanna Rehm, Lukas Wessa und Maya Engel) zusammen mit einem unserer Seniorbotschafter (Herrn Wiemer) am European Youth Event im Europ\u00e4ischen Parlament vom&nbsp;19. &#8211; 21. Mai&nbsp;in Stra\u00dfburg mit mehr als 7000 weiteren Jugendlichen aus ganz Europa teilnehmen.<\/span><\/p>\n","protected":false},"author":1,"featured_media":0,"comment_status":"closed","ping_status":"closed","sticky":false,"template":"","format":"standard","meta":{"footnotes":""},"categories":[511],"tags":[],"class_list":["post-4326","post","type-post","status-publish","format-standard","hentry","category-aktuelle-berichte-ereignisse-aus-dem-schulleben"],"_links":{"self":[{"href":"https:\/\/schulebza.de\/gymnasium\/wp-json\/wp\/v2\/posts\/4326","targetHints":{"allow":["GET"]}}],"collection":[{"href":"https:\/\/schulebza.de\/gymnasium\/wp-json\/wp\/v2\/posts"}],"about":[{"href":"https:\/\/schulebza.de\/gymnasium\/wp-json\/wp\/v2\/types\/post"}],"author":[{"embeddable":true,"href":"https:\/\/schulebza.de\/gymnasium\/wp-json\/wp\/v2\/users\/1"}],"replies":[{"embeddable":true,"href":"https:\/\/schulebza.de\/gymnasium\/wp-json\/wp\/v2\/comments?post=4326"}],"version-history":[{"count":0,"href":"https:\/\/schulebza.de\/gymnasium\/wp-json\/wp\/v2\/posts\/4326\/revisions"}],"wp:attachment":[{"href":"https:\/\/schulebza.de\/gymnasium\/wp-json\/wp\/v2\/media?parent=4326"}],"wp:term":[{"taxonomy":"category","embeddable":true,"href":"https:\/\/schulebza.de\/gymnasium\/wp-json\/wp\/v2\/categories?post=4326"},{"taxonomy":"post_tag","embeddable":true,"href":"https:\/\/schulebza.de\/gymnasium\/wp-json\/wp\/v2\/tags?post=4326"}],"curies":[{"name":"wp","href":"https:\/\/api.w.org\/{rel}","templated":true}]}}