{"id":4315,"date":"2016-06-09T17:14:00","date_gmt":"2016-06-09T15:14:00","guid":{"rendered":"http:\/\/schulebza.de\/gymnasiumneu\/2016\/06\/09\/zehn-jahre-alfred-grosser-schulzentrum\/"},"modified":"2016-06-09T17:14:00","modified_gmt":"2016-06-09T15:14:00","slug":"zehn-jahre-alfred-grosser-schulzentrum","status":"publish","type":"post","link":"https:\/\/schulebza.de\/gymnasium\/2016\/06\/09\/zehn-jahre-alfred-grosser-schulzentrum\/","title":{"rendered":"Zehn Jahre Alfred-Grosser-Schulzentrum"},"content":{"rendered":"<\/div>\n<div style=\"text-align: left;\"><span style=\"font-family: arial, helvetica, sans-serif; font-size: 10pt;\"><br \/>Als der Br\u00fcssel-Korrespondent Peter Riesbeck in der Aula des Schulzentrums Bad Bergzabern sagte: &#8222;In Br\u00fcssel und in Europa funktioniert mehr, als wir gemeinhin glauben&#8220;, da hatten seine Vorredner bereits vieles aufgez\u00e4hlt, was in Europa zu kritisieren sei. Der Pariser Politologe Alfred Grosser, nach dem das Bergzaberner Schulzentrum seit zehn Jahren benannt ist, begann bei Angela Merkel, die er daf\u00fcr kritisierte, ihre gelungene Fl\u00fcchtlingspolitik vom t\u00fcrkischen Pr\u00e4sidenten gef\u00e4hrden zu lassen. Dann kritisierte er rechte Bewegungen in Europa, die teilweise sogar schon an der Macht seien wie in Ungarn. &#8222;Das transnationale Europa wird immer schw\u00e4cher&#8220;, bedauerte der 91-J\u00e4hrige \u00fcberzeugte Europ\u00e4er. Aber es gebe auch positive Entwicklungen, zum Beispiel die deutlichen Worte gegen Fremdenfeindlichkeit, die hochrangige deutsche Bisch\u00f6fe wie Reinhard Marx oder Kardinal Lehmann gefunden h\u00e4tten.<\/span><\/div>\n<p> <\/p>\n<div><img decoding=\"async\" class=\" size-full wp-image-4312\" style=\"display: block; margin-left: auto; margin-right: auto;\" src=\"http:\/\/schulebza.de\/gymnasiumneu\/wp-content\/uploads\/2016\/06\/10_Jahre_Namensgebung_Podium_1.jpg\" alt=\"10 Jahre Namensgebung Podium 1\" width=\"640\" height=\"426\" srcset=\"https:\/\/schulebza.de\/gymnasium\/wp-content\/uploads\/2016\/06\/10_Jahre_Namensgebung_Podium_1.jpg 640w, https:\/\/schulebza.de\/gymnasium\/wp-content\/uploads\/2016\/06\/10_Jahre_Namensgebung_Podium_1-300x200.jpg 300w, https:\/\/schulebza.de\/gymnasium\/wp-content\/uploads\/2016\/06\/10_Jahre_Namensgebung_Podium_1-570x380.jpg 570w, https:\/\/schulebza.de\/gymnasium\/wp-content\/uploads\/2016\/06\/10_Jahre_Namensgebung_Podium_1-380x254.jpg 380w, https:\/\/schulebza.de\/gymnasium\/wp-content\/uploads\/2016\/06\/10_Jahre_Namensgebung_Podium_1-285x190.jpg 285w\" sizes=\"(max-width: 640px) 100vw, 640px\" \/><\/div>\n<p> <\/p>\n<div style=\"text-align: justify;\"><span style=\"font-family: arial, helvetica, sans-serif; font-size: 10pt;\">Der zweite Redner an diesem Dienstag vor Fronleichnam, Albrecht M\u00fcller, unter den SPD-Kanzlern Willy Brandt und Helmut Schmidt Planungschef im Bundeskanzleramt, ehemaliger SPD-Bundestagsabgeordneter und zur Zeit Mitherausgeber der \u201eNachdenkseiten&#8220; im Internet, war in mehreren Punkte nicht einverstanden mit Alfred Grosser; so zweifelte er dessen Behauptung, der russische Pr\u00e4sident Wladimir Putin finanziere rechtsextreme Parteien in Europa, an. Es stimme auch nicht, dass es uns in Europa doch gut gehe. \u201eSagen Sie das mal der alleinerziehenden Mutter oder den Jugendlichen ohne Perspektive&#8220;. Europa sollte sich darauf besinnen, dass es mal stark war, weil es eine sozialstaatliche Tradition hat. Au\u00dferdem mahnte er: \u201eWenn ein Land st\u00e4ndig \u00dcbersch\u00fcsse erwirtschaftet, dann sind das die Defizite der anderen&#8220;.<\/p>\n<p><\/span><\/div>\n<div style=\"text-align: justify;\"><span style=\"font-family: arial, helvetica, sans-serif; font-size: 10pt;\">Darauf entgegnete wiederum Alfred Grosser, ob man dem deutschen Mittelst\u00e4ndler verbieten solle, seine erfolgreichen Produkte zu exportieren. Grosser blieb dennoch optimistisch und erinnerte am Ende seines Er\u00f6ffnungsstatements an Robert Schuman, der gesagt habe: \u201eWir sind f\u00fcr das Europa der Freiheit, auch f\u00fcr die, die nach Freiheit streben&#8220;.<\/p>\n<p><\/span><\/div>\n<div style=\"text-align: justify;\"><span style=\"font-family: arial, helvetica, sans-serif; font-size: 10pt;\">Daran kn\u00fcpfte der Journalist Peter Riesbeck an, der f\u00fcr gro\u00dfe deutsche Tageszeitungen wie die Berliner Zeitung oder die Frankfurter Rundschau aus Br\u00fcssel \u00fcber Europa berichtet. Er kritisierte aber auch, dass Geschichten \u00fcber Europa h\u00e4ufig nur dann unterzubringen sind, wenn es um Streit und Konflikte gehe. Au\u00dferdem sei ein Problem, dass sich deutsche Medien nur mit deutschen Europapolitikern besch\u00e4ftigten. Dabei gebe es erfolgreiche Projekte, zum Beispiel Erasmus, das Austauschprogramm f\u00fcr Studierende. Peter Riesbeck, der aus der S\u00fcdpfalz stammt, empfahl allerdings, Europa von einem Projekt der Eliten zu einem Projekt der Massen zu machen, zum Beispiel, indem man Erasmus zu einem Programm auch f\u00fcr Auszubildende ausweite.<\/span><\/div>\n<div style=\"text-align: justify;\"><span style=\"font-family: arial, helvetica, sans-serif; font-size: 10pt;\">Auch Lukas Wessa, Sch\u00fcler am Gymnasium im Alfred-Grosser-Schulzentrum, stimmte Peter Riesbeck zu, dass es f\u00fcr Jugendliche wichtig sei, die Welt kennenzulernen. \u201eWir haben Europa in Stra\u00dfburg erlebt, wo wir am Sitz des Europ\u00e4ischen Parlaments Jugendliche getroffen haben&#8220;, berichtete er.<\/p>\n<p><\/span><\/div>\n<div><img decoding=\"async\" class=\" size-full wp-image-4313\" style=\"display: block; margin-left: auto; margin-right: auto;\" src=\"http:\/\/schulebza.de\/gymnasiumneu\/wp-content\/uploads\/2016\/06\/10_Jahre_Namensgebung_Podium_4.jpg\" alt=\"10 Jahre Namensgebung Podium 4\" width=\"640\" height=\"426\" srcset=\"https:\/\/schulebza.de\/gymnasium\/wp-content\/uploads\/2016\/06\/10_Jahre_Namensgebung_Podium_4.jpg 640w, https:\/\/schulebza.de\/gymnasium\/wp-content\/uploads\/2016\/06\/10_Jahre_Namensgebung_Podium_4-300x200.jpg 300w, https:\/\/schulebza.de\/gymnasium\/wp-content\/uploads\/2016\/06\/10_Jahre_Namensgebung_Podium_4-570x380.jpg 570w, https:\/\/schulebza.de\/gymnasium\/wp-content\/uploads\/2016\/06\/10_Jahre_Namensgebung_Podium_4-380x254.jpg 380w, https:\/\/schulebza.de\/gymnasium\/wp-content\/uploads\/2016\/06\/10_Jahre_Namensgebung_Podium_4-285x190.jpg 285w\" sizes=\"(max-width: 640px) 100vw, 640px\" \/><\/div>\n<div style=\"text-align: justify;\"><span style=\"font-family: arial, helvetica, sans-serif; font-size: 10pt;\">Judit Hercegfalvi, die an diesem Tag der Schule den Titel \u201eBotschafterschule des Europ\u00e4ischen Parlaments verlieh&#8220;, bekr\u00e4ftigte, dass Europa trotz aller Konflikte f\u00fcr Austausch und Begegnung stehe. \u201eEs geht uns trotzdem gut, es gibt Zusammenhalt und Solidarit\u00e4t&#8220;, so Hercegfalvi, die im Informationsb\u00fcro des Europ\u00e4ischen Parlaments arbeitet.<\/p>\n<p><\/span><\/div>\n<div style=\"text-align: justify;\"><span style=\"font-family: arial, helvetica, sans-serif; font-size: 10pt;\">Der Mitarbeiter des gr\u00fcnen Europaparlamentariers Sven Giegold, Michael Leibeck, betonte, es sei die Aufgabe von Menschen, die in Br\u00fcssel arbeiten, Europa so zu erkl\u00e4ren, dass es bei den Menschen ankommt, zum Beispiel, dass Europa die Nahrungsmittelspekulation einged\u00e4mmt habe oder das Bankkonto f\u00fcr alle durchgesetzt habe. \u201eVor zwei Jahren gab es bei uns noch eine Million Menschen ohne Konto&#8220;, so Leibeck. Allerdings w\u00fcrden in Br\u00fcssel leider immer noch zu viele Entscheidungen in Hinterzimmern getroffen, stattdessen sollten die Mitgliedsstaaten offenlegen, wof\u00fcr sie in Br\u00fcssel stimmen wollen.<\/p>\n<p><\/span><\/div>\n<div style=\"text-align: justify;\"><span style=\"font-family: arial, helvetica, sans-serif; font-size: 10pt;\">Moderator Berthold Blaes, Deutsch-, Sozialkundelehrer und Leiter der Theater-AG am Gymnasium, betonte, dass die Fl\u00fcchtlinge integriert werden m\u00fcssten; \u201esie kommen wegen des Hungers, den nicht zuletzt unsere Wirtschaftsform ausl\u00f6st.&#8220;<\/span><\/div>\n<div style=\"text-align: justify;\"><span style=\"font-family: arial, helvetica, sans-serif; font-size: 10pt;\">Zum Schluss rief Professor Grosser dazu auf, Europa weiter die Treue zu halten, denn es habe f\u00fcr vieles gesorgt, was uns nur nicht mehr auffalle, weil es selbstverst\u00e4ndlich sei, zum Beispiel f\u00fcr Frieden. Er lobte auch das deutsch-franz\u00f6sische Jugendwerk, bedauerte aber zugleich, dass \u00fcber Positives zu wenig berichtet werde. \u201eIch war zu Gast bei einer Veranstaltung, da haben Jugendliche aus den banlieues, aus den Vorst\u00e4dten, etwas auf deutsch vorgetragen; leider waren kaum Medien da&#8220;, so Alfred Grosser. Es interessiere halt immer nur die Krise, dabei sei eines wichtig, so Sch\u00fclerin Noah Rodrian: \u201eGemeinsamkeit; das ist die beste L\u00f6sung.&#8220;<\/span><\/div>\n<p> <\/p>\n<div style=\"text-align: center;\"><img decoding=\"async\" class=\" size-full wp-image-4314\" style=\"display: block; margin-left: auto; margin-right: auto;\" src=\"http:\/\/schulebza.de\/gymnasiumneu\/wp-content\/uploads\/2016\/06\/10_Jahre_Namensgebung_Podium_3.jpg\" alt=\"10 Jahre Namensgebung Podium 3\" width=\"640\" height=\"350\" srcset=\"https:\/\/schulebza.de\/gymnasium\/wp-content\/uploads\/2016\/06\/10_Jahre_Namensgebung_Podium_3.jpg 640w, https:\/\/schulebza.de\/gymnasium\/wp-content\/uploads\/2016\/06\/10_Jahre_Namensgebung_Podium_3-300x164.jpg 300w\" sizes=\"(max-width: 640px) 100vw, 640px\" \/><br \/><span style=\"font-family: arial, helvetica, sans-serif; font-size: 10pt;\">Im Rahmen des Aulagespr\u00e4chs wurde dem Gymnasium im Alfred-Grosser-Schulzentrum auch der Titel <\/span><br \/><span style=\"font-family: arial, helvetica, sans-serif; font-size: 10pt;\">\u201eBotschafterschule des Europ\u00e4ischen Parlaments&#8220; verliehen. Rechts vorne Prof. Alfred-Grosser, umgeben von Sch\u00fclern und Sch\u00fclerinnen <\/span><br \/><span style=\"font-family: arial, helvetica, sans-serif; font-size: 10pt;\">sowie links hinter ihm Judit Hercegfalvi vom Europ\u00e4ischen Parlament und Sozialkundelehrer Andreas Wiemer hinten rechts.<\/span><\/div>\n<p>Fotos: BI; VOL, 5\/16<\/p>\n<hr \/>\n","protected":false},"excerpt":{"rendered":"<div style=\"text-align: left;\"><span style=\"font-family: arial, helvetica, sans-serif; font-size: 10pt;\">Zum zehnj\u00e4hrigen Jubil\u00e4um der Namensgebung des Schulzentrums in Bad Bergzabern diskutierte Professor Alfred Grosser aus Paris mit G\u00e4sten in der Aula \u00fcber Europa<\/span><\/div>\n<div style=\"text-align: left;\">\n","protected":false},"author":1,"featured_media":0,"comment_status":"closed","ping_status":"closed","sticky":false,"template":"","format":"standard","meta":{"footnotes":""},"categories":[511],"tags":[],"class_list":["post-4315","post","type-post","status-publish","format-standard","hentry","category-aktuelle-berichte-ereignisse-aus-dem-schulleben"],"_links":{"self":[{"href":"https:\/\/schulebza.de\/gymnasium\/wp-json\/wp\/v2\/posts\/4315","targetHints":{"allow":["GET"]}}],"collection":[{"href":"https:\/\/schulebza.de\/gymnasium\/wp-json\/wp\/v2\/posts"}],"about":[{"href":"https:\/\/schulebza.de\/gymnasium\/wp-json\/wp\/v2\/types\/post"}],"author":[{"embeddable":true,"href":"https:\/\/schulebza.de\/gymnasium\/wp-json\/wp\/v2\/users\/1"}],"replies":[{"embeddable":true,"href":"https:\/\/schulebza.de\/gymnasium\/wp-json\/wp\/v2\/comments?post=4315"}],"version-history":[{"count":0,"href":"https:\/\/schulebza.de\/gymnasium\/wp-json\/wp\/v2\/posts\/4315\/revisions"}],"wp:attachment":[{"href":"https:\/\/schulebza.de\/gymnasium\/wp-json\/wp\/v2\/media?parent=4315"}],"wp:term":[{"taxonomy":"category","embeddable":true,"href":"https:\/\/schulebza.de\/gymnasium\/wp-json\/wp\/v2\/categories?post=4315"},{"taxonomy":"post_tag","embeddable":true,"href":"https:\/\/schulebza.de\/gymnasium\/wp-json\/wp\/v2\/tags?post=4315"}],"curies":[{"name":"wp","href":"https:\/\/api.w.org\/{rel}","templated":true}]}}