{"id":4311,"date":"2016-05-30T16:42:50","date_gmt":"2016-05-30T14:42:50","guid":{"rendered":"http:\/\/schulebza.de\/gymnasiumneu\/2016\/05\/30\/zusammenleben-mit-fluechtlingen-in-bad-bergzabern-eine-podiumsdiskussion\/"},"modified":"2016-05-30T16:42:50","modified_gmt":"2016-05-30T14:42:50","slug":"zusammenleben-mit-fluechtlingen-in-bad-bergzabern-eine-podiumsdiskussion","status":"publish","type":"post","link":"https:\/\/schulebza.de\/gymnasium\/2016\/05\/30\/zusammenleben-mit-fluechtlingen-in-bad-bergzabern-eine-podiumsdiskussion\/","title":{"rendered":"Zusammenleben mit Fl\u00fcchtlingen in Bad Bergzabern: eine Podiumsdiskussion"},"content":{"rendered":"\n<div style=\"text-align: justify;\"><span style=\"font-family: arial, helvetica, sans-serif; font-size: 10pt;\">Diese fand in der Aula des Alfred-Grosser-Schulzentrums in Anwesenheit einer neunten Klasse, aller zehnten Klassen und eines 12er-Kurses statt und handelte von dem Zusammenleben mit Fl\u00fcchtlingen in Bad Bergzabern.&nbsp;<\/span><span style=\"font-family: arial, helvetica, sans-serif; font-size: 10pt;\">Auf der B\u00fchne anwesend waren verschiedene Menschen, die sich ehrenamtlich oder hauptamtlich f\u00fcr Fl\u00fcchtlinge einsetzen. Als Sozialarbeiterin war Ulrike Brunck die einzige Hauptamtliche, ehrenamtlich aktiv sind die Integrationshelferin Susan Hardies, der Deutschlehrer f\u00fcr die Orientierungskurse im &#8222;Haus der Familie&#8220; Michael Blum und die Patin Ulla Pradel. Selbstverst\u00e4ndlich waren auch drei Vertreter unserer Fl\u00fcchtlings-AG, Lena Wensch, Charlotte Meszar und Janine Kuroczik, und die Leiterin Fr. Kliewer auf der B\u00fchne sowie Faiza Janbin, die aus Syrien geflohen ist.<\/span><\/div>\n<p> <\/p>\n<div><img decoding=\"async\" class=\" size-full wp-image-4310\" style=\"display: block; margin-left: auto; margin-right: auto;\" src=\"http:\/\/schulebza.de\/gymnasiumneu\/wp-content\/uploads\/2016\/05\/Europa-Tag_Podiumsdiskussion.jpg\" alt=\"Europa-Tag Podiumsdiskussion\" width=\"640\" height=\"358\" srcset=\"https:\/\/schulebza.de\/gymnasium\/wp-content\/uploads\/2016\/05\/Europa-Tag_Podiumsdiskussion.jpg 640w, https:\/\/schulebza.de\/gymnasium\/wp-content\/uploads\/2016\/05\/Europa-Tag_Podiumsdiskussion-300x168.jpg 300w\" sizes=\"(max-width: 640px) 100vw, 640px\" \/><\/div>\n<p> <\/p>\n<div style=\"text-align: justify;\"><span style=\"font-family: arial, helvetica, sans-serif; font-size: 10pt;\">Begonnen hat die Diskussion damit, dass sich die Anwesenden vorstellten und erl\u00e4uterten, wie lange und warum sie aktiv sind und danach wurden Fragen aus dem Publikum gestellt, die im Sozialkunde-Unterricht vorbereitet worden waren.&nbsp;<\/span><span style=\"font-family: arial, helvetica, sans-serif; font-size: 10pt;\">Die erste Frage betraf den Deutschunterricht und wie er ablaufe. Herr Blum erkl\u00e4rte, dass es anfangs sehr schwer war, da es keine Klassen gibt und man erst mal die Fl\u00fcchtlinge in Gruppen einteilen musste. Hierbei wurde vor allem das aktuelle Problem betont, dass Fl\u00fcchtlinge, die noch nicht anerkannt sind, auch keinen Integrationskurs besuchen d\u00fcrfen, sondern nur an den Orientierungskursen teilnehmen k\u00f6nnen, die von Ehrenamtlichen gehalten werden. Das BAMF hatte aber noch Sondermittel f\u00fcr Fl\u00fcchtlinge aus dem Iran, dem Irak, Eritrea und Syrien bis zum Juni bereitgestellt, deshalb konnte bei uns in der Schule in Kooperation mit der Volkshochschule ein Sprachkurs stattfinden. Die n\u00e4chste Frage war, ob Fl\u00fcchtlinge in Deutschland arbeiten k\u00f6nnen und wie ihre M\u00f6glichkeiten sind. In der Tat haben Fl\u00fcchtlinge die M\u00f6glichkeit nach drei Monaten zu arbeiten, sie werden aber oft benachteiligt, da sie kein Deutsch sprechen. Au\u00dferdem werden alle Deutschen und auch Menschen aus anderen EU-L\u00e4ndern bevorzugt, wenn sie sich auf eine Stelle bewerben. Hierbei wurde auch ganz klar das Argument gegen Fl\u00fcchtlinge widerlegt, dass sie einem Deutschen \u201eden Arbeitsplatz weg nehmen&#8220;.<\/p>\n<p><\/span><\/div>\n<div style=\"text-align: justify;\"><span style=\"font-family: arial, helvetica, sans-serif; font-size: 10pt;\">Ein anderes Thema betraf danach die Unterbringung der Fl\u00fcchtlinge. In Bad Bergzabern gibt es \u2013 so f\u00fchrte der Beigeordnete der Verbandsgemeinde Martin Engelhard aus &#8211; aktuell 252 Fl\u00fcchtlinge in Gemeinschaftsunterk\u00fcnften, wobei die meisten in Wohnungen oder H\u00e4usern untergebracht sind. Meistens m\u00fcssen die Fl\u00fcchtlinge sich ein Zimmer zu zweit teilen, haben jedoch in Bad Bergzabern den Vorteil, dass es keine Container oder Zelte f\u00fcr Fl\u00fcchtlinge wie in anderen St\u00e4dten gibt.&nbsp;<\/span><span style=\"font-family: arial, helvetica, sans-serif; font-size: 10pt;\">Au\u00dferdem wurde daraufhin Frau Janbin selbst gefragt, wie sie sich denn f\u00fchle und was sie \u00fcber die Deutschen denke. Sie meinte, dass sie sich mittlerweile sehr wohl f\u00fchle und freundlich aufgenommen wurde, jedoch ab und zu noch gewisse Vorurteile gegen\u00fcber Moslems zu sp\u00fcren bek\u00e4me. Sie wies auf die noch bestehenden Schwierigkeiten hin, Deutsch zu lernen und eine Wohnung zu finden.<\/span><\/div>\n<div style=\"text-align: justify;\"><span style=\"font-family: arial, helvetica, sans-serif; font-size: 10pt;\">&nbsp;<\/span><\/div>\n<div style=\"text-align: justify;\"><span style=\"font-family: arial, helvetica, sans-serif; font-size: 10pt;\">Zusammenfassend kann man jedoch nach dieser Diskussion sagen, dass das Zusammenleben der Fl\u00fcchtlinge, die Integration und die Lebensqualit\u00e4t in Bad Bergzabern verglichen zu den anderen Regionen Deutschlands sehr gut ist. Alle Fl\u00fcchtlinge haben eine Unterkunft und die M\u00f6glichkeit Deutsch zu lernen, wobei das Problem hierbei noch besteht, wie der Unterricht ab Ende Juni in der VHS weitergef\u00fchrt werden kann. Au\u00dferdem sollten die Berufsm\u00f6glichkeiten sowie die M\u00f6glichkeit eine eigene Wohnung zu finden sich noch bessern und die Vorurteile mancher Menschen gegen\u00fcber den Fl\u00fcchtlingen sollten beseitigt werden. Insgesamt sind die Fl\u00fcchtlinge in Bad Bergzabern jedoch gut integriert, was nicht zuletzt auch der Arbeit unserer AG zu verdanken ist, die monatlich Treffen angeboten hat \u2013 vom gemeinsamen Backen und Kochen, \u00fcber einen Erste-Hilfe-Kurs, eine Wanderung auf die Burg Landeck bis hin zu einem Grill- und Spiel-Fest am 20. Mai. Sechs Sch\u00fclerInnen betreuen im Tandem Sch\u00fcler in der Ganztagsschule der Realschule Plus und einmal im Monat spielen zwei Sch\u00fclerinnen mit den Kindern von Fl\u00fcchtlingen, w\u00e4hrend die Erwachsenen zum Caf\u00e9 Grenzenlos gehen.<\/span><\/div>\n<div style=\"text-align: right;\"><span style=\"font-family: arial, helvetica, sans-serif; font-size: 8pt;\"><br \/>Jana Mattes (MSS 12), KLI, 5\/16<\/span><\/div>\n<hr \/>\n","protected":false},"excerpt":{"rendered":"<div style=\"text-align: justify;\"><span style=\"font-family: arial, helvetica, sans-serif; font-size: 10pt;\">Neben dem Planspiel Asylopoly, den Einzelgespr\u00e4chen mit Fl\u00fcchtlingen und einer interessanten Lesung gab es an dem Studientag am 04.05.2016 auch eine gelungene Podiumsdiskussion.&nbsp;<\/span><\/div>\n","protected":false},"author":1,"featured_media":0,"comment_status":"closed","ping_status":"closed","sticky":false,"template":"","format":"standard","meta":{"footnotes":""},"categories":[511],"tags":[],"class_list":["post-4311","post","type-post","status-publish","format-standard","hentry","category-aktuelle-berichte-ereignisse-aus-dem-schulleben"],"_links":{"self":[{"href":"https:\/\/schulebza.de\/gymnasium\/wp-json\/wp\/v2\/posts\/4311","targetHints":{"allow":["GET"]}}],"collection":[{"href":"https:\/\/schulebza.de\/gymnasium\/wp-json\/wp\/v2\/posts"}],"about":[{"href":"https:\/\/schulebza.de\/gymnasium\/wp-json\/wp\/v2\/types\/post"}],"author":[{"embeddable":true,"href":"https:\/\/schulebza.de\/gymnasium\/wp-json\/wp\/v2\/users\/1"}],"replies":[{"embeddable":true,"href":"https:\/\/schulebza.de\/gymnasium\/wp-json\/wp\/v2\/comments?post=4311"}],"version-history":[{"count":0,"href":"https:\/\/schulebza.de\/gymnasium\/wp-json\/wp\/v2\/posts\/4311\/revisions"}],"wp:attachment":[{"href":"https:\/\/schulebza.de\/gymnasium\/wp-json\/wp\/v2\/media?parent=4311"}],"wp:term":[{"taxonomy":"category","embeddable":true,"href":"https:\/\/schulebza.de\/gymnasium\/wp-json\/wp\/v2\/categories?post=4311"},{"taxonomy":"post_tag","embeddable":true,"href":"https:\/\/schulebza.de\/gymnasium\/wp-json\/wp\/v2\/tags?post=4311"}],"curies":[{"name":"wp","href":"https:\/\/api.w.org\/{rel}","templated":true}]}}