{"id":4307,"date":"2016-05-30T16:20:14","date_gmt":"2016-05-30T14:20:14","guid":{"rendered":"http:\/\/schulebza.de\/gymnasiumneu\/2016\/05\/30\/wer-ist-denn-das-volk-wenn-nicht-wir\/"},"modified":"2016-05-30T16:20:14","modified_gmt":"2016-05-30T14:20:14","slug":"wer-ist-denn-das-volk-wenn-nicht-wir","status":"publish","type":"post","link":"https:\/\/schulebza.de\/gymnasium\/2016\/05\/30\/wer-ist-denn-das-volk-wenn-nicht-wir\/","title":{"rendered":"\u201eWer ist denn das Volk, wenn nicht wir?&#8220;"},"content":{"rendered":"\n<div style=\"text-align: justify;\"><span style=\"font-family: arial, helvetica, sans-serif; font-size: 10pt;\">Die Autorin und Bildungsreferentin aus Berlin war im Rahmen des Europatages der Schule nach Bad Bergzabern gekommen.<\/span><\/div>\n<div style=\"text-align: justify;\">&nbsp;<\/div>\n<div style=\"text-align: justify;\"><span style=\"font-family: arial, helvetica, sans-serif; font-size: 10pt;\"><br \/>Der Roman \u201eNachts ist es leise in Teheran&#8220; folgt f\u00fcnf Mitgliedern einer iranischen Familie \u00fcber den Zeitraum von 30 Jahren und spielt in Iran sowie in Deutschland. Jedes der Familienmitglieder bekommt in einem eigenen Kapitel eine Stimme verliehen. Die Kapitel, die jeweils zehn Jahre auseinanderliegen, sind nur Momentaufnahmen und versuchen nicht die vergangene Zeit zusammenzufassen.<\/p>\n<p><\/span><\/div>\n<div style=\"text-align: justify;\"><span style=\"font-family: arial, helvetica, sans-serif; font-size: 10pt;\">Shida Bazyar las aus ihrem im Februar erschienen Erstlingswerk drei Textpassagen, die in den Jahren 1979, 1989 und 1999 spielen, vor und erkl\u00e4rte die politischen Geschehnisse im Iran zu den jeweiligen Zeiten. Das waren einerseits die Vertreibung des letzten Schahs 1979 durch die Islamische Revolution sowie die anschlie\u00dfende R\u00fcckkehr des f\u00fchrenden Regierungskritikers Ruhollah Khomeinis, der den Iran zu einer pr\u00e4sidentiellen Theokratie machte und unter dem es zahlreiche Verletzungen der Menschenrechte gab.<\/p>\n<p><\/span><\/div>\n<div style=\"text-align: justify;\"><span style=\"font-family: arial, helvetica, sans-serif; font-size: 10pt;\">Das Kapitel 1989 spielt in Deutschland, nachdem die Familie mit zwei kleinen Kindern aus dem Iran geflohen ist, da Behsad und seine Frau Nahid weiter politisch aktiv sein wollten. Nahid beschreibt die Schwierigkeiten bei der Integration und denkt \u201eAlle Deutsche sollten mit persischem Akzent reden&#8220;, das Publikum lachte herzlich bei diesem Satz.<\/p>\n<p><\/span><\/div>\n<div style=\"text-align: justify;\"><span style=\"font-family: arial, helvetica, sans-serif; font-size: 10pt;\">Im Anschluss an die Lesung beantwortete Shida Bazyar Fragen zu ihrem Buch und dazu, wie sie zum Schreiben gekommen ist.<\/span><\/div>\n<p> <\/p>\n<div><img decoding=\"async\" class=\" size-full wp-image-4306\" style=\"display: block; margin-left: auto; margin-right: auto;\" src=\"http:\/\/schulebza.de\/gymnasiumneu\/wp-content\/uploads\/2016\/05\/Europa-Tag_Lesung.jpg\" alt=\"Europa-Tag Lesung\" width=\"640\" height=\"427\" srcset=\"https:\/\/schulebza.de\/gymnasium\/wp-content\/uploads\/2016\/05\/Europa-Tag_Lesung.jpg 640w, https:\/\/schulebza.de\/gymnasium\/wp-content\/uploads\/2016\/05\/Europa-Tag_Lesung-300x200.jpg 300w, https:\/\/schulebza.de\/gymnasium\/wp-content\/uploads\/2016\/05\/Europa-Tag_Lesung-570x380.jpg 570w, https:\/\/schulebza.de\/gymnasium\/wp-content\/uploads\/2016\/05\/Europa-Tag_Lesung-380x254.jpg 380w, https:\/\/schulebza.de\/gymnasium\/wp-content\/uploads\/2016\/05\/Europa-Tag_Lesung-285x190.jpg 285w\" sizes=\"(max-width: 640px) 100vw, 640px\" \/><\/div>\n<p> <\/p>\n<div style=\"text-align: justify;\"><span style=\"font-family: arial, helvetica, sans-serif; font-size: 10pt;\">Eine naheliegende Frage, die man Shida Bazyar stellte, war die nach autobiographischen Elementen in ihrem Roman. Darauf antwortete sie, dass sie versucht habe, die Geschichte so weit wie m\u00f6glich von sich selbst wegzuhalten, sich aber durchaus der Realit\u00e4t und Geschehnissen aus ihrem Umfeld bedient habe.<\/p>\n<p><\/span><\/div>\n<div style=\"text-align: justify;\"><span style=\"font-family: arial, helvetica, sans-serif; font-size: 10pt;\">Shida Bazyar, die sich das Schreiben und Lesen noch vor der Einschulung beigebracht hat, da sie nicht von ihren gro\u00dfen Schwestern, die ihr vorlasen, abh\u00e4ngig sein wollte, hatte urspr\u00fcnglich Journalistin als Berufswunsch. Sie dachte, wenn man gerne schreibt, sei die Konsequenz daraus Journalist zu werden. Jedoch war ihr diese Art des Schreiben immer zuwider,\u201eIch mag die Sachlichkeit und dass man so an Fakten gebunden ist nicht&#8220;, so Bazyar.<\/p>\n<p><\/span><\/div>\n<div style=\"text-align: justify;\"><span style=\"font-family: arial, helvetica, sans-serif; font-size: 10pt;\">Am\u00fcsiert erz\u00e4hlte sie auch davon, wie Menschen, die ihr Buch gelesen haben, mehr davon wissen als sie als Autorin. So habe sie zu Beispiel gelesen, eine der Romanfiguren sei ihr&nbsp;<\/span><span style=\"font-family: arial, helvetica, sans-serif; font-size: 10pt;\">Alter Ego, \u201eSch\u00f6n dachte ich mir da, was die alles \u00fcber mich wissen&#8220;, sagte Shida Bazyar mit einem L\u00e4cheln auf den Lippen.<\/span><\/div>\n<p> <\/p>\n<div style=\"text-align: right;\"><span style=\"font-family: arial, helvetica, sans-serif; font-size: 8pt;\"><span style=\"font-family: arial, helvetica, sans-serif; font-size: 8pt;\">VOL, Xenia Y. Zimmermann, 5\/16<br \/><\/span><\/span><\/p>\n<hr \/>\n<p><span style=\"font-family: arial, helvetica, sans-serif; font-size: 8pt;\"><br \/><\/span><\/div>\n","protected":false},"excerpt":{"rendered":"<div style=\"text-align: justify;\"><span style=\"font-family: arial, helvetica, sans-serif; font-size: 10pt;\">Diese Worte stammen von Behsad, einem kommunistischen Revolution\u00e4r, er ist eine Romanfigur von Shida Bazyar. Diese las aus ihrem Deb\u00fctroman \u201eNachts ist es leise in Teheran&#8220; am 04.05.2016 in der Schulbibliothek des Alfred-Grosser-Schulzentrums vor und stand anschlie\u00dfend zu einer Fragerunde bereit. <br \/><\/span><\/div>\n","protected":false},"author":1,"featured_media":0,"comment_status":"closed","ping_status":"closed","sticky":false,"template":"","format":"standard","meta":{"footnotes":""},"categories":[511],"tags":[],"class_list":["post-4307","post","type-post","status-publish","format-standard","hentry","category-aktuelle-berichte-ereignisse-aus-dem-schulleben"],"_links":{"self":[{"href":"https:\/\/schulebza.de\/gymnasium\/wp-json\/wp\/v2\/posts\/4307","targetHints":{"allow":["GET"]}}],"collection":[{"href":"https:\/\/schulebza.de\/gymnasium\/wp-json\/wp\/v2\/posts"}],"about":[{"href":"https:\/\/schulebza.de\/gymnasium\/wp-json\/wp\/v2\/types\/post"}],"author":[{"embeddable":true,"href":"https:\/\/schulebza.de\/gymnasium\/wp-json\/wp\/v2\/users\/1"}],"replies":[{"embeddable":true,"href":"https:\/\/schulebza.de\/gymnasium\/wp-json\/wp\/v2\/comments?post=4307"}],"version-history":[{"count":0,"href":"https:\/\/schulebza.de\/gymnasium\/wp-json\/wp\/v2\/posts\/4307\/revisions"}],"wp:attachment":[{"href":"https:\/\/schulebza.de\/gymnasium\/wp-json\/wp\/v2\/media?parent=4307"}],"wp:term":[{"taxonomy":"category","embeddable":true,"href":"https:\/\/schulebza.de\/gymnasium\/wp-json\/wp\/v2\/categories?post=4307"},{"taxonomy":"post_tag","embeddable":true,"href":"https:\/\/schulebza.de\/gymnasium\/wp-json\/wp\/v2\/tags?post=4307"}],"curies":[{"name":"wp","href":"https:\/\/api.w.org\/{rel}","templated":true}]}}