{"id":4261,"date":"2016-01-28T07:45:44","date_gmt":"2016-01-28T06:45:44","guid":{"rendered":"http:\/\/schulebza.de\/gymnasiumneu\/2016\/01\/28\/schulkantine-wird-erneut-zum-begegnungsort-zwischen-schuelerinnen-und-fluechtlingen\/"},"modified":"2016-01-28T07:45:44","modified_gmt":"2016-01-28T06:45:44","slug":"schulkantine-wird-erneut-zum-begegnungsort-zwischen-schuelerinnen-und-fluechtlingen","status":"publish","type":"post","link":"https:\/\/schulebza.de\/gymnasium\/2016\/01\/28\/schulkantine-wird-erneut-zum-begegnungsort-zwischen-schuelerinnen-und-fluechtlingen\/","title":{"rendered":"Schulkantine wird erneut zum Begegnungsort zwischen Sch\u00fclerInnen und Fl\u00fcchtlingen"},"content":{"rendered":"<p><span style=\"font-family: arial, helvetica, sans-serif; font-size: 10pt;\">Wie viele werden wohl heute kommen?<\/span><\/div>\n<div style=\"text-align: justify;\"><span style=\"font-family: arial, helvetica, sans-serif; font-size: 10pt;\"> Wir hatten einen tollen Flyer von Isabell Mattes und haben damit kr\u00e4ftig in allen Deutschkursen in Bad Bergzabern geworben. Als dann an die 40 Fl\u00fcchtlinge zum Erste Hilfe-Kurs kamen, waren wir dennoch \u00fcberrascht. Wie soll das jetzt gehen?<\/p>\n<p><\/span><\/div>\n<div style=\"text-align: justify;\"><span style=\"font-family: arial, helvetica, sans-serif; font-size: 10pt;\"> Rolf Meder, der seit vielen Jahren an unserer Schule (und auch an anderen) Sch\u00fclerInnen zu Sanit\u00e4tern ausbildet, hatte sich bereit erkl\u00e4rt, gemeinsam mit einigen Sanit\u00e4tshelfern einen Kurs f\u00fcr Fl\u00fcchtlinge anzubieten. &nbsp;Aus seinen Erfahrungen im Ubuhlobo-Projekt (S\u00fcdafrika), wo er jedes Jahr gemeinsam mit Sch\u00fclerInnen Erste Hilfe-Kurse macht, wei\u00df er, dass es dabei auch Sprachbarrieren zu \u00fcberwinden gibt.<\/span><\/div>\n<div style=\"text-align: justify;\"><span style=\"font-family: arial, helvetica, sans-serif; font-size: 10pt;\"> Daher gibt er seine Erkl\u00e4rungen auf Deutsch und Englisch ab, w\u00e4hrend Sarah Boustani diese ins Arabische \u00fcbersetzt. Unter den Fl\u00fcchtlingen sind jedoch auch Freunde aus Eritrea, Afghanistan und dem Iran. Sie haben zwar Schwierigkeiten, bem\u00fchen sich jedoch, mit den Gesten zurechtkommen.<\/p>\n<p> <\/span><\/div>\n<div style=\"text-align: justify;\"><span style=\"font-family: arial, helvetica, sans-serif; font-size: 10pt;\"> Das gelingt immer besser, als die vielen Sanit\u00e4tshelfer aus unserer Schule einfach Hand angelegen und die Teilnehmer auffordern, es selbst in Zweierteams auszuprobieren. Auf dem Programmstehen: die stabile Seitenlage, das Beatmen &nbsp;und das Anlegen eines Druckverbandes sowie das eines Kopfverbandes.<\/span><\/div>\n<p> <\/p>\n<div><img decoding=\"async\" class=\" size-full wp-image-4259\" style=\"display: block; margin-left: auto; margin-right: auto;\" src=\"http:\/\/schulebza.de\/gymnasiumneu\/wp-content\/uploads\/2016\/01\/Erste_Hilfe_2.jpg\" alt=\"Erste Hilfe 2\" width=\"640\" height=\"480\" srcset=\"https:\/\/schulebza.de\/gymnasium\/wp-content\/uploads\/2016\/01\/Erste_Hilfe_2.jpg 640w, https:\/\/schulebza.de\/gymnasium\/wp-content\/uploads\/2016\/01\/Erste_Hilfe_2-300x225.jpg 300w, https:\/\/schulebza.de\/gymnasium\/wp-content\/uploads\/2016\/01\/Erste_Hilfe_2-380x285.jpg 380w, https:\/\/schulebza.de\/gymnasium\/wp-content\/uploads\/2016\/01\/Erste_Hilfe_2-285x214.jpg 285w\" sizes=\"(max-width: 640px) 100vw, 640px\" \/><\/div>\n<p> <\/p>\n<div style=\"text-align: justify;\"><span style=\"font-family: arial, helvetica, sans-serif; font-size: 10pt;\">F\u00fcr viele der Fl\u00fcchtlinge war das sicherlich in mehrfacher Hinsicht neu, denn kaum jemand hatte zuvor einen Erste-Hilfe-Kurs gemacht. Aber auch das ungewohnte Hand-Anlegen war wohl war eine \u00dcberraschung. Auch unsere Helfer mussten erst Gesp\u00fcr daf\u00fcr entwickeln, dass in anderen Kulturen M\u00e4nner auch in solchen \u00dcbungssituationen keine Frauen anfassen wie umgekehrt Frauen keine M\u00e4nner.<\/p>\n<p> <\/span><\/div>\n<div><img decoding=\"async\" class=\" size-full wp-image-4260\" style=\"display: block; margin-left: auto; margin-right: auto;\" src=\"http:\/\/schulebza.de\/gymnasiumneu\/wp-content\/uploads\/2016\/01\/Erste_Hilfe_1.jpg\" alt=\"Erste Hilfe 1\" width=\"640\" height=\"480\" srcset=\"https:\/\/schulebza.de\/gymnasium\/wp-content\/uploads\/2016\/01\/Erste_Hilfe_1.jpg 640w, https:\/\/schulebza.de\/gymnasium\/wp-content\/uploads\/2016\/01\/Erste_Hilfe_1-300x225.jpg 300w, https:\/\/schulebza.de\/gymnasium\/wp-content\/uploads\/2016\/01\/Erste_Hilfe_1-380x285.jpg 380w, https:\/\/schulebza.de\/gymnasium\/wp-content\/uploads\/2016\/01\/Erste_Hilfe_1-285x214.jpg 285w\" sizes=\"(max-width: 640px) 100vw, 640px\" \/><\/div>\n<p> <\/p>\n<div style=\"text-align: justify;\"><span style=\"font-family: arial, helvetica, sans-serif; font-size: 10pt;\">Man arrangierte sich demzufolge in gleichgeschlechtlichen Kleingruppen. Die meisten lie\u00dfen sich so bereitwillig auf die praktischen \u00dcbungen ein und einige haben angefragt, ob es nicht einen Kurs f\u00fcr Frauen mit Kindern geben k\u00f6nnte oder einen in Annweiler. Der heutige Nachmittag war also nur ein Beginn, vielleicht eine Auftaktveranstaltung.<\/p>\n<p><\/span><\/div>\n<div style=\"text-align: justify;\"><span style=\"font-family: arial, helvetica, sans-serif; font-size: 10pt;\"> Um das gemeinsame Lernen und \u00dcben durch Gespr\u00e4che und gegenseitiges Kennenlernen zu vertiefen, bildete ein gemeinsames Essen den Abschluss. Dazu hatten die Sch\u00fcler und Fl\u00fcchtlinge Leckereien mitgebracht.<\/p>\n<p><\/span><\/div>\n<div style=\"text-align: justify;\"><span style=\"font-family: arial, helvetica, sans-serif; font-size: 10pt;\"> Der n\u00e4chste Nachmittag mit Fl\u00fcchtlingen ist am 18. Februar \u2013 da wollen wir gemeinsam Bad Bergzabern entdecken.<\/p>\n<p><\/span><\/div>\n<div style=\"text-align: justify;\"><span style=\"font-family: arial, helvetica, sans-serif; font-size: 10pt;\"> Wer gerne noch mitmachen m\u00f6chte: Wir suchen vor allem noch Tandempartner, die neu angekommene Sch\u00fclerInnen mit Sprachproblemen in der Ganztagsschule betreuen. Wichtig ist dazu, dass man sich verantwortlich erkl\u00e4rt, einmal die Woche ein bis zwei Stunden beim Deutschlernen und Hausaufgabenmachen zu helfen. InteressentInnen melden sich bitte bei Frau Kliewer oder Frau Beinghaus!<\/span><\/div>\n<div style=\"text-align: right;\"><span style=\"font-family: arial, helvetica, sans-serif; font-size: 8pt;\">Kli\/Bei, 1\/16<\/span><\/div>\n<hr \/>\n","protected":false},"excerpt":{"rendered":"<div style=\"text-align: justify;\"><span style=\"font-family: arial, helvetica, sans-serif; font-size: 10pt;\">Die AG Fl\u00fcchtlinge organisierte am Freitag, 22.01.2016 gemeinsam mit den Schulsanis eine Einf\u00fchrung in die Erste Hilfe.<\/span><\/div>\n<div style=\"text-align: justify;\">\n","protected":false},"author":1,"featured_media":0,"comment_status":"closed","ping_status":"closed","sticky":false,"template":"","format":"standard","meta":{"footnotes":""},"categories":[511],"tags":[],"class_list":["post-4261","post","type-post","status-publish","format-standard","hentry","category-aktuelle-berichte-ereignisse-aus-dem-schulleben"],"_links":{"self":[{"href":"https:\/\/schulebza.de\/gymnasium\/wp-json\/wp\/v2\/posts\/4261","targetHints":{"allow":["GET"]}}],"collection":[{"href":"https:\/\/schulebza.de\/gymnasium\/wp-json\/wp\/v2\/posts"}],"about":[{"href":"https:\/\/schulebza.de\/gymnasium\/wp-json\/wp\/v2\/types\/post"}],"author":[{"embeddable":true,"href":"https:\/\/schulebza.de\/gymnasium\/wp-json\/wp\/v2\/users\/1"}],"replies":[{"embeddable":true,"href":"https:\/\/schulebza.de\/gymnasium\/wp-json\/wp\/v2\/comments?post=4261"}],"version-history":[{"count":0,"href":"https:\/\/schulebza.de\/gymnasium\/wp-json\/wp\/v2\/posts\/4261\/revisions"}],"wp:attachment":[{"href":"https:\/\/schulebza.de\/gymnasium\/wp-json\/wp\/v2\/media?parent=4261"}],"wp:term":[{"taxonomy":"category","embeddable":true,"href":"https:\/\/schulebza.de\/gymnasium\/wp-json\/wp\/v2\/categories?post=4261"},{"taxonomy":"post_tag","embeddable":true,"href":"https:\/\/schulebza.de\/gymnasium\/wp-json\/wp\/v2\/tags?post=4261"}],"curies":[{"name":"wp","href":"https:\/\/api.w.org\/{rel}","templated":true}]}}