{"id":4174,"date":"2015-01-13T13:54:22","date_gmt":"2015-01-13T12:54:22","guid":{"rendered":"http:\/\/schulebza.de\/gymnasiumneu\/2015\/01\/13\/unser-gymnasium-wird-certilingua-schule\/"},"modified":"2015-01-13T13:54:22","modified_gmt":"2015-01-13T12:54:22","slug":"unser-gymnasium-wird-certilingua-schule","status":"publish","type":"post","link":"https:\/\/schulebza.de\/gymnasium\/2015\/01\/13\/unser-gymnasium-wird-certilingua-schule\/","title":{"rendered":"Unser Gymnasium wird CertiLingua-Schule"},"content":{"rendered":"\n<div><span style=\"font-size: 10pt; line-height: 150%; font-family: Arial;\"><br \/><img decoding=\"async\" class=\" size-full wp-image-4173\" style=\"display: block; margin-left: auto; margin-right: auto;\" src=\"http:\/\/schulebza.de\/gymnasiumneu\/wp-content\/uploads\/2015\/01\/CertiLingua_Akkreditierungsurkunde.jpg\" alt=\"CertiLingua Akkreditierungsurkunde\" width=\"600\" height=\"416\" srcset=\"https:\/\/schulebza.de\/gymnasium\/wp-content\/uploads\/2015\/01\/CertiLingua_Akkreditierungsurkunde.jpg 640w, https:\/\/schulebza.de\/gymnasium\/wp-content\/uploads\/2015\/01\/CertiLingua_Akkreditierungsurkunde-300x208.jpg 300w\" sizes=\"(max-width: 600px) 100vw, 600px\" \/><\/p>\n<p>Um den Herausforderungen einer globalisierten Welt sowie eines weiter zusammenwachsenden Europas gerecht zu werden, gewinnt vielf\u00e4ltiges Fremdsprachenlernen in den Schulen, insbesondere der bilinguale Sachfachunterricht, zunehmend an Bedeutung.<\/p>\n<p><\/span><\/div>\n<div style=\"text-align: justify;\"><span style=\"font-size: 10pt; line-height: 150%; font-family: Arial;\">Das Gymnasium im Alfred-Grosser-Schulzentrum tr\u00e4gt dieser Entwicklung bereits mit seinen Franz\u00f6sisch- und Englischklassen Rechnung. Zudem ist das deutsch-franz\u00f6sische Abitur <i>AbiBac<\/i> seit langer Zeit ein zentrales Qualifizierungsangebot in der Oberstufe.<\/p>\n<p><\/span><\/div>\n<div style=\"text-align: justify;\"><span style=\"font-size: 10pt; line-height: 150%; font-family: Arial;\">Mit der Akkreditierung als <i>CertiLingua<\/i>-Schule des Landes Rheinland-Pfalz erh\u00e4lt das Gymnasium im Alfred-Grosser-Schulzentrum nun eine weitere M\u00f6glichkeit, Sch\u00fclerinnen und Sch\u00fcler mit au\u00dferordentlicher fremdsprachlicher und interkultureller Kompetenz auszuzeichnen. Das europaweit anerkannte und einheitliche Qualit\u00e4tslabel <i>CertiLingua<\/i> best\u00e4tigt den Absolventinnen und Absolventen als Zusatzzeugnis zum Abitur eine besondere Eignung f\u00fcr internationale Studieng\u00e4nge sowie Ausbildungen in Wirtschaftsunternehmen.<\/p>\n<p><\/span><\/div>\n<div style=\"text-align: justify;\"><i><span style=\"font-size: 10pt; line-height: 150%; font-family: Arial;\">CertiLingua<\/span><\/i><span style=\"font-size: 10pt; line-height: 150%; font-family: Arial;\"> kann von allen Sch\u00fclerinnen und Sch\u00fclern der Sekundarstufe II (MSS) erworben werden, die bis zum Abitur \u2026<\/span><\/div>\n<div style=\"text-align: justify;\">\n<ul>\n<li><span style=\"font-size: 10pt; line-height: 150%; font-family: Arial;\">zwei moderne Fremdsprachen (Englisch, Franz\u00f6sisch und \/ oder Spanisch) fortf\u00fchren und das durch den Europ\u00e4ischen Referenzrahmen ausgewiesene Sprachniveau B2 erreichen,<\/span><\/li>\n<li><span style=\"font-size: 10pt; line-height: 150%; font-family: Arial;\">bilingualen Sachfachunterricht in Geschichte \/ <i>histoire<\/i> bzw. Erdkunde \/ <i>g\u00e9ographie<\/i> belegen und<\/span><\/li>\n<li><span style=\"font-size: 10pt; line-height: 150%; font-family: Arial;\">erfolgreich an einem internationalen Kooperationsprojekt im Rahmen des Fremdsprachen- bzw. bilingualen Sachfachunterrichts teilnehmen.<\/span><\/li>\n<\/ul>\n<p> <span style=\"font-size: 10pt; line-height: 150%; font-family: Arial;\">Als <i>CertiLingua<\/i>-Schule erm\u00f6glicht das Gymnasium im Alfred-Grosser-Schulzentrum seinen MSS-Jahrg\u00e4ngen nun zun\u00e4chst bis 2018 den Erwerb dieses europ\u00e4ischen Zusatzzeugnisses f\u00fcr moderne Fremdsprachen.<\/span><\/div>\n<div style=\"text-align: right;\"><span style=\"font-size: 8pt; line-height: 150%; font-family: Arial;\">RKR, 1\/15<\/span><\/div>\n<hr \/>\n","protected":false},"excerpt":{"rendered":"<p>Um den Herausforderungen einer globalisierten Welt sowie eines weiter zusammenwachsenden Europas gerecht zu werden, gewinnt vielf\u00e4ltiges Fremdsprachenlernen in den Schulen, insbesondere der bilinguale Sachfachunterricht, zunehmend an Bedeutung. Das Gymnasium im Alfred-Grosser-Schulzentrum tr\u00e4gt dieser Entwicklung bereits mit seinen Franz\u00f6sisch- und Englischklassen Rechnung. Zudem ist das deutsch-franz\u00f6sische Abitur AbiBac seit langer Zeit ein zentrales Qualifizierungsangebot in der&#8230;<\/p>\n<p class=\"more-link\"><a href=\"https:\/\/schulebza.de\/gymnasium\/2015\/01\/13\/unser-gymnasium-wird-certilingua-schule\/\" class=\"\"><span>Weiterlesen<\/span><i>&#43;<\/i><\/a><\/p>\n","protected":false},"author":1,"featured_media":0,"comment_status":"closed","ping_status":"closed","sticky":false,"template":"","format":"standard","meta":{"footnotes":""},"categories":[657],"tags":[],"class_list":["post-4174","post","type-post","status-publish","format-standard","hentry","category-657"],"_links":{"self":[{"href":"https:\/\/schulebza.de\/gymnasium\/wp-json\/wp\/v2\/posts\/4174","targetHints":{"allow":["GET"]}}],"collection":[{"href":"https:\/\/schulebza.de\/gymnasium\/wp-json\/wp\/v2\/posts"}],"about":[{"href":"https:\/\/schulebza.de\/gymnasium\/wp-json\/wp\/v2\/types\/post"}],"author":[{"embeddable":true,"href":"https:\/\/schulebza.de\/gymnasium\/wp-json\/wp\/v2\/users\/1"}],"replies":[{"embeddable":true,"href":"https:\/\/schulebza.de\/gymnasium\/wp-json\/wp\/v2\/comments?post=4174"}],"version-history":[{"count":0,"href":"https:\/\/schulebza.de\/gymnasium\/wp-json\/wp\/v2\/posts\/4174\/revisions"}],"wp:attachment":[{"href":"https:\/\/schulebza.de\/gymnasium\/wp-json\/wp\/v2\/media?parent=4174"}],"wp:term":[{"taxonomy":"category","embeddable":true,"href":"https:\/\/schulebza.de\/gymnasium\/wp-json\/wp\/v2\/categories?post=4174"},{"taxonomy":"post_tag","embeddable":true,"href":"https:\/\/schulebza.de\/gymnasium\/wp-json\/wp\/v2\/tags?post=4174"}],"curies":[{"name":"wp","href":"https:\/\/api.w.org\/{rel}","templated":true}]}}