{"id":4170,"date":"2014-12-27T10:17:39","date_gmt":"2014-12-27T09:17:39","guid":{"rendered":"http:\/\/schulebza.de\/gymnasiumneu\/2014\/12\/27\/die-klasse-8d-des-gymnasiums-wuenscht-der-bergzaberner-tafel-frohe-weihnachten\/"},"modified":"2014-12-27T10:17:39","modified_gmt":"2014-12-27T09:17:39","slug":"die-klasse-8d-des-gymnasiums-wuenscht-der-bergzaberner-tafel-frohe-weihnachten","status":"publish","type":"post","link":"https:\/\/schulebza.de\/gymnasium\/2014\/12\/27\/die-klasse-8d-des-gymnasiums-wuenscht-der-bergzaberner-tafel-frohe-weihnachten\/","title":{"rendered":"Die Klasse 8d des Gymnasiums w\u00fcnscht der Bergzaberner Tafel \u201eFrohe Weihnachten\u201c"},"content":{"rendered":"<p><span style=\"font-size: 10pt; font-family: arial, helvetica, sans-serif;\">Am Dienstag, dem 09.12.2014, haben wir in der K\u00fcche der Realschule Plus des Alfred-Grosser-Schulzentrums gemeinsam Pl\u00e4tzchen gebacken. Liebevoll verteilten wir die selbst gebackenen Pl\u00e4tzchen in 100 T\u00fcten, die wir am Donnerstag, dem 11.12.2014, der Bergzaberner Tafel \u00fcberreicht haben.<\/p>\n<p> <\/span> <\/p>\n<div style=\"text-align: justify;\"><span style=\"font-size: 10pt; font-family: arial, helvetica, sans-serif;\"> An dieser Stelle m\u00f6chten wir uns ganz herzlich bei Frau Seidenspinner von der Realschule Plus bedanken, die uns zum Pl\u00e4tzchenbacken die K\u00fcche \u00fcberlassen hat. Au\u00dferdem herzlichen Dank an unsere Eltern, die uns bei der Auswahl vielf\u00e4ltiger Pl\u00e4tzchenrezepte geholfen haben sowie an unsere Klassenlehrerin, Frau Dr. Schilling, die uns bei der Vorbereitung und Umsetzung unseres Projekts unterst\u00fctzt hat.<\/p>\n<p><\/span><img decoding=\"async\" class=\" size-full wp-image-4169\" style=\"display: block; margin-left: auto; margin-right: auto;\" src=\"http:\/\/schulebza.de\/gymnasiumneu\/wp-content\/uploads\/2014\/12\/8d_Tafel.jpg\" alt=\"8d Tafel\" width=\"500\" height=\"334\" srcset=\"https:\/\/schulebza.de\/gymnasium\/wp-content\/uploads\/2014\/12\/8d_Tafel.jpg 453w, https:\/\/schulebza.de\/gymnasium\/wp-content\/uploads\/2014\/12\/8d_Tafel-300x201.jpg 300w, https:\/\/schulebza.de\/gymnasium\/wp-content\/uploads\/2014\/12\/8d_Tafel-380x254.jpg 380w, https:\/\/schulebza.de\/gymnasium\/wp-content\/uploads\/2014\/12\/8d_Tafel-285x190.jpg 285w\" sizes=\"(max-width: 500px) 100vw, 500px\" \/><span style=\"font-size: 10pt; font-family: arial, helvetica, sans-serif;\"><br \/><\/span><\/div>\n<div style=\"text-align: right;\">8d\/SCU, 12\/14<br \/>Foto: Vera Allmann-St\u00fcbinger<\/p>\n<hr \/>\n<\/div>\n","protected":false},"excerpt":{"rendered":"<p><span style=\"font-size: 10pt; font-family: arial, helvetica, sans-serif;\"><span style=\"font-size: 10pt; font-family: arial, helvetica, sans-serif;\">Wir, die Klasse 8d, wollten in der Vorweihnachtszeit anderen Menschen eine kleine Freude bereiten. Unsere Klassenweihnachtsfeier stand deshalb unter dem Motto \u201eBacken f\u00fcr die Bergzaberner Tafel\u201c. <br \/><\/span><\/span><\/p>\n","protected":false},"author":1,"featured_media":0,"comment_status":"closed","ping_status":"closed","sticky":false,"template":"","format":"standard","meta":{"footnotes":""},"categories":[656],"tags":[],"class_list":["post-4170","post","type-post","status-publish","format-standard","hentry","category-656"],"_links":{"self":[{"href":"https:\/\/schulebza.de\/gymnasium\/wp-json\/wp\/v2\/posts\/4170","targetHints":{"allow":["GET"]}}],"collection":[{"href":"https:\/\/schulebza.de\/gymnasium\/wp-json\/wp\/v2\/posts"}],"about":[{"href":"https:\/\/schulebza.de\/gymnasium\/wp-json\/wp\/v2\/types\/post"}],"author":[{"embeddable":true,"href":"https:\/\/schulebza.de\/gymnasium\/wp-json\/wp\/v2\/users\/1"}],"replies":[{"embeddable":true,"href":"https:\/\/schulebza.de\/gymnasium\/wp-json\/wp\/v2\/comments?post=4170"}],"version-history":[{"count":0,"href":"https:\/\/schulebza.de\/gymnasium\/wp-json\/wp\/v2\/posts\/4170\/revisions"}],"wp:attachment":[{"href":"https:\/\/schulebza.de\/gymnasium\/wp-json\/wp\/v2\/media?parent=4170"}],"wp:term":[{"taxonomy":"category","embeddable":true,"href":"https:\/\/schulebza.de\/gymnasium\/wp-json\/wp\/v2\/categories?post=4170"},{"taxonomy":"post_tag","embeddable":true,"href":"https:\/\/schulebza.de\/gymnasium\/wp-json\/wp\/v2\/tags?post=4170"}],"curies":[{"name":"wp","href":"https:\/\/api.w.org\/{rel}","templated":true}]}}