{"id":4121,"date":"2014-07-07T07:10:33","date_gmt":"2014-07-07T05:10:33","guid":{"rendered":"http:\/\/schulebza.de\/gymnasiumneu\/2014\/07\/07\/indien-franzoesische-spezialitaeten-und-ein-krimi\/"},"modified":"2014-07-07T07:10:33","modified_gmt":"2014-07-07T05:10:33","slug":"indien-franzoesische-spezialitaeten-und-ein-krimi","status":"publish","type":"post","link":"https:\/\/schulebza.de\/gymnasium\/2014\/07\/07\/indien-franzoesische-spezialitaeten-und-ein-krimi\/","title":{"rendered":"Indien, franz\u00f6sische Spezialit\u00e4ten und ein Krimi"},"content":{"rendered":"\n<div style=\"text-align: justify;\"><strong><span style=\"font-size: 10pt; font-family: Arial;\">Sie konnten Buch- und Geldpreise mit nach Hause nehmen. Die Teilnehmer des Einzelwettbewerbs erhielten au\u00dferdem einen Gutschein f\u00fcr das Ablegen eines internationalen Sprachzertifikats, die Teilnehmer des Teamwettbewerbs eine Reise nach London. Insgesamt hatten 204 Einzelteilnehmer und 63 Teams teilgenommen.<\/p>\n<p><\/span><\/strong><\/div>\n<div style=\"text-align: justify;\"><span style=\"font-size: 10pt; font-family: Arial;\">In Franz\u00f6sisch waren landestypische Spezialit\u00e4ten Thema. Die Sch\u00fcler erhielten vor dem Wettbewerb Internetadressen mit Spezialit\u00e4ten aus ganz Frankreich. \u201eDie haben die alle gelernt, obwohl da teilweise exotische Gerichte dabei waren\u201c, sagt die betreuende Lehrerin des Gymnasiums im Alfred-Grosser-Schulzentrum Bad Bergzabern, Catherine Schejok. Der Einzelwettbewerb fand am 23. Januar statt. Dort kamen dann unter anderem einige der Spezialit\u00e4ten dran. \u201eDas war selbst f\u00fcr uns Lehrer sehr anspruchsvoll\u201c, sagt Frau Schejok. Aber die Bergzaberner Gymnasiasten hatten in der f\u00fcnfst\u00fcndigen Pr\u00fcfung Erfolg: Jonathan Baral (Klasse 9b) und Juliane Henrich (9a) gewannen einen 3. Preis in Franz\u00f6sisch (Buchpreise und je 50 Euro), H\u00e9lo\u00efse Meyer (9b) gewann einen 1. Preis in Franz\u00f6sisch (Buchpreise und 70 Euro), Annalena Schwarz (9a) erhielt einen Preis f\u00fcr herausragende Leistungen im Fach Franz\u00f6sisch (Buchpreise und 250 Euro) und No\u00eblle Reichenbacher (9a) war Landessiegerein und erhielt f\u00fcr herausragende Leistungen im Fach Franz\u00f6sisch Buchpreise, 250 Euro und einen Gutschein f\u00fcr das Ablegen des Delf-Zertifikats (internationales Sprachenzertifikat). Annalena Schwarz und No\u00eblle Reichenbacher sind beide auch f\u00fcr den Wettbewerb auf Bundesebene im September qualifiziert. Lehrerin Catherine Schejok ist von allen Sch\u00fclern begeistert: \u201eDie Sprache als Schulfach tritt in den Hintergrund und die Sch\u00fcler erleben sie als Kommunikationsmedium, mit dem man einen Erfolg erzielt.\u201c<\/p>\n<p> <\/span><\/div>\n<div style=\"text-align: justify;\"><span style=\"font-size: 10pt; font-family: Arial;\">In Englisch war das Thema Indien und auch hier mussten die Sch\u00fcler Texte verstehen, die sie h\u00f6ren beziehungsweise lesen konnten. Au\u00dferdem mussten sie kleine Texte verfassen.&nbsp;<\/span><span style=\"font-family: Arial; font-size: 10pt; line-height: 1.3em;\">Die Teilnehmerinnen und Teilnehmer trafen sich mit ihrer betreuenden Lehrerin jeden Freitag zus\u00e4tzlich zum Unterricht.<\/span><\/div>\n<div style=\"text-align: justify;\"><span style=\"font-size: 10pt; font-family: Arial;\">&nbsp;<\/span><\/div>\n<div style=\"text-align: justify;\"><span style=\"font-size: 10pt; font-family: Arial;\">Im Teamwettbewerb mussten die Sch\u00fcler bis 15. Februar sogar einen eigenen Krimi filmen. Das Drehbuch schrieben sie selbst. Mit dem Film \u201eAttention au lapin\u201c haben Annalena Schwarz, Juliane Henrich, Katrin Kerth, Teresa Kern, Madlen Kolb, Fabienne Bohlender und Luisa Frech einen ersten Landespreis gewonnen und waren auf Bundesebene qualifiziert. Auf Landesebene haben sie am besten abgeschnitten und Buchpreise, 250 Euro und eine Reise nach London gewonnen.<br \/><\/span><\/div>\n<p> <\/p>\n<div><img decoding=\"async\" class=\" size-full wp-image-4120\" style=\"display: block; margin-left: auto; margin-right: auto;\" src=\"http:\/\/schulebza.de\/gymnasiumneu\/wp-content\/uploads\/2014\/07\/Preistraeger_Bundesfremdsprachenwettbewerb.jpg\" alt=\"Preistraeger Bundesfremdsprachenwettbewerb\" width=\"600\" height=\"422\" srcset=\"https:\/\/schulebza.de\/gymnasium\/wp-content\/uploads\/2014\/07\/Preistraeger_Bundesfremdsprachenwettbewerb.jpg 640w, https:\/\/schulebza.de\/gymnasium\/wp-content\/uploads\/2014\/07\/Preistraeger_Bundesfremdsprachenwettbewerb-300x211.jpg 300w\" sizes=\"(max-width: 600px) 100vw, 600px\" \/><\/div>\n<div style=\"text-align: center;\"><span style=\"font-size: 8pt; font-family: Arial;\"><br \/>Annalena Schwarz, Fabienne Bohlender, Teresa Kern, Luisa Frech, Katrin Kerth, Juliane Henrich, Madlen Kolb<\/span><\/div>\n<div style=\"text-align: justify;\"><span style=\"font-size: 10pt; font-family: Arial;\">Au\u00dferdem wurden am Mittwoch in der Aula des Gymnasiums Bad Bergzabern Preistr\u00e4ger des Gymnasiums Weiherhof (Donnersbergkreis) und des Johannes-Gymnasiums Lahnstein geehrt. Die Preise wurden von Barbara Challe vom Ministerium f\u00fcr Bildung, Wissenschaft, Weiterbildung und Kultur sowie von Anke Follmann-Heck (Landesbeauftrage f\u00fcr den Bundeswettbewerb Fremdsprachen) und Martina Gro\u00df (Regionalbeauftragte) vergeben.<\/p>\n<p> <\/span><\/div>\n<p> <span style=\"font-size: 10pt; font-family: Arial;\">Die Sch\u00fcler f\u00fchrten folgende selbst verfasste fremdsprachige St\u00fccke (bzw. Filme) auf:<i>&nbsp;<\/i><\/span><\/p>\n<p><span style=\"font-size: 10pt; font-family: Arial;\">&#8211;<span style=\"font-size: 7pt; line-height: normal; font-family: 'Times New Roman';\">&nbsp; <\/span><\/span><i><span style=\"font-size: 10pt; font-family: Arial;\">Cam\u00e9ra Casier<\/span><\/i><span style=\"font-size: 10pt; font-family: Arial;\">, Klasse 9, S\u00e9verine Lenoir, Gymnasium Weiherhof<\/span><\/p>\n<p><span style=\"font-size: 10pt; font-family: Arial;\">&#8211;<span style=\"font-size: 7pt; line-height: normal; font-family: 'Times New Roman';\">&nbsp; <\/span><\/span><i><span style=\"font-size: 10pt; font-family: Arial;\">Macbeth in the News<\/span><\/i><span style=\"font-size: 10pt; font-family: Arial;\">, Klassen 8 und 9, Paul Dennis, Privates Johannes-Gymnasium<\/span><\/p>\n<p><span style=\"font-size: 10pt; font-family: Arial;\">&#8211;<span style=\"font-size: 7pt; line-height: normal; font-family: 'Times New Roman';\">&nbsp; <\/span><\/span><i><span style=\"font-size: 10pt; font-family: Arial;\">Attention au lapin<\/span><\/i><span style=\"font-size: 10pt; font-family: Arial;\">, Klasse 9, Catherine Schejok, Alfred-Grosser-Schulzentrum<i>&nbsp;<\/i><\/span><i>&nbsp;<\/i><\/p>\n<p><span style=\"font-size: 10pt; font-family: Arial;\">Beim Festakt spielte die Jazz-Combo unter Leitung von Theodor Schmidt und der Musical-Chor unter Leitung von Christoph Bornschein.<\/p>\n<p><\/span> <\/p>\n<div style=\"text-align: right;\"><span style=\"font-size: 8pt;\">VOL, 7\/14<\/span><\/div>\n<hr \/>\n","protected":false},"excerpt":{"rendered":"<p><strong><span style=\"font-family: Arial; font-size: 12pt; line-height: 1.3em;\">Beim Bundesfremdsprachenwettbewerb m\u00fcssen die Sch\u00fcler sich mit der Sprache wirklich auskennen<\/span><\/strong><\/p>\n<div style=\"text-align: justify;\"><strong><span style=\"font-size: 10pt; font-family: Arial;\">Bei der Preisverleihung des Bundeswettbewerbs Fremdsprachen am Mittwoch, 2. 7.&nbsp; in Bad Bergzabern kamen von 34 Landessiegern im Einzelwettbewerb f\u00fcnf vom Gymnasium Bad Bergzabern, von sieben Siegern im Teamwettbewerb eines. <\/span><\/strong><\/div>\n","protected":false},"author":1,"featured_media":0,"comment_status":"closed","ping_status":"closed","sticky":false,"template":"","format":"standard","meta":{"footnotes":""},"categories":[656],"tags":[],"class_list":["post-4121","post","type-post","status-publish","format-standard","hentry","category-656"],"_links":{"self":[{"href":"https:\/\/schulebza.de\/gymnasium\/wp-json\/wp\/v2\/posts\/4121","targetHints":{"allow":["GET"]}}],"collection":[{"href":"https:\/\/schulebza.de\/gymnasium\/wp-json\/wp\/v2\/posts"}],"about":[{"href":"https:\/\/schulebza.de\/gymnasium\/wp-json\/wp\/v2\/types\/post"}],"author":[{"embeddable":true,"href":"https:\/\/schulebza.de\/gymnasium\/wp-json\/wp\/v2\/users\/1"}],"replies":[{"embeddable":true,"href":"https:\/\/schulebza.de\/gymnasium\/wp-json\/wp\/v2\/comments?post=4121"}],"version-history":[{"count":0,"href":"https:\/\/schulebza.de\/gymnasium\/wp-json\/wp\/v2\/posts\/4121\/revisions"}],"wp:attachment":[{"href":"https:\/\/schulebza.de\/gymnasium\/wp-json\/wp\/v2\/media?parent=4121"}],"wp:term":[{"taxonomy":"category","embeddable":true,"href":"https:\/\/schulebza.de\/gymnasium\/wp-json\/wp\/v2\/categories?post=4121"},{"taxonomy":"post_tag","embeddable":true,"href":"https:\/\/schulebza.de\/gymnasium\/wp-json\/wp\/v2\/tags?post=4121"}],"curies":[{"name":"wp","href":"https:\/\/api.w.org\/{rel}","templated":true}]}}