{"id":3954,"date":"2012-12-15T07:18:50","date_gmt":"2012-12-15T06:18:50","guid":{"rendered":"http:\/\/schulebza.de\/gymnasiumneu\/2012\/12\/15\/sofi-schroeer-im-finale-von-designwettbewerb\/"},"modified":"2012-12-15T07:18:50","modified_gmt":"2012-12-15T06:18:50","slug":"sofi-schroeer-im-finale-von-designwettbewerb","status":"publish","type":"post","link":"https:\/\/schulebza.de\/gymnasium\/2012\/12\/15\/sofi-schroeer-im-finale-von-designwettbewerb\/","title":{"rendered":"Sofie Schr\u00f6er im Finale von Designwettbewerb"},"content":{"rendered":"<div><strong><span style=\"font-size: 10pt; line-height: 115%; font-family: Arial; color: #000000;\">Sofie Schr\u00f6er erreicht das Finale des Designwettbewerbs &#8222;Mein Style 2012&#8220; <\/span><\/strong><\/p>\n<\/div>\n<div style=\"text-align: justify;\"><span style=\"font-size: 10pt; line-height: 115%; font-family: Arial;\">Aus mehr als 200 Bewerbern wurde Sofie Schr\u00f6er (10a) aus Winden mit sieben weiteren Kandidaten ausgew\u00e4hlt, um in einem Wettbewerb des Kinder- und Jugendkanals von ARD und ZDF (KiKA) ihr designerisches K\u00f6nnen unter Beweis zu stellen. In den vier aufeinanderfolgenden Live-Shows Ende Oktober 2012 in Erfurt zeigte die junge Modemacherin ihre selbst entworfenen und gen\u00e4hten Kleider.<br \/>Sofie schaffte es, mit ihren farbenfrohen und sehr gut verarbeiteten Kreationen zu punkten und wurde von den Zuschauern bis in das Finale gew\u00e4hlt.&nbsp;<\/span><\/div>\n<div>&nbsp;<\/div>\n<p style=\"text-align: center;\"><img decoding=\"async\" class=\" size-full wp-image-3953\" style=\"margin-top: 10px; margin-bottom: 10px; display: block; margin-left: auto; margin-right: auto;\" src=\"http:\/\/schulebza.de\/gymnasiumneu\/wp-content\/uploads\/2012\/12\/schr%C3%B6erdesign.jpg\" alt=\"schr\u00f6erdesign\" width=\"600\" height=\"400\" \/><span class=\"caption\">Sofie und Kameramann Mark, der sie am Finaltag unentwegt begleitet hat &nbsp; &nbsp; &nbsp; &nbsp; &nbsp; &nbsp; &nbsp; &nbsp; &nbsp; &nbsp; &nbsp; &nbsp; &nbsp; &nbsp;&nbsp;<\/span><span class=\"caption\" style=\"font-size: 8pt;\">&nbsp;Foto: Privat<\/span><\/p>\n<p><span style=\"font-size: 10pt; line-height: 115%; font-family: Arial;\">&nbsp;<\/span><\/p>\n<p><span style=\"font-size: 10pt; line-height: 115%; font-family: Arial;\">Weitere Bilder und Informationen unter:<\/span><\/p>\n<p><span style=\"font-size: 10pt; line-height: 115%; font-family: Arial;\">&nbsp;<\/span><\/p>\n<p>&nbsp;<\/p>\n<p><span style=\"font-size: 10pt; line-height: 115%; font-family: Arial;\"><a href=\"http:\/\/www.kika.de\/fernsehen\/a_z\/k\/kika_live\/sendung\/aktionen\/mein_style\/finale.shtml\">&nbsp;<\/a><a href=\"http:\/\/www.kika.de\/fernsehen\/a_z\/k\/kika_live\/sendung\/aktionen\/mein_style\/finale.shtml\">http:\/\/www.kika.de\/fernsehen\/a_z\/k\/kika_live\/sendung\/aktionen\/mein_style\/finale.shtml<\/a> <a href=\"http:\/\/www.kika.de\/fernsehen\/a_z\/k\/kika_live\/sendung\/bildergalerie\/mein_style\/index.shtml\">&nbsp;<\/a><a href=\"http:\/\/www.kika.de\/fernsehen\/a_z\/k\/kika_live\/sendung\/bildergalerie\/mein_style\/index.shtml\">http:\/\/www.kika.de\/fernsehen\/a_z\/k\/kika_live\/sendung\/bildergalerie\/mein_style\/index.shtml<\/a><\/span><\/p>\n<p style=\"text-align: left;\"><span style=\"font-size: 10pt; line-height: 115%; font-family: Arial;\"><span style=\"font-size: 10pt; line-height: 115%; font-family: Arial;\">&nbsp;<\/span><\/span><\/p>\n<p style=\"text-align: left;\"><span style=\"font-size: 10pt; line-height: 115%; font-family: Arial;\"><span style=\"font-size: 10pt; line-height: 115%; font-family: Arial;\">Die Schulgemeinschaft gratuliert Sofie zu ihrem Erfolg!<\/p>\n<p><\/span><\/span><\/p>\n<p style=\"text-align: left;\">&nbsp;<\/p>\n<hr \/>\n<div>&nbsp;<\/div>\n<p>&nbsp;<\/p>\n","protected":false},"excerpt":{"rendered":"<p>Sofie Schr\u00f6er erreicht das Finale des Designwettbewerbs &#8222;Mein Style 2012&#8220; Aus mehr als 200 Bewerbern wurde Sofie Schr\u00f6er (10a) aus Winden mit sieben weiteren Kandidaten ausgew\u00e4hlt, um in einem Wettbewerb des Kinder- und Jugendkanals von ARD und ZDF (KiKA) ihr designerisches K\u00f6nnen unter Beweis zu stellen. In den vier aufeinanderfolgenden Live-Shows Ende Oktober 2012 in&#8230;<\/p>\n<p class=\"more-link\"><a href=\"https:\/\/schulebza.de\/gymnasium\/2012\/12\/15\/sofi-schroeer-im-finale-von-designwettbewerb\/\" class=\"\"><span>Weiterlesen<\/span><i>&#43;<\/i><\/a><\/p>\n","protected":false},"author":1,"featured_media":0,"comment_status":"closed","ping_status":"closed","sticky":false,"template":"","format":"standard","meta":{"footnotes":""},"categories":[649],"tags":[],"class_list":["post-3954","post","type-post","status-publish","format-standard","hentry","category-649"],"_links":{"self":[{"href":"https:\/\/schulebza.de\/gymnasium\/wp-json\/wp\/v2\/posts\/3954","targetHints":{"allow":["GET"]}}],"collection":[{"href":"https:\/\/schulebza.de\/gymnasium\/wp-json\/wp\/v2\/posts"}],"about":[{"href":"https:\/\/schulebza.de\/gymnasium\/wp-json\/wp\/v2\/types\/post"}],"author":[{"embeddable":true,"href":"https:\/\/schulebza.de\/gymnasium\/wp-json\/wp\/v2\/users\/1"}],"replies":[{"embeddable":true,"href":"https:\/\/schulebza.de\/gymnasium\/wp-json\/wp\/v2\/comments?post=3954"}],"version-history":[{"count":0,"href":"https:\/\/schulebza.de\/gymnasium\/wp-json\/wp\/v2\/posts\/3954\/revisions"}],"wp:attachment":[{"href":"https:\/\/schulebza.de\/gymnasium\/wp-json\/wp\/v2\/media?parent=3954"}],"wp:term":[{"taxonomy":"category","embeddable":true,"href":"https:\/\/schulebza.de\/gymnasium\/wp-json\/wp\/v2\/categories?post=3954"},{"taxonomy":"post_tag","embeddable":true,"href":"https:\/\/schulebza.de\/gymnasium\/wp-json\/wp\/v2\/tags?post=3954"}],"curies":[{"name":"wp","href":"https:\/\/api.w.org\/{rel}","templated":true}]}}