{"id":3938,"date":"2012-09-20T16:40:43","date_gmt":"2012-09-20T14:40:43","guid":{"rendered":"http:\/\/schulebza.de\/gymnasiumneu\/2012\/09\/20\/ausstellung-reise-in-den-tod-in-landau\/"},"modified":"2012-09-20T16:40:43","modified_gmt":"2012-09-20T14:40:43","slug":"ausstellung-reise-in-den-tod-in-landau","status":"publish","type":"post","link":"https:\/\/schulebza.de\/gymnasium\/2012\/09\/20\/ausstellung-reise-in-den-tod-in-landau\/","title":{"rendered":"Ausstellung &#8222;Reise in den Tod&#8220; in Landau"},"content":{"rendered":"<p><span style=\"font-size: 10pt; font-family: 'Arial','sans-serif';\">&nbsp;<\/span> <\/p>\n<div style=\"text-align: center;\"><img decoding=\"async\" class=\" size-full wp-image-3932\" src=\"http:\/\/schulebza.de\/gymnasiumneu\/wp-content\/uploads\/2012\/09\/flyerback_Klein.jpg\" alt=\"flyerback Klein\" width=\"700\" height=\"330\" srcset=\"https:\/\/schulebza.de\/gymnasium\/wp-content\/uploads\/2012\/09\/flyerback_Klein.jpg 854w, https:\/\/schulebza.de\/gymnasium\/wp-content\/uploads\/2012\/09\/flyerback_Klein-300x142.jpg 300w, https:\/\/schulebza.de\/gymnasium\/wp-content\/uploads\/2012\/09\/flyerback_Klein-768x362.jpg 768w\" sizes=\"(max-width: 700px) 100vw, 700px\" \/> <span style=\"font-size: 10pt; font-family: 'Arial','sans-serif';\">&nbsp;<\/span><\/div>\n<p> <span style=\"font-size: 10pt; font-family: 'Arial','sans-serif';\">Die ehemalige Klasse 10a hat im Deutschunterricht des letzten Schuljahrs B\u00fccher zum Thema Holocaust gelesen und dazu dann Koffer gestaltet. Vier dieser Koffer sind nun Teil der Ausstellung &#8222;Anne Frank und all die anderen&#8220;, die vom 17. bis zum 19. September im &#8222;Haus am Westbahnhof&#8220; gezeigt wurde und vom 22. Oktober bis zum 9. November dann noch einmal in der Stadtb\u00fccherei in Landau zu sehen sein wird. Alle Sch\u00fclerInnen und LehrerInnen sind herzlich eingeladen, sich diese Ausstellung noch anzusehen. Am 22. Oktober gibt es die Wiederer\u00f6ffnung mit einer Stolperstein-Verlegung, am 23. Oktober eine Veranstaltung des Stadtarchivars Michael Martin zum Thema &#8222;Landau im Nationalsozialismus&#8220;!<\/span><\/p>\n<p> <span style=\"font-size: 10pt; font-family: 'Arial','sans-serif';\">Hier ist eine Liste unserer B\u00fccher, die wir eigentlich alle empfehlen k\u00f6nnen, mit den Bildern der ausgew\u00e4hlten Koffer:<\/span><br \/><span style=\"font-size: 10pt; font-family: 'Arial','sans-serif';\">&nbsp;<\/span> <\/p>\n<div><img decoding=\"async\" class=\" size-full wp-image-3933\" style=\"vertical-align: bottom; margin: 5px;\" src=\"http:\/\/schulebza.de\/gymnasiumneu\/wp-content\/uploads\/2012\/09\/Unscharfe_Bilder_Klein.jpg\" alt=\"Unscharfe Bilder Klein\" width=\"500\" height=\"376\" srcset=\"https:\/\/schulebza.de\/gymnasium\/wp-content\/uploads\/2012\/09\/Unscharfe_Bilder_Klein.jpg 639w, https:\/\/schulebza.de\/gymnasium\/wp-content\/uploads\/2012\/09\/Unscharfe_Bilder_Klein-300x225.jpg 300w, https:\/\/schulebza.de\/gymnasium\/wp-content\/uploads\/2012\/09\/Unscharfe_Bilder_Klein-380x285.jpg 380w, https:\/\/schulebza.de\/gymnasium\/wp-content\/uploads\/2012\/09\/Unscharfe_Bilder_Klein-285x214.jpg 285w\" sizes=\"(max-width: 500px) 100vw, 500px\" \/><\/div>\n<div style=\"text-align: left;\"><span style=\"font-size: 10pt; font-family: 'Arial','sans-serif';\"><em>Ulla Hahn: Unscharfe Bilder<\/em><\/span><\/div>\n<p><span style=\"font-size: 10pt; font-family: 'Arial','sans-serif';\">Jurek Becker: Jakob, der L\u00fcgner<\/span><\/p>\n<p> <span style=\"font-size: 10pt; font-family: 'Arial','sans-serif';\">Carl Friedman: Vater<\/span><\/p>\n<p> <img decoding=\"async\" class=\" size-full wp-image-3934\" src=\"http:\/\/schulebza.de\/gymnasiumneu\/wp-content\/uploads\/2012\/09\/Maus_Klein.jpg\" alt=\"Maus Klein\" width=\"500\" height=\"376\" srcset=\"https:\/\/schulebza.de\/gymnasium\/wp-content\/uploads\/2012\/09\/Maus_Klein.jpg 639w, https:\/\/schulebza.de\/gymnasium\/wp-content\/uploads\/2012\/09\/Maus_Klein-300x225.jpg 300w, https:\/\/schulebza.de\/gymnasium\/wp-content\/uploads\/2012\/09\/Maus_Klein-380x285.jpg 380w, https:\/\/schulebza.de\/gymnasium\/wp-content\/uploads\/2012\/09\/Maus_Klein-285x214.jpg 285w\" sizes=\"(max-width: 500px) 100vw, 500px\" \/><br \/><span style=\"font-size: 10pt; font-family: 'Arial','sans-serif';\"><br \/><em>Art Spiegelman: Maus<\/em><\/span><br style=\"font-size: 10pt; font-family: 'Arial','sans-serif';\" \/>&nbsp; <span style=\"font-size: 10pt; font-family: 'Arial','sans-serif';\">&nbsp;<\/span><br \/> <span style=\"font-size: 10pt; font-family: 'Arial','sans-serif';\">Rolf Hochhuth: Der Stellvertreter<\/span><\/p>\n<p><img decoding=\"async\" class=\" size-full wp-image-3935\" src=\"http:\/\/schulebza.de\/gymnasiumneu\/wp-content\/uploads\/2012\/09\/Furcht_und_Elend_Klein.jpg\" alt=\"Furcht und Elend Klein\" width=\"500\" height=\"376\" srcset=\"https:\/\/schulebza.de\/gymnasium\/wp-content\/uploads\/2012\/09\/Furcht_und_Elend_Klein.jpg 639w, https:\/\/schulebza.de\/gymnasium\/wp-content\/uploads\/2012\/09\/Furcht_und_Elend_Klein-300x225.jpg 300w, https:\/\/schulebza.de\/gymnasium\/wp-content\/uploads\/2012\/09\/Furcht_und_Elend_Klein-380x285.jpg 380w, https:\/\/schulebza.de\/gymnasium\/wp-content\/uploads\/2012\/09\/Furcht_und_Elend_Klein-285x214.jpg 285w\" sizes=\"(max-width: 500px) 100vw, 500px\" \/><span style=\"font-size: 10pt; font-family: 'Arial','sans-serif';\"><\/p>\n<p><em>Bert Brecht: Furcht und Elend des Dritten Reiches<\/em><\/span><\/p>\n<p><span style=\"font-size: 10pt; font-family: 'Arial','sans-serif';\">Jane Yolen: Dornrose<\/span><\/p>\n<p> <span style=\"font-size: 10pt; font-family: 'Arial','sans-serif';\">Hans-Peter Richter: Damals war es Friedrich<\/span><\/p>\n<p> <span style=\"font-size: 10pt; font-family: 'Arial','sans-serif';\">John Boyne: Der Junge im gestreiften Pyjama<\/span><\/p>\n<p> <span style=\"font-size: 10pt; font-family: 'Arial','sans-serif';\">Klaus Kordon: Mit dem R\u00fccken zur Wand<\/span><\/p>\n<p> <img decoding=\"async\" class=\" size-full wp-image-3936\" src=\"http:\/\/schulebza.de\/gymnasiumneu\/wp-content\/uploads\/2012\/09\/Roman_eines_Schicksallosen_Klein.jpg\" alt=\"Roman eines Schicksallosen Klein\" width=\"500\" height=\"376\" srcset=\"https:\/\/schulebza.de\/gymnasium\/wp-content\/uploads\/2012\/09\/Roman_eines_Schicksallosen_Klein.jpg 639w, https:\/\/schulebza.de\/gymnasium\/wp-content\/uploads\/2012\/09\/Roman_eines_Schicksallosen_Klein-300x225.jpg 300w, https:\/\/schulebza.de\/gymnasium\/wp-content\/uploads\/2012\/09\/Roman_eines_Schicksallosen_Klein-380x285.jpg 380w, https:\/\/schulebza.de\/gymnasium\/wp-content\/uploads\/2012\/09\/Roman_eines_Schicksallosen_Klein-285x214.jpg 285w\" sizes=\"(max-width: 500px) 100vw, 500px\" \/><br \/><span style=\"font-size: 10pt; font-family: 'Arial','sans-serif';\"><br \/><em>Imre Kert\u00e9sz: Roman eines Schicksallosen<\/em><\/span><\/p>\n<p> <\/p>\n<div><img decoding=\"async\" class=\" size-full wp-image-3937\" style=\"display: block; margin-left: auto; margin-right: auto;\" src=\"http:\/\/schulebza.de\/gymnasiumneu\/wp-content\/uploads\/2012\/09\/flyerfront_Klein.jpg\" alt=\"flyerfront Klein\" width=\"700\" height=\"329\" srcset=\"https:\/\/schulebza.de\/gymnasium\/wp-content\/uploads\/2012\/09\/flyerfront_Klein.jpg 854w, https:\/\/schulebza.de\/gymnasium\/wp-content\/uploads\/2012\/09\/flyerfront_Klein-300x141.jpg 300w, https:\/\/schulebza.de\/gymnasium\/wp-content\/uploads\/2012\/09\/flyerfront_Klein-768x361.jpg 768w\" sizes=\"(max-width: 700px) 100vw, 700px\" \/><\/div>\n<p> <\/p>\n<div style=\"text-align: right;\"><span style=\"font-size: 8pt;\">kli 09\/12<\/span><\/div>\n<p><\/p>\n<hr \/>\n","protected":false},"excerpt":{"rendered":"<p>&nbsp; &nbsp; Die ehemalige Klasse 10a hat im Deutschunterricht des letzten Schuljahrs B\u00fccher zum Thema Holocaust gelesen und dazu dann Koffer gestaltet. Vier dieser Koffer sind nun Teil der Ausstellung &#8222;Anne Frank und all die anderen&#8220;, die vom 17. bis zum 19. September im &#8222;Haus am Westbahnhof&#8220; gezeigt wurde und vom 22. Oktober bis zum&#8230;<\/p>\n<p class=\"more-link\"><a href=\"https:\/\/schulebza.de\/gymnasium\/2012\/09\/20\/ausstellung-reise-in-den-tod-in-landau\/\" class=\"\"><span>Weiterlesen<\/span><i>&#43;<\/i><\/a><\/p>\n","protected":false},"author":1,"featured_media":0,"comment_status":"closed","ping_status":"closed","sticky":false,"template":"","format":"standard","meta":{"footnotes":""},"categories":[649],"tags":[],"class_list":["post-3938","post","type-post","status-publish","format-standard","hentry","category-649"],"_links":{"self":[{"href":"https:\/\/schulebza.de\/gymnasium\/wp-json\/wp\/v2\/posts\/3938","targetHints":{"allow":["GET"]}}],"collection":[{"href":"https:\/\/schulebza.de\/gymnasium\/wp-json\/wp\/v2\/posts"}],"about":[{"href":"https:\/\/schulebza.de\/gymnasium\/wp-json\/wp\/v2\/types\/post"}],"author":[{"embeddable":true,"href":"https:\/\/schulebza.de\/gymnasium\/wp-json\/wp\/v2\/users\/1"}],"replies":[{"embeddable":true,"href":"https:\/\/schulebza.de\/gymnasium\/wp-json\/wp\/v2\/comments?post=3938"}],"version-history":[{"count":0,"href":"https:\/\/schulebza.de\/gymnasium\/wp-json\/wp\/v2\/posts\/3938\/revisions"}],"wp:attachment":[{"href":"https:\/\/schulebza.de\/gymnasium\/wp-json\/wp\/v2\/media?parent=3938"}],"wp:term":[{"taxonomy":"category","embeddable":true,"href":"https:\/\/schulebza.de\/gymnasium\/wp-json\/wp\/v2\/categories?post=3938"},{"taxonomy":"post_tag","embeddable":true,"href":"https:\/\/schulebza.de\/gymnasium\/wp-json\/wp\/v2\/tags?post=3938"}],"curies":[{"name":"wp","href":"https:\/\/api.w.org\/{rel}","templated":true}]}}