{"id":3858,"date":"2009-12-15T11:00:15","date_gmt":"2009-12-15T10:00:15","guid":{"rendered":"http:\/\/schulebza.de\/gymnasiumneu\/2009\/12\/15\/autorenlesung-elses-geschichte\/"},"modified":"2009-12-15T11:00:15","modified_gmt":"2009-12-15T10:00:15","slug":"autorenlesung-elses-geschichte","status":"publish","type":"post","link":"https:\/\/schulebza.de\/gymnasium\/2009\/12\/15\/autorenlesung-elses-geschichte\/","title":{"rendered":"Autorenlesung &#8222;Elses Geschichte&#8220;"},"content":{"rendered":"<h5 align=\"center\" style=\"font-size: 14px; text-align: center; color: #000000; font-family: Arial, Helvetica, sans-serif; line-height: normal;\"><span color=\"#000080\" style=\"color: #000080;\">&nbsp;<\/span><\/h5>\n<h5 align=\"center\" style=\"font-size: 14px; text-align: center; color: #000000; font-family: Arial, Helvetica, sans-serif; line-height: normal;\"><span color=\"#000080\" style=\"color: #000000; font-size: 12pt; font-family: arial, helvetica, sans-serif;\">&#8222;Elses Geschichte&#8220; &#8211; eine Geschichte f\u00fcr Kinder aus der furchtbaren NS &#8211; Zeit<\/span><\/h5>\n<div>&nbsp;<\/div>\n<div><span color=\"#000080\" style=\"color: #000080;\"><img decoding=\"async\" class=\" size-full wp-image-3857\" src=\"http:\/\/schulebza.de\/gymnasiumneu\/wp-content\/uploads\/2009\/12\/else.jpg\" width=\"567\" height=\"425\" alt=\"else\" style=\"display: block; margin-left: auto; margin-right: auto;\" srcset=\"https:\/\/schulebza.de\/gymnasium\/wp-content\/uploads\/2009\/12\/else.jpg 567w, https:\/\/schulebza.de\/gymnasium\/wp-content\/uploads\/2009\/12\/else-300x225.jpg 300w, https:\/\/schulebza.de\/gymnasium\/wp-content\/uploads\/2009\/12\/else-380x285.jpg 380w, https:\/\/schulebza.de\/gymnasium\/wp-content\/uploads\/2009\/12\/else-285x214.jpg 285w\" sizes=\"(max-width: 567px) 100vw, 567px\" \/><\/span><\/div>\n<div><span color=\"#000080\" style=\"color: #000080;\">&nbsp;<\/span><\/div>\n<div><span color=\"#000080\" style=\"color: #000080;\">&nbsp;<\/span><\/div>\n<div><span color=\"#000080\" style=\"color: #000080; font-size: 10pt;\"><span style=\"color: #000000; font-family: Arial, Helvetica, sans-serif; line-height: normal; text-align: -webkit-left;\">Um &#8222;Elses Geschichte&#8220; ging es bei einer Lesung mit zwei f\u00fcnften Klassen, zu der Frank Reuther vom Heidelberger Dokumentationszentrum Deutscher Sinti und Roma in die Bibliothek des Schulzentrums gekommen war. Er erz\u00e4hlte vom Schicksal des damals achtj\u00e4hrigen Adoptivkindes Else unter der Nazi-Diktatur. Als Sinta wurde sie ihren Adoptiveltern entrissen und ins Vernichtungslager Auschwitz deportiert, das sie mit viel Gl\u00fcck, mit der Hilfe wohlmeinender Menschen und wegen der Hartn\u00e4ckigkeit ihres Vaters \u00fcberlebte. Das dort Erlittene hat sich tief in die Erinnerung der heute 74-J\u00e4hrigen eingebrannt, die lange Zeit dar\u00fcber nicht reden konnte und wollte.<\/span><br style=\"color: #000000; font-family: Arial, Helvetica, sans-serif; line-height: normal; text-align: -webkit-left;\" \/><span style=\"color: #000000; font-family: Arial, Helvetica, sans-serif; line-height: normal; text-align: -webkit-left;\">Auf Initiative des Dokumentationszentrums und nach vielen Gespr\u00e4chen mit &#8222;Else&#8220; haben daraus der Jugendbuchautor Michail Krausnick (Text) und Pater Lukas Ruegenberg (Zeichnungen) ein Kinderbuch erarbeitet, das auf einf\u00fchlsame und altersgerechte Weise auch j\u00fcngeren Lesern die Unmenschlichkeit der NS-Diktatur nahezubringen vermag. Diesem Anspruch wurde auch Frank Reuther gerecht, der zwischen Erz\u00e4hlen und Vorlesen immer wieder geduldig auf die zahlreichen Fragen und \u00c4u\u00dferungen der Sch\u00fclerinnen und Sch\u00fcler einging.<\/span><\/span><\/div>\n<div><span color=\"#000080\" style=\"color: #000080; font-size: 10pt;\"><span style=\"color: #000000; font-family: Arial, Helvetica, sans-serif; line-height: normal; text-align: -webkit-left;\">&nbsp;<\/span><\/span><\/div>\n<div><span color=\"#000080\" style=\"color: #000080; font-size: 10pt;\"><span style=\"color: #000000; font-family: Arial, Helvetica, sans-serif; line-height: normal; text-align: -webkit-left;\">&nbsp;<\/span><\/span><\/div>\n<div><span color=\"#000080\" style=\"color: #000080; font-size: 10pt;\"><span style=\"color: #000000; font-family: Arial, Helvetica, sans-serif; line-height: normal; text-align: -webkit-left;\">Weitere Informationen<\/span><\/span><\/div>\n<div><span color=\"#000080\" style=\"color: #000080; font-size: 10pt;\"><span style=\"color: #000000; font-family: Arial, Helvetica, sans-serif; line-height: normal; text-align: -webkit-left;\">&nbsp;<\/span><\/span><\/div>\n<div><span color=\"#000080\" style=\"color: #000080; font-size: 10pt;\"><span style=\"color: #000000; font-family: Arial, Helvetica, sans-serif; line-height: normal; text-align: -webkit-left;\">zum Buch:&nbsp;<span style=\"color: #000000; font-family: Arial, Helvetica, sans-serif; line-height: normal; text-align: -webkit-left;\">&nbsp;<\/span><b style=\"color: #000066; font-family: Arial, Helvetica, sans-serif; line-height: normal; text-align: -webkit-left;\"><a href=\"http:\/\/www.elses-geschichte.de\/buch\/index.html\">www.elses-geschichte.de\/buch\/index.html<\/a><a href=\"http:\/\/www.elses-geschichte.de\/buch\/index.html\" target=\"_blank\" rel=\"noopener noreferrer\"><\/a><\/b><\/span><\/span><\/div>\n<div><span color=\"#000080\" style=\"color: #000080; font-size: 10pt;\"><span style=\"color: #000000; font-family: Arial, Helvetica, sans-serif; line-height: normal; text-align: -webkit-left;\"><span style=\"color: #000000; font-family: Arial, Helvetica, sans-serif; line-height: normal; text-align: -webkit-left;\">zum Dokumentations- und Kulturzentrum Deutscher Sinti und Roma:&nbsp;<\/span><span color=\"#000066\" style=\"color: #000066;\"><a href=\"http:\/\/www.sintiundroma.de\">www.sintiundroma.de<\/a><\/span><a href=\"http:\/\/www.sintiundroma.de\/\"><\/a><\/span><\/span><\/div>\n<div><span color=\"#000080\" style=\"color: #000080; font-size: 10pt;\"><span style=\"color: #000000; font-family: Arial, Helvetica, sans-serif; line-height: normal; text-align: -webkit-left;\"><span color=\"#000066\" style=\"color: #000066;\">&nbsp;<\/span><\/span><\/span><\/div>\n<div style=\"text-align: right;\"><span color=\"#000080\" style=\"color: #000080; font-size: 8pt;\"><span style=\"color: #000000; font-family: Arial, Helvetica, sans-serif; line-height: normal; text-align: -webkit-left;\"><span color=\"#000066\" style=\"color: #000066;\"><span style=\"color: #000000; font-family: Arial, Helvetica, sans-serif; line-height: normal; text-align: -webkit-left;\">er \/ fl \/ bfg 12\/2009<\/span><\/span><\/span><\/span><\/div>\n<div style=\"text-align: right;\"><span color=\"#000080\" style=\"color: #000080; font-size: 8pt;\"><span style=\"color: #000000; font-family: Arial, Helvetica, sans-serif; line-height: normal; text-align: -webkit-left;\"><span color=\"#000066\" style=\"color: #000066;\"><span style=\"color: #000000; font-family: Arial, Helvetica, sans-serif; line-height: normal; text-align: -webkit-left;\">&nbsp;<\/span><\/span><\/span><\/span><\/div>\n<div style=\"text-align: right;\"><span color=\"#000080\" style=\"color: #000080; font-size: 8pt;\"><span style=\"color: #000000; font-family: Arial, Helvetica, sans-serif; line-height: normal; text-align: -webkit-left;\"><span color=\"#000066\" style=\"color: #000066;\"><span style=\"color: #000000; font-family: Arial, Helvetica, sans-serif; line-height: normal; text-align: -webkit-left;\"><\/span><\/span><\/span><\/span><\/div>\n<div><span color=\"#000080\" style=\"color: #000080; font-size: 10pt;\"><span style=\"color: #000000; font-family: Arial, Helvetica, sans-serif; line-height: normal; text-align: -webkit-left;\"><span color=\"#000066\" style=\"color: #000066;\"><\/p>\n<hr \/>\n<p><\/span><\/span><\/span><\/div>\n<div><span color=\"#000080\" style=\"color: #000080; font-size: 10pt;\"><span style=\"color: #000000; font-family: Arial, Helvetica, sans-serif; line-height: normal; text-align: -webkit-left;\"><span color=\"#000066\" style=\"color: #000066;\">&nbsp;<\/span><\/span><\/span><\/div>\n","protected":false},"excerpt":{"rendered":"<p>&nbsp; &#8222;Elses Geschichte&#8220; &#8211; eine Geschichte f\u00fcr Kinder aus der furchtbaren NS &#8211; Zeit &nbsp; &nbsp; &nbsp; Um &#8222;Elses Geschichte&#8220; ging es bei einer Lesung mit zwei f\u00fcnften Klassen, zu der Frank Reuther vom Heidelberger Dokumentationszentrum Deutscher Sinti und Roma in die Bibliothek des Schulzentrums gekommen war. Er erz\u00e4hlte vom Schicksal des damals achtj\u00e4hrigen Adoptivkindes&#8230;<\/p>\n<p class=\"more-link\"><a href=\"https:\/\/schulebza.de\/gymnasium\/2009\/12\/15\/autorenlesung-elses-geschichte\/\" class=\"\"><span>Weiterlesen<\/span><i>&#43;<\/i><\/a><\/p>\n","protected":false},"author":1,"featured_media":0,"comment_status":"closed","ping_status":"closed","sticky":false,"template":"","format":"standard","meta":{"footnotes":""},"categories":[613],"tags":[],"class_list":["post-3858","post","type-post","status-publish","format-standard","hentry","category-news-aus-der-gos"],"_links":{"self":[{"href":"https:\/\/schulebza.de\/gymnasium\/wp-json\/wp\/v2\/posts\/3858","targetHints":{"allow":["GET"]}}],"collection":[{"href":"https:\/\/schulebza.de\/gymnasium\/wp-json\/wp\/v2\/posts"}],"about":[{"href":"https:\/\/schulebza.de\/gymnasium\/wp-json\/wp\/v2\/types\/post"}],"author":[{"embeddable":true,"href":"https:\/\/schulebza.de\/gymnasium\/wp-json\/wp\/v2\/users\/1"}],"replies":[{"embeddable":true,"href":"https:\/\/schulebza.de\/gymnasium\/wp-json\/wp\/v2\/comments?post=3858"}],"version-history":[{"count":0,"href":"https:\/\/schulebza.de\/gymnasium\/wp-json\/wp\/v2\/posts\/3858\/revisions"}],"wp:attachment":[{"href":"https:\/\/schulebza.de\/gymnasium\/wp-json\/wp\/v2\/media?parent=3858"}],"wp:term":[{"taxonomy":"category","embeddable":true,"href":"https:\/\/schulebza.de\/gymnasium\/wp-json\/wp\/v2\/categories?post=3858"},{"taxonomy":"post_tag","embeddable":true,"href":"https:\/\/schulebza.de\/gymnasium\/wp-json\/wp\/v2\/tags?post=3858"}],"curies":[{"name":"wp","href":"https:\/\/api.w.org\/{rel}","templated":true}]}}