{"id":14147,"date":"2026-08-08T14:28:19","date_gmt":"2026-08-08T12:28:19","guid":{"rendered":"https:\/\/schulebza.de\/gymnasium\/?p=14147"},"modified":"2026-08-08T14:49:57","modified_gmt":"2026-08-08T12:49:57","slug":"schuljahr-2026-2027","status":"publish","type":"post","link":"https:\/\/schulebza.de\/gymnasium\/2026\/08\/08\/schuljahr-2026-2027\/","title":{"rendered":"SCHULJAHR 2026\/2027\u200b\u200b\u200b\u200b"},"content":{"rendered":"<div class=\"postie-post\">\n<div class=\"postie-attachments\"><div class=\"su-image-carousel  su-image-carousel-has-spacing su-image-carousel-crop su-image-carousel-crop-4-3 su-image-carousel-has-lightbox su-image-carousel-has-outline su-image-carousel-adaptive su-image-carousel-slides-style-photo su-image-carousel-controls-style-dark su-image-carousel-align-center\" style=\"max-width:800px\" data-flickity-options='{\"groupCells\":true,\"cellSelector\":\".su-image-carousel-item\",\"adaptiveHeight\":false,\"cellAlign\":\"left\",\"prevNextButtons\":true,\"pageDots\":true,\"autoPlay\":3000,\"imagesLoaded\":true,\"contain\":true,\"selectedAttraction\":0.025000000000000001387778780781445675529539585113525390625,\"friction\":0.2800000000000000266453525910037569701671600341796875}' id=\"su_image_carousel_6a99bffc389fd\"><div class=\"su-image-carousel-item\"><div class=\"su-image-carousel-item-content\"><a href=\"https:\/\/schulebza.de\/gymnasium\/wp-content\/uploads\/2026\/08\/IMG_1860.jpeg\" target=\"_blank\" rel=\"noopener noreferrer\" data-caption=\"\"><img decoding=\"async\" width=\"1024\" height=\"768\" src=\"https:\/\/schulebza.de\/gymnasium\/wp-content\/uploads\/2026\/08\/IMG_1860.jpeg\" class=\"\" alt=\"\" srcset=\"https:\/\/schulebza.de\/gymnasium\/wp-content\/uploads\/2026\/08\/IMG_1860.jpeg 1024w, https:\/\/schulebza.de\/gymnasium\/wp-content\/uploads\/2026\/08\/IMG_1860-300x225.jpeg 300w, https:\/\/schulebza.de\/gymnasium\/wp-content\/uploads\/2026\/08\/IMG_1860-768x576.jpeg 768w, https:\/\/schulebza.de\/gymnasium\/wp-content\/uploads\/2026\/08\/IMG_1860-380x285.jpeg 380w, https:\/\/schulebza.de\/gymnasium\/wp-content\/uploads\/2026\/08\/IMG_1860-285x214.jpeg 285w\" sizes=\"(max-width: 1024px) 100vw, 1024px\" \/><\/a><\/div><\/div><div class=\"su-image-carousel-item\"><div class=\"su-image-carousel-item-content\"><a href=\"https:\/\/schulebza.de\/gymnasium\/wp-content\/uploads\/2026\/08\/IMG_1859.jpeg\" target=\"_blank\" rel=\"noopener noreferrer\" data-caption=\"\"><img decoding=\"async\" width=\"1024\" height=\"768\" src=\"https:\/\/schulebza.de\/gymnasium\/wp-content\/uploads\/2026\/08\/IMG_1859.jpeg\" class=\"\" alt=\"\" srcset=\"https:\/\/schulebza.de\/gymnasium\/wp-content\/uploads\/2026\/08\/IMG_1859.jpeg 1024w, https:\/\/schulebza.de\/gymnasium\/wp-content\/uploads\/2026\/08\/IMG_1859-300x225.jpeg 300w, https:\/\/schulebza.de\/gymnasium\/wp-content\/uploads\/2026\/08\/IMG_1859-768x576.jpeg 768w, https:\/\/schulebza.de\/gymnasium\/wp-content\/uploads\/2026\/08\/IMG_1859-380x285.jpeg 380w, https:\/\/schulebza.de\/gymnasium\/wp-content\/uploads\/2026\/08\/IMG_1859-285x214.jpeg 285w\" sizes=\"(max-width: 1024px) 100vw, 1024px\" \/><\/a><\/div><\/div><\/div><script id=\"su_image_carousel_6a99bffc389fd_script\">if(window.SUImageCarousel){setTimeout(function() {window.SUImageCarousel.initGallery(document.getElementById(\"su_image_carousel_6a99bffc389fd\"))}, 0);}var su_image_carousel_6a99bffc389fd_script=document.getElementById(\"su_image_carousel_6a99bffc389fd_script\");if(su_image_carousel_6a99bffc389fd_script){su_image_carousel_6a99bffc389fd_script.parentNode.removeChild(su_image_carousel_6a99bffc389fd_script);}<\/script><\/div>\n<p>-Der Schulleiter-\u200b\u200b 10.08.2026<br \/>\nEnde Juni besuchten Frau Ellerwald und ich unsere Baumsetzlinge, die wir pflanzten als Zeichen in einer gemeinsamen Aktion zum Ende des Jubil\u00e4umstrubels im Sp\u00e4therbst 2025. Was f\u00fcr eine Freude, in der Bergzaberner Wallonenstra\u00dfe so viel Wachstum und Sommerfreude erleben zu d\u00fcrfen. NAHRUNG brauchen die zarten Pfl\u00e4nzchen, Boden &amp; Wasser; SCHUTZ ist ihr Lebenselixier; LICHT schlie\u00dflich ist der Movens Vivendi. Nach der Selbstwirksamkeit und immer wieder der Begegnung, der Empathie soll nun also das Miteinander im Fokus stehen, DER SCHUTZ, Sicherheit und Pr\u00e4vention. Konkret hei\u00dft das &#8211; es wird zuk\u00fcnftig Schranken geben an den Zufahrtswegen zum Schulgel\u00e4nde; Aufsichten werden wir verst\u00e4rken und besonders unsere Toiletten sollen sicher bleiben! Und, ganz wichtig, durch eine um- und weitsichtige Initiative unseres Schultr\u00e4gers haben wir ab diesem Schuljahr dauerhaft einen Schulsozialarbeiter f\u00fcr uns im gymnasialen Haus: Herr Krisch wird sich bei uns ein B\u00fcro, eine Ansprechstelle einrichten! Mit allem, was ich habe, wehre ich mich gegen zu viel Kontrolle und \u00dcberwachung und G\u00e4ngelung, muss aber anerkennen, dass wir ohne verst\u00e4rkte Gegenma\u00dfnahmen Fairness und Miteinander kaum gew\u00e4hrleisten k\u00f6nnen &#8211; UND ALLE M\u00dcSSEN UND WERDEN MITHELFEN! Es kommt nun also auf uns an, welches Gesicht wir der anstehenden Ver\u00e4nderung geben, welche T\u00fcr wir aufmachen auf dem Weg nach vorn in die Ver\u00e4nderung: SCHUTZ und Pr\u00e4vention. LICHT sollen wir sein und haben und die NAHRUNG sind die Bildungsbem\u00fchungen mit aller konzertanten, konzentrierten Kraft, allem besten guten Willen in mitunter verwirrenden Zeiten. Die Herausforderungen der technischen Entwicklungen werden f\u00fcr uns nicht bedeuten, dass wir Detektoren installieren, unsere internen Regelungen sind da eindeutig. Wir werden konkret im zweiten Halbjahr an neuen Wegen des Unterrichtens arbeiten zusammen mit unseren Geschwistern von der RS+ im Rahmen eines gemeinsamen Studientags als Fanal und Beginn. Und schon in diesem Halbjahr geht die Arbeit los bei uns hausintern, um an unserem Selbstbild zu arbeiten. Eine \u201eSteuerungsgruppe Schulentwicklung\u201c wird sich aus allen Gremien und Interessierten zusammentun. Bei allem bisher mitunter grandios Erreichten und Geschaffenen wird es ein einfaches \u201eWeiter so\u201c nicht geben und ich freue mich auf den \u00fcberf\u00e4lligen Aufbruch nach vorn! GEBEN WIR AUFEINANDER ACHT und bleiben wir uns gewogen, stellen wir uns kritisch und froh den Herausforderungen! Euer P.A.<\/p>\n<p>So begr\u00fc\u00dfen wir, begr\u00fc\u00dfe ich alle im neuen Schuljahr! Unseren vielen Neu(gierig)en in zehn f\u00fcnften Klassen und in den vier neuen siebten Klassen: HERZLICH WILLKOMMEN! Unser Team wird k\u00fcnftig verst\u00e4rkt mit Frau M\u00fcller (ERDK-SP) und mit Herrn Mees (BIO-SP), wir freuen uns sehr! Zwei Vollversammlungen zum Ende eines jeden Schulhalbjahres wollen wir abhalten, die Gesamtkonferenzen der gew\u00e4hlten Schulgremien und des Kollegiums liegen im Oktober\u00b426 und im April\u00b427 \u2013 ein STEUERUNGSTEAM SCHULENTWICKLUNG wird es also geben, Einladung folgt. Bitte beachten Sie die Kommunikationsregeln im Miteinander \u2013 \u00fcber den Fachlehrer und die Stufenleiterin kann es dann auch gerne zu Herrn Dr.Ditsch und mir gehen. Beurlaubungen vor- und nach den Ferien sind grunds\u00e4tzlich verboten und werden nur in absoluten und begr\u00fcndeten Ausnahmef\u00e4llen \u00fcber mich genehmigt. Es wird wieder ein \u201eKlassengeld\u201c eingefordert \u2013 12\u20ac f\u00fcr den Wasserspender und als \u201ePapiergeldabgabe\u201c an den Kreis; der Hausaufgabenplaner, verpflichtend von 5-8 (ansonsten gerne bei der SV zu bestellen) kommt mit 6\u20ac dazu. Es gibt eine Zahlungsmitteilung, die individualisiert jede Zahlung unserem Konto zuordnet; dies soll auch bei Fahrten, Exkursionen etc. so gemacht werden.<\/p>\n<p>Erster Studientag \u200b\u200b\u200b25.08.2026<\/p>\n<p>SV-Wahl\u200b\u200b\u200b\u200b 27.08.2026<\/p>\n<p>Wahlelternabend\u200b\u200b\u200b 01.09.2026\u200b<\/p>\n<p>Elternsprechabend GOS \u200b\u200b17.11.2026\u200b<\/p>\n<p>Tag der offenen T\u00fcren\u200b\u200b 05.12.2026 &amp; Ausgleichstag\u200b\u200b\u200b 07.12.2026<\/p>\n<p>Bewegliche Ferientage 1+2 \u200b\u200b21.&amp; 22.12.2026<\/p>\n<p>Bewegliche Ferientage 3+4 \u200b\u200b08.&amp; 09.02.2027<\/p>\n<p>Elternsprechabend f\u00fcr alle\u200b\u200b 04.03.2027\u200b\u200b<\/p>\n<p>M\u00fcndliches Abitur\u200b\u200b\u200b 11.&amp;12.03.2027<\/p>\n<p>Zweiter Studientag, kooperativ\u200b 18.05.2027<\/p>\n<p>Bewegliche Ferientage 5+6 \u200b\u200b07.&amp; 28.05.2027\u200b\u200b\u200b<\/p>\n<p>Bleibt mir noch, uns, Euch und Ihnen allen ein frohes Schuljahr zu w\u00fcnschen, ich freue mich von Herzen auf Euch und Sie alle, die Chancen, die Neugierde, den guten Streit, das Strahlen, alle Gesten der Vers\u00f6hnung! Ich werde meinen Berufsoptimismus und meine Zukunftsfreude um nichts in der Welt hergeben \u2013 und verstehe doch, wie sehr wir aufeinander wirklich achten m\u00fcssen, um uns im dichter und dichter werdenden Alltag nicht zu verlieren. Es sind keine Floskeln: NAHRUNG, SCHUTZ, LICHT!\u200b\u200b\u200b<\/p>\n<p>Pete Allmann, Schulleiter am Gymnasium im Alfred Grosser Schulzentrum Bad Bergzabern<\/p>\n<\/div>\n","protected":false},"excerpt":{"rendered":"<p>-Der Schulleiter-\u200b\u200b 10.08.2026 Ende Juni besuchten Frau Ellerwald und ich unsere Baumsetzlinge, die wir pflanzten als Zeichen in einer gemeinsamen Aktion zum Ende des Jubil\u00e4umstrubels im Sp\u00e4therbst 2025. Was f\u00fcr eine Freude, in der Bergzaberner Wallonenstra\u00dfe so viel Wachstum und Sommerfreude erleben zu d\u00fcrfen. NAHRUNG brauchen die zarten Pfl\u00e4nzchen, Boden &amp; Wasser; SCHUTZ ist ihr&#8230;<\/p>\n<p class=\"more-link\"><a href=\"https:\/\/schulebza.de\/gymnasium\/2026\/08\/08\/schuljahr-2026-2027\/\" class=\"\"><span>Weiterlesen<\/span><i>&#43;<\/i><\/a><\/p>\n","protected":false},"author":1,"featured_media":0,"comment_status":"closed","ping_status":"closed","sticky":false,"template":"","format":"standard","meta":{"footnotes":""},"categories":[1],"tags":[],"class_list":["post-14147","post","type-post","status-publish","format-standard","hentry","category-uncategorized"],"_links":{"self":[{"href":"https:\/\/schulebza.de\/gymnasium\/wp-json\/wp\/v2\/posts\/14147","targetHints":{"allow":["GET"]}}],"collection":[{"href":"https:\/\/schulebza.de\/gymnasium\/wp-json\/wp\/v2\/posts"}],"about":[{"href":"https:\/\/schulebza.de\/gymnasium\/wp-json\/wp\/v2\/types\/post"}],"author":[{"embeddable":true,"href":"https:\/\/schulebza.de\/gymnasium\/wp-json\/wp\/v2\/users\/1"}],"replies":[{"embeddable":true,"href":"https:\/\/schulebza.de\/gymnasium\/wp-json\/wp\/v2\/comments?post=14147"}],"version-history":[{"count":2,"href":"https:\/\/schulebza.de\/gymnasium\/wp-json\/wp\/v2\/posts\/14147\/revisions"}],"predecessor-version":[{"id":14151,"href":"https:\/\/schulebza.de\/gymnasium\/wp-json\/wp\/v2\/posts\/14147\/revisions\/14151"}],"wp:attachment":[{"href":"https:\/\/schulebza.de\/gymnasium\/wp-json\/wp\/v2\/media?parent=14147"}],"wp:term":[{"taxonomy":"category","embeddable":true,"href":"https:\/\/schulebza.de\/gymnasium\/wp-json\/wp\/v2\/categories?post=14147"},{"taxonomy":"post_tag","embeddable":true,"href":"https:\/\/schulebza.de\/gymnasium\/wp-json\/wp\/v2\/tags?post=14147"}],"curies":[{"name":"wp","href":"https:\/\/api.w.org\/{rel}","templated":true}]}}