{"id":13548,"date":"2025-04-09T14:42:29","date_gmt":"2025-04-09T12:42:29","guid":{"rendered":"https:\/\/schulebza.de\/gymnasium\/?p=13548"},"modified":"2025-05-07T18:49:22","modified_gmt":"2025-05-07T16:49:22","slug":"13548","status":"publish","type":"post","link":"https:\/\/schulebza.de\/gymnasium\/2025\/04\/09\/13548\/","title":{"rendered":""},"content":{"rendered":"<p><a href=\"https:\/\/schulebza.de\/gymnasium\/wp-content\/uploads\/2025\/04\/fd37919c-972f-4c92-a067-975108e71840.png\" rel=\"attachment wp-att-13549\"><img decoding=\"async\" class=\"alignleft wp-image-13549\" src=\"https:\/\/schulebza.de\/gymnasium\/wp-content\/uploads\/2025\/04\/fd37919c-972f-4c92-a067-975108e71840.png\" alt=\"\" width=\"475\" height=\"290\" srcset=\"https:\/\/schulebza.de\/gymnasium\/wp-content\/uploads\/2025\/04\/fd37919c-972f-4c92-a067-975108e71840.png 618w, https:\/\/schulebza.de\/gymnasium\/wp-content\/uploads\/2025\/04\/fd37919c-972f-4c92-a067-975108e71840-300x183.png 300w\" sizes=\"(max-width: 475px) 100vw, 475px\" \/><\/a><\/p>\n<p style=\"text-align: justify;\">Liebe Schulgemeinschaft &#8230; mit einem Blumengru\u00df aus unserem Schulhof hier herzliche Gr\u00fc\u00dfe zu den Osterferien auf diesem Weg!<\/p>\n<p style=\"text-align: justify;\">Zuerst unser <strong>herzlicher Gl\u00fcckwunsch unseren Abiturientinnen und Abiturienten 2025<\/strong>!!!<\/p>\n<p style=\"text-align: justify;\">Abel, Felix; Bletsch, Carolina; B\u00f6ttinger, Linus; Bourquin, Hanna; Briem, Ludwig; Buckel, Ann-Kathrin; Burkhard, Felix; Busch, Vincent; Conrath, Sophie; Cristian, Jasmin Robert; Eckert, Philipp; Frank, Kaja; Frey, Christoph; Friesen, Maximilian; Geiger, Ann-Sophie; Helwich, Angelique-Alexis; Herbi, Emily; Herrmann, Colin; He\u00dfling, Anna; Hirsch, Luis; Hochd\u00f6rfer, Tom; Holler, Zoe; J\u00e4ger, Niklas; Kehr, Luna; Klaus, Emily; Krumholz, Esther; Krumm, Lisa; Kubetzki, Samuel; Mandery, Max; Marschel, Luis; Martin, Karla-Muriel; Meisner, Agnes; Merz, Art\u00f6m-Eduard; Mohr, Jakob; Moster, Thomas; M\u00fcller, Saskia; Nedele, Leonie; Netzer, Darius; Neumann, Sarah; Nguyen, David; Peci, Granit; R\u00e4mmele, Simon; Reisdorf, Fynn-Ragnar; Saidi, Laila; Sch\u00e4ffer, Hans-J\u00fcrgen; Schard, Leon; Schaubhut, Silas; Schlaier, Oliver; Schmitt, Aron; Schommer, Marc; Schw\u00f6gler, Paul; Spitza, Dylan; Stra\u00dfer, Luca; Stripf, Maja; Thomas, Nele; Thom\u00e9, Noel; Vierling, Madeleine; Vollmer, Elena; von Rochow, Frederik; Weis, Alicja; Weis, Maya; Wetzel, Dennis; Wind, Simon; Zeeb, Elias<\/p>\n<div class=\"su-image-carousel  su-image-carousel-has-spacing su-image-carousel-has-lightbox su-image-carousel-has-outline su-image-carousel-adaptive su-image-carousel-slides-style-photo su-image-carousel-controls-style-dark su-image-carousel-align-center\" style=\"max-width:800px\" data-flickity-options='{\"groupCells\":true,\"cellSelector\":\".su-image-carousel-item\",\"adaptiveHeight\":true,\"cellAlign\":\"left\",\"prevNextButtons\":true,\"pageDots\":true,\"autoPlay\":3000,\"imagesLoaded\":true,\"contain\":false,\"selectedAttraction\":0.025000000000000001387778780781445675529539585113525390625,\"friction\":0.2800000000000000266453525910037569701671600341796875}' id=\"su_image_carousel_69efa86c968df\"><div class=\"su-image-carousel-item\"><div class=\"su-image-carousel-item-content\"><a href=\"https:\/\/schulebza.de\/gymnasium\/wp-content\/uploads\/2025\/04\/abbi-abi-agg-11.jpg\" target=\"_blank\" rel=\"noopener noreferrer\" data-caption=\"\"><img decoding=\"async\" width=\"1024\" height=\"683\" src=\"https:\/\/schulebza.de\/gymnasium\/wp-content\/uploads\/2025\/04\/abbi-abi-agg-11-1024x683.jpg\" class=\"\" alt=\"\" srcset=\"https:\/\/schulebza.de\/gymnasium\/wp-content\/uploads\/2025\/04\/abbi-abi-agg-11-1024x683.jpg 1024w, https:\/\/schulebza.de\/gymnasium\/wp-content\/uploads\/2025\/04\/abbi-abi-agg-11-300x200.jpg 300w, https:\/\/schulebza.de\/gymnasium\/wp-content\/uploads\/2025\/04\/abbi-abi-agg-11-768x512.jpg 768w, https:\/\/schulebza.de\/gymnasium\/wp-content\/uploads\/2025\/04\/abbi-abi-agg-11-1140x760.jpg 1140w, https:\/\/schulebza.de\/gymnasium\/wp-content\/uploads\/2025\/04\/abbi-abi-agg-11-570x380.jpg 570w, https:\/\/schulebza.de\/gymnasium\/wp-content\/uploads\/2025\/04\/abbi-abi-agg-11-380x254.jpg 380w, https:\/\/schulebza.de\/gymnasium\/wp-content\/uploads\/2025\/04\/abbi-abi-agg-11-285x190.jpg 285w, https:\/\/schulebza.de\/gymnasium\/wp-content\/uploads\/2025\/04\/abbi-abi-agg-11.jpg 1500w\" sizes=\"(max-width: 1024px) 100vw, 1024px\" \/><\/a><\/div><\/div><div class=\"su-image-carousel-item\"><div class=\"su-image-carousel-item-content\"><a href=\"https:\/\/schulebza.de\/gymnasium\/wp-content\/uploads\/2025\/04\/abi-abbi-agg-21.jpg\" target=\"_blank\" rel=\"noopener noreferrer\" data-caption=\"\"><img decoding=\"async\" width=\"1024\" height=\"768\" src=\"https:\/\/schulebza.de\/gymnasium\/wp-content\/uploads\/2025\/04\/abi-abbi-agg-21-1024x768.jpg\" class=\"\" alt=\"\" srcset=\"https:\/\/schulebza.de\/gymnasium\/wp-content\/uploads\/2025\/04\/abi-abbi-agg-21-1024x768.jpg 1024w, https:\/\/schulebza.de\/gymnasium\/wp-content\/uploads\/2025\/04\/abi-abbi-agg-21-300x225.jpg 300w, https:\/\/schulebza.de\/gymnasium\/wp-content\/uploads\/2025\/04\/abi-abbi-agg-21-768x576.jpg 768w, https:\/\/schulebza.de\/gymnasium\/wp-content\/uploads\/2025\/04\/abi-abbi-agg-21-380x285.jpg 380w, https:\/\/schulebza.de\/gymnasium\/wp-content\/uploads\/2025\/04\/abi-abbi-agg-21-285x214.jpg 285w, https:\/\/schulebza.de\/gymnasium\/wp-content\/uploads\/2025\/04\/abi-abbi-agg-21.jpg 1500w\" sizes=\"(max-width: 1024px) 100vw, 1024px\" \/><\/a><\/div><\/div><\/div><script id=\"su_image_carousel_69efa86c968df_script\">if(window.SUImageCarousel){setTimeout(function() {window.SUImageCarousel.initGallery(document.getElementById(\"su_image_carousel_69efa86c968df\"))}, 0);}var su_image_carousel_69efa86c968df_script=document.getElementById(\"su_image_carousel_69efa86c968df_script\");if(su_image_carousel_69efa86c968df_script){su_image_carousel_69efa86c968df_script.parentNode.removeChild(su_image_carousel_69efa86c968df_script);}<\/script>\n<p style=\"text-align: justify;\">Das AbiBac absolvierten erfolgreich Emily Herbi, Elena Vollmer, Nele Thomas, Ludwig Briem und Madeleine Vierling.<\/p>\n<p style=\"text-align: justify;\"><em>In einem bewegenden Gottesdienst in der Marktkirche im Vorfeld der Abiturfeier in unserer Aula am 27. M\u00e4rz thematisierte die Abiturstufe den Schutz der Engel \u2013 in einer w\u00fcrdevollen Feier im Anschluss dann \u00fcbergaben wir die Zeugnisse. Passend zum \u201eABBI\u201c-Motto drehte sich in den Ansprachen und Beitr\u00e4gen alles um die Musik des Schwedenquartetts. Ein wunderbarer Abschluss war dann am darauffolgenden Tag der Abiball in der W\u00f6rther Festhalle.<\/em><\/p>\n<p style=\"text-align: justify;\">F\u00fcr das beste Abitur wurden ausgezeichnet Simon R\u00e4mmele und Maya Weis, den Preis der Ministerin f\u00fcr besonderes Engagement erhielt Luca Strasser. Dar\u00fcber hinaus erhielten E-Fellows Stipendien f\u00fcr ein sehr gutes Abitur Robert Cristian, Philipp Eckert, Ann-Sophie Geiger, Emily Herbi, Emily Klaus, Simon R\u00e4mmele, Silas Schaubhut, Aron Schmitt, Paul Schw\u00f6gler, Luca Strasser, Nele Thomas, Elena Vollmer, Alicja Weis und Maya Weis.<\/p>\n<p style=\"text-align: justify;\">Unser Verein der Freunde zeichnete Esther Krumholz, Jakob Mohr, Sophie Conrath, Zoe Holler und Granit Peci aus f\u00fcr besonderes Engagement in der Schule aus.<\/p>\n<p style=\"text-align: justify;\">Im Fach Deutsch wurden Maja Stripf und Ann-Kathrin Buckel ausgezeichnet. In Franz\u00f6sisch Nele Thomas und Madeleine Vierling; f\u00fcr Geschichte Vincent Busch und f\u00fcr Informatik Silas Schaubhut. Das Fach Physik ehrte Alicja Weis und Paul Schw\u00f6gler. Simon R\u00e4mmele und Maya Weis wurden im Fach Chemie geehrt, Simon R\u00e4mmele dar\u00fcber hinaus in Ethik und in Mathematik. Die Religionspreise der Bergzaberner Kirchengemeinden gingen an Philipp Eckert und Silas Schaubhut.<\/p>\n<p style=\"text-align: justify;\">Letzterer wurde auch f\u00fcr sein musikalisches Engagement\u00a0 ausgezeichnet, Alicja Weis f\u00fcr ihre Leistungen in den Naturwissenschaften und Maja Weis f\u00fcr ihr soziales Engagement &#8211; die letzten drei genannten Preise kamen in der Reihenfolge vom Lions-Club, vom Zonta-Club und vom Rotary-Club.<\/p>\n<p style=\"text-align: justify;\"><em>Passt auf Euch auf; Ihr fehlt uns schon jetzt \u2013 <\/em><\/p>\n<p style=\"text-align: justify;\">Und auch <strong>unseren neuangemeldeten zuk\u00fcnftigen F\u00fcnftkl\u00e4sslern <\/strong>und ihren Familien ein lieber Gru\u00df und <strong>ein herzliches Willkommen <\/strong>&#8211; es wird einer der st\u00e4rksten neuen kooperativen Jahrg\u00e4nge sein, die wir seit langer Zeit hier hatten.<\/p>\n<p style=\"text-align: justify;\">Der<strong> Schulalltag<\/strong> hat uns gut im Griff um die Osterferien herum &#8211; bitte verfolgen Sie\/verfolgt alles Tagesaktuelle stets hier und in der Schule; neu aus der Elternzeit zur\u00fcckgekehrt begr\u00fc\u00dfen wir sehr herzlich die Kollegin Kathrin Bunde!<\/p>\n<p>Was ist es eine Freude, <strong>unsere Sch\u00fclerinnen und Sch\u00fcler auf den Siegerb\u00fchnen<\/strong> sehen und begleiten zu d\u00fcrfen<\/p>\n<ul>\n<li>im Februar bei Jugend Forscht<\/li>\n<\/ul>\n<p><a href=\"https:\/\/www.jugend-forscht.de\/wettbewerbe\/regional-landeswettbewerbe\/wettbewerbstermine\/detail\/regionalwettbewerb-suedpfalz.html\" target=\"_blank\" rel=\"noopener\">Link<\/a><\/p>\n<p>und zuletzt bei<\/p>\n<ul>\n<li>Jugend Musiziert<\/li>\n<\/ul>\n<p><a href=\"https:\/\/www.jugend-musiziert.org\/wettbewerbe\/regionalwettbewerbe\/rheinland-pfalz\/suedpfalz\/aktuelles\" target=\"_blank\" rel=\"noopener\">Link<\/a><\/p>\n<p><a href=\"https:\/\/www.jugend-musiziert.org\/wettbewerbe\/landeswettbewerbe\/rheinland-pfalz\/ergebnisse\" target=\"_blank\" rel=\"noopener\">Link<\/a><\/p>\n<p>und bei<\/p>\n<ul>\n<li>Jugend Trainiert f\u00fcr Olympia<\/li>\n<\/ul>\n<p><a href=\"https:\/\/www.schulsport-rlp.de\/jugend-trainiert\" target=\"_blank\" rel=\"noopener\">Link<\/a><\/p>\n<p style=\"text-align: justify;\">Wie hier auf unserer Homepage wunderbar dokumentiert sind wir auch <strong>im benachbarten Ausland unterwegs<\/strong> &#8211; zuletzt in Aix-Au-Provence und in Narbonne mit unseren Franz\u00f6sisch-Austauschen mit Mittel- und Oberstufe, demn\u00e4chst geht es wieder los mit der Englandfahrt und den Fachexkursionen und Studienfahrten &#8211; und mit Erasmus sind wir mit Sch\u00fclern unterwegs in Norwegen und Polen.<\/p>\n<p style=\"text-align: justify;\">Was bedeutet es Freude und Ehre, bunte und vielf\u00e4ltige, sinnstiftende und nachhaltige Schule, Bildung erleben und gestalten zu d\u00fcrfen im gro\u00dfen Miteinander &#8211; DANKE!<\/p>\n<p style=\"text-align: justify;\">Das gro\u00dfe<strong> S C H U L J U B I L \u00c4 U M<\/strong> wirft seine Schatten voraus &#8211; in wenigen Wochen im Juni geht es los mit den Auftakt-Musikkonzerten, die unsere gro\u00dfe Projektwoche einrahmen nach Fronleichnam &#8211; wo wir alle uns vorbereiten auf die Festwoche nach den Sommerferien Ende August.<\/p>\n<p style=\"text-align: justify;\">Demn\u00e4chst nach den Osterferien geht es auch los mit dem Verkauf unserer Jubil\u00e4ums-T-Shirts &#8211; wir halten Sie und Euch auf dem Laufenden.<\/p>\n<p>&nbsp;<\/p>\n<p><strong><em>VON GUTEN M\u00c4CHTEN WUNDERBAR GEBORGEN ERWARTEN WIR GETROST WAS KOMMEN MAG<\/em><\/strong><\/p>\n<p><em>Es ist genau in diesen Apriltagen 80 Jahre her, dass der Autor dieser Zeilen, Dietrich Bonhoeffer, mit dieser formulierten Zuversicht in Herz und Seele und im Sinn in Berlin zur Hinrichtung gef\u00fchrt wurde.<\/em><\/p>\n<p><em>Er hat es sich hart erk\u00e4mpft in den Wintern in Gefangenschaft als Widerstandsk\u00e4mpfer und bis jetzt wird er oft falsch verstanden und allzu schnell idealisiert von allen Seiten &#8211; <\/em><\/p>\n<p><em>f\u00fcr mich war es stets das gro\u00dfe Gottvertrauen, die unbedingte Menschenliebe und das stete Ringen um Licht und Zuversicht, die mich faszinierten, pr\u00e4gten und leiteten.<\/em><\/p>\n<p>&nbsp;<\/p>\n<p><strong>Und so nun also FROHE OSTERN, eine gute Erholungszeit uns allen.<\/strong><\/p>\n<p><strong>Als Schule haben wir den wahrscheinlich wichtigsten und strahlendsten Schulsommer vor uns, den man sich denken und w\u00fcnschen kann als Schulgemeinschaft &#8211; <\/strong><\/p>\n<p><strong>voller Chancen, Synergien, voller Tr\u00e4ume und Hoffnungen, voller Aktion und Schulleben.<\/strong><\/p>\n<p><strong>In diesem Sinne, in dieser ZUVERSICHT &#8211; Euer Pete Allmann, Schulleiter<\/strong><\/p>\n","protected":false},"excerpt":{"rendered":"<p>Liebe Schulgemeinschaft &#8230; mit einem Blumengru\u00df aus unserem Schulhof hier herzliche Gr\u00fc\u00dfe zu den Osterferien auf diesem Weg! Zuerst unser herzlicher Gl\u00fcckwunsch unseren Abiturientinnen und Abiturienten 2025!!! Abel, Felix; Bletsch, Carolina; B\u00f6ttinger, Linus; Bourquin, Hanna; Briem, Ludwig; Buckel, Ann-Kathrin; Burkhard, Felix; Busch, Vincent; Conrath, Sophie; Cristian, Jasmin Robert; Eckert, Philipp; Frank, Kaja; Frey, Christoph; Friesen,&#8230;<\/p>\n<p class=\"more-link\"><a href=\"https:\/\/schulebza.de\/gymnasium\/2025\/04\/09\/13548\/\" class=\"\"><span>Weiterlesen<\/span><i>&#43;<\/i><\/a><\/p>\n","protected":false},"author":1,"featured_media":0,"comment_status":"closed","ping_status":"closed","sticky":false,"template":"","format":"standard","meta":{"footnotes":""},"categories":[1],"tags":[],"class_list":["post-13548","post","type-post","status-publish","format-standard","hentry","category-uncategorized"],"_links":{"self":[{"href":"https:\/\/schulebza.de\/gymnasium\/wp-json\/wp\/v2\/posts\/13548","targetHints":{"allow":["GET"]}}],"collection":[{"href":"https:\/\/schulebza.de\/gymnasium\/wp-json\/wp\/v2\/posts"}],"about":[{"href":"https:\/\/schulebza.de\/gymnasium\/wp-json\/wp\/v2\/types\/post"}],"author":[{"embeddable":true,"href":"https:\/\/schulebza.de\/gymnasium\/wp-json\/wp\/v2\/users\/1"}],"replies":[{"embeddable":true,"href":"https:\/\/schulebza.de\/gymnasium\/wp-json\/wp\/v2\/comments?post=13548"}],"version-history":[{"count":9,"href":"https:\/\/schulebza.de\/gymnasium\/wp-json\/wp\/v2\/posts\/13548\/revisions"}],"predecessor-version":[{"id":13591,"href":"https:\/\/schulebza.de\/gymnasium\/wp-json\/wp\/v2\/posts\/13548\/revisions\/13591"}],"wp:attachment":[{"href":"https:\/\/schulebza.de\/gymnasium\/wp-json\/wp\/v2\/media?parent=13548"}],"wp:term":[{"taxonomy":"category","embeddable":true,"href":"https:\/\/schulebza.de\/gymnasium\/wp-json\/wp\/v2\/categories?post=13548"},{"taxonomy":"post_tag","embeddable":true,"href":"https:\/\/schulebza.de\/gymnasium\/wp-json\/wp\/v2\/tags?post=13548"}],"curies":[{"name":"wp","href":"https:\/\/api.w.org\/{rel}","templated":true}]}}