{"id":13380,"date":"2024-11-10T18:19:18","date_gmt":"2024-11-10T17:19:18","guid":{"rendered":"https:\/\/schulebza.de\/gymnasium\/?p=13380"},"modified":"2024-11-10T18:54:00","modified_gmt":"2024-11-10T17:54:00","slug":"exkursion-der-10a-in-die-vogesen-mit-phalsbourg","status":"publish","type":"post","link":"https:\/\/schulebza.de\/gymnasium\/2024\/11\/10\/exkursion-der-10a-in-die-vogesen-mit-phalsbourg\/","title":{"rendered":"Exkursion der 10a in die Vogesen mit Phalsbourg"},"content":{"rendered":"<div class=\"postie-post\">\n<div>\n<div class=\"su-image-carousel  su-image-carousel-has-spacing su-image-carousel-crop su-image-carousel-crop-4-3 su-image-carousel-has-lightbox su-image-carousel-has-outline su-image-carousel-adaptive su-image-carousel-slides-style-photo su-image-carousel-controls-style-dark su-image-carousel-align-center\" style=\"max-width:800px\" data-flickity-options='{\"groupCells\":true,\"cellSelector\":\".su-image-carousel-item\",\"adaptiveHeight\":false,\"cellAlign\":\"left\",\"prevNextButtons\":true,\"pageDots\":true,\"autoPlay\":3000,\"imagesLoaded\":true,\"contain\":true,\"selectedAttraction\":0.025000000000000001387778780781445675529539585113525390625,\"friction\":0.2800000000000000266453525910037569701671600341796875}' id=\"su_image_carousel_69efa853a144a\"><div class=\"su-image-carousel-item\"><div class=\"su-image-carousel-item-content\"><a href=\"https:\/\/schulebza.de\/gymnasium\/wp-content\/uploads\/2024\/11\/IMG_84372.jpg\" target=\"_blank\" rel=\"noopener noreferrer\" data-caption=\"\"><img decoding=\"async\" width=\"1024\" height=\"719\" src=\"https:\/\/schulebza.de\/gymnasium\/wp-content\/uploads\/2024\/11\/IMG_84372-1024x719.jpg\" class=\"\" alt=\"\" srcset=\"https:\/\/schulebza.de\/gymnasium\/wp-content\/uploads\/2024\/11\/IMG_84372-1024x719.jpg 1024w, https:\/\/schulebza.de\/gymnasium\/wp-content\/uploads\/2024\/11\/IMG_84372-300x211.jpg 300w, https:\/\/schulebza.de\/gymnasium\/wp-content\/uploads\/2024\/11\/IMG_84372-768x540.jpg 768w, https:\/\/schulebza.de\/gymnasium\/wp-content\/uploads\/2024\/11\/IMG_84372.jpg 1200w\" sizes=\"(max-width: 1024px) 100vw, 1024px\" \/><\/a><\/div><\/div><div class=\"su-image-carousel-item\"><div class=\"su-image-carousel-item-content\"><a href=\"https:\/\/schulebza.de\/gymnasium\/wp-content\/uploads\/2024\/11\/20240927_090453.jpg\" target=\"_blank\" rel=\"noopener noreferrer\" data-caption=\"\"><img decoding=\"async\" width=\"1024\" height=\"591\" src=\"https:\/\/schulebza.de\/gymnasium\/wp-content\/uploads\/2024\/11\/20240927_090453-1024x591.jpg\" class=\"\" alt=\"\" srcset=\"https:\/\/schulebza.de\/gymnasium\/wp-content\/uploads\/2024\/11\/20240927_090453-1024x591.jpg 1024w, https:\/\/schulebza.de\/gymnasium\/wp-content\/uploads\/2024\/11\/20240927_090453-300x173.jpg 300w, https:\/\/schulebza.de\/gymnasium\/wp-content\/uploads\/2024\/11\/20240927_090453-768x444.jpg 768w, https:\/\/schulebza.de\/gymnasium\/wp-content\/uploads\/2024\/11\/20240927_090453.jpg 1200w\" sizes=\"(max-width: 1024px) 100vw, 1024px\" \/><\/a><\/div><\/div><div class=\"su-image-carousel-item\"><div class=\"su-image-carousel-item-content\"><a href=\"https:\/\/schulebza.de\/gymnasium\/wp-content\/uploads\/2024\/11\/20240926_1005142.jpg\" target=\"_blank\" rel=\"noopener noreferrer\" data-caption=\"\"><img decoding=\"async\" width=\"1024\" height=\"577\" src=\"https:\/\/schulebza.de\/gymnasium\/wp-content\/uploads\/2024\/11\/20240926_1005142-1024x577.jpg\" class=\"\" alt=\"\" srcset=\"https:\/\/schulebza.de\/gymnasium\/wp-content\/uploads\/2024\/11\/20240926_1005142-1024x577.jpg 1024w, https:\/\/schulebza.de\/gymnasium\/wp-content\/uploads\/2024\/11\/20240926_1005142-300x169.jpg 300w, https:\/\/schulebza.de\/gymnasium\/wp-content\/uploads\/2024\/11\/20240926_1005142-768x433.jpg 768w, https:\/\/schulebza.de\/gymnasium\/wp-content\/uploads\/2024\/11\/20240926_1005142.jpg 1200w\" sizes=\"(max-width: 1024px) 100vw, 1024px\" \/><\/a><\/div><\/div><div class=\"su-image-carousel-item\"><div class=\"su-image-carousel-item-content\"><a href=\"https:\/\/schulebza.de\/gymnasium\/wp-content\/uploads\/2024\/11\/20240925_1339212.jpg\" target=\"_blank\" rel=\"noopener noreferrer\" data-caption=\"\"><img decoding=\"async\" width=\"1024\" height=\"561\" src=\"https:\/\/schulebza.de\/gymnasium\/wp-content\/uploads\/2024\/11\/20240925_1339212-1024x561.jpg\" class=\"\" alt=\"\" srcset=\"https:\/\/schulebza.de\/gymnasium\/wp-content\/uploads\/2024\/11\/20240925_1339212-1024x561.jpg 1024w, https:\/\/schulebza.de\/gymnasium\/wp-content\/uploads\/2024\/11\/20240925_1339212-300x165.jpg 300w, https:\/\/schulebza.de\/gymnasium\/wp-content\/uploads\/2024\/11\/20240925_1339212-768x421.jpg 768w, https:\/\/schulebza.de\/gymnasium\/wp-content\/uploads\/2024\/11\/20240925_1339212.jpg 1200w\" sizes=\"(max-width: 1024px) 100vw, 1024px\" \/><\/a><\/div><\/div><div class=\"su-image-carousel-item\"><div class=\"su-image-carousel-item-content\"><a href=\"https:\/\/schulebza.de\/gymnasium\/wp-content\/uploads\/2024\/11\/10000622231.jpg\" target=\"_blank\" rel=\"noopener noreferrer\" data-caption=\"\"><img decoding=\"async\" width=\"1024\" height=\"887\" src=\"https:\/\/schulebza.de\/gymnasium\/wp-content\/uploads\/2024\/11\/10000622231-1024x887.jpg\" class=\"\" alt=\"\" srcset=\"https:\/\/schulebza.de\/gymnasium\/wp-content\/uploads\/2024\/11\/10000622231-1024x887.jpg 1024w, https:\/\/schulebza.de\/gymnasium\/wp-content\/uploads\/2024\/11\/10000622231-300x260.jpg 300w, https:\/\/schulebza.de\/gymnasium\/wp-content\/uploads\/2024\/11\/10000622231-768x665.jpg 768w, https:\/\/schulebza.de\/gymnasium\/wp-content\/uploads\/2024\/11\/10000622231.jpg 1200w\" sizes=\"(max-width: 1024px) 100vw, 1024px\" \/><\/a><\/div><\/div><div class=\"su-image-carousel-item\"><div class=\"su-image-carousel-item-content\"><a href=\"https:\/\/schulebza.de\/gymnasium\/wp-content\/uploads\/2024\/11\/20240926_151050.jpg\" target=\"_blank\" rel=\"noopener noreferrer\" data-caption=\"\"><img decoding=\"async\" width=\"1024\" height=\"710\" src=\"https:\/\/schulebza.de\/gymnasium\/wp-content\/uploads\/2024\/11\/20240926_151050-1024x710.jpg\" class=\"\" alt=\"\" srcset=\"https:\/\/schulebza.de\/gymnasium\/wp-content\/uploads\/2024\/11\/20240926_151050-1024x710.jpg 1024w, https:\/\/schulebza.de\/gymnasium\/wp-content\/uploads\/2024\/11\/20240926_151050-300x208.jpg 300w, https:\/\/schulebza.de\/gymnasium\/wp-content\/uploads\/2024\/11\/20240926_151050-768x532.jpg 768w, https:\/\/schulebza.de\/gymnasium\/wp-content\/uploads\/2024\/11\/20240926_151050.jpg 1200w\" sizes=\"(max-width: 1024px) 100vw, 1024px\" \/><\/a><\/div><\/div><div class=\"su-image-carousel-item\"><div class=\"su-image-carousel-item-content\"><a href=\"https:\/\/schulebza.de\/gymnasium\/wp-content\/uploads\/2024\/11\/20240927_122642.jpg\" target=\"_blank\" rel=\"noopener noreferrer\" data-caption=\"\"><img decoding=\"async\" width=\"1024\" height=\"577\" src=\"https:\/\/schulebza.de\/gymnasium\/wp-content\/uploads\/2024\/11\/20240927_122642-1024x577.jpg\" class=\"\" alt=\"\" srcset=\"https:\/\/schulebza.de\/gymnasium\/wp-content\/uploads\/2024\/11\/20240927_122642-1024x577.jpg 1024w, https:\/\/schulebza.de\/gymnasium\/wp-content\/uploads\/2024\/11\/20240927_122642-300x169.jpg 300w, https:\/\/schulebza.de\/gymnasium\/wp-content\/uploads\/2024\/11\/20240927_122642-768x433.jpg 768w, https:\/\/schulebza.de\/gymnasium\/wp-content\/uploads\/2024\/11\/20240927_122642.jpg 1200w\" sizes=\"(max-width: 1024px) 100vw, 1024px\" \/><\/a><\/div><\/div><\/div><script id=\"su_image_carousel_69efa853a144a_script\">if(window.SUImageCarousel){setTimeout(function() {window.SUImageCarousel.initGallery(document.getElementById(\"su_image_carousel_69efa853a144a\"))}, 0);}var su_image_carousel_69efa853a144a_script=document.getElementById(\"su_image_carousel_69efa853a144a_script\");if(su_image_carousel_69efa853a144a_script){su_image_carousel_69efa853a144a_script.parentNode.removeChild(su_image_carousel_69efa853a144a_script);}<\/script>Ende September, hat die 10a in Begleitung von Frau Himpel und Herrn Jung eine Exkursion zusammen mit einer Klasse aus dem Lyc\u00e9e Erckmann Chatrian aus Phalsbourg in die Vogesen unternommen. Den Sch\u00fcler*innen wurden im Zeitraum vom 25. bis zum 27.09.2024 die Themenbereiche Erdkunde und Geschichte n\u00e4hergebracht. Dabei sind die Sch\u00fcler*innen viel gewandert und haben sich gr\u00fcndlich mit der \u00d6kologie und der Geschichte der Vogesen befasst.<\/p>\n<p>Am Mittwoch, den 25.09 sammelte uns der Reisebus ein, in dem bereits die franz\u00f6sischen Sch\u00fcler sa\u00dfen. Drei unserer Sch\u00fcler*innen, konnten aufgrund von Krankheit leider nicht teilnehmen, dennoch haben wir sie stets auf dem Laufenden gehalten. Nachdem wir uns im Bus verteilt hatten, ging es nach Pechelbronn, zu einer F\u00fchrung beim Mus\u00e9e du P\u00e9trole. Auf dem Weg dorthin wurden alle sowohl auf Deutsch als auch auf Franz\u00f6sisch von unseren Lehrern begr\u00fc\u00dft und uns wurden dann anschlie\u00dfend alle Informationen f\u00fcr die kommenden Tage in Form von einem Stapel Bl\u00e4ttern, die auch als Arbeitsauftrag dienten, \u00fcberreicht.<\/p>\n<p>In Pechelbronn angekommen, wurden die deutschen und franz\u00f6sischen Sch\u00fcler*innen aufgeteilt und bekamen Informationen zur Geschichte der Erd\u00f6lindustrie in den Vogesen ab dem 15. Jahrhundert und technische Einblicke, insbesondere zu Pechelbronn, der ersten Erd\u00f6lf\u00f6rderstelle weltweit. Dazu geh\u00f6rten jeweils eine Doku und eine F\u00fchrung durch das kleine Museum. Nach dem fast zweist\u00fcndigen Aufenthalt waren alle B\u00e4uche leer. Wir st\u00e4rkten uns bei einem Picknick auf einem nahegelegenen Spielplatz.<\/p>\n<p>Weiter ging\u2019s nach Rittershoffen zu einer gef\u00fchrten Besichtigung des Geothermiekraftwerkes. Auch dort bekamen wir nach Sprachen getrennt eine F\u00fchrung von Rentnern, die fr\u00fcher f\u00fcr Energieanbieter gearbeitet haben und nun die F\u00fchrungen \u00fcbernehmen, um die Arbeitskr\u00e4fte vor Ort zu entlasten. Im Wechsel gab es eine Pr\u00e4sentation des Geothermiekraftwerks und dessen Funktionsweise, sowie eine Werksf\u00fchrung, bei der Sicherheitshelme verpflichtend waren. Diese sorgten f\u00fcr einige Lacher (siehe Foto). Zum Abschied erhielten wir alle noch ein St\u00fcck els\u00e4ssische Seife in einem Plastikbecher der Geothermieanlage.<\/p>\n<p>Nach einer einst\u00fcndigen Fahrt in Richtung Saverne, erreichten wir den letzten Programmpunkt des heutigen Tages: Den geologischen Pfad des Bastberges. In deutsch-franz\u00f6sisch gemischten Gruppen von 4-6 Personen, wanderten wir \u00fcber einen Berggipfel auf der Suche nach Infotafeln \u00fcber verschiedene Gesteine, mit deren Hilfe wir &#8211; wie bei allen Programmpunkten &#8211; Fragen des Arbeitsmaterials beantworten konnten.<\/p>\n<p>Im Anschluss brachte der Bus uns nach Saverne, wo wir Sch\u00fcler aus Bad Bergzabern an der Jugendherberge abgesetzt wurden. Die erste Nacht verbrachten die Sch\u00fcler aus Phalsbourg zu Hause, da Saverne nicht weit weg liegt. Wir stand vor einem riesigen Geb\u00e4ude, das uns an den Bundestag erinnerte, dessen Eingang erstmal gefunden werden wollte. Nach erfolglosem Klingeln und mehreren Anrufen in der Jugendherberge, wurde uns die T\u00fcr ge\u00f6ffnet und wir mussten den steilen Aufstieg \u00fcber etwa sechs Etagen per Treppe bew\u00e4ltigen. Oben angekommen wurden uns die Zimmer zugeteilt. Diese waren f\u00fcr den ein oder anderen etwas gew\u00f6hnungsbed\u00fcrftig. Wir machten das Beste daraus und hatten dennoch Spa\u00df.<\/p>\n<p>Im Anschluss hie\u00df es, auf eigene Faust in Kleingruppen die Stadt erkunden und uns eigenst\u00e4ndig ein Abendessen zu organisieren. Sp\u00e4testens um 22 Uhr mussten wir alle auf unseren Zimmern sein: Zimmerkontrolle. Ersch\u00f6pft vom Tag, fielen viele direkt in den Schlaf.<\/p>\n<p>Fr\u00fchst\u00fcck gab es am n\u00e4chsten Morgen bereits um 6 Uhr 15. Wir mussten selbst einplanen, wann wir aufstehen, um uns fertig zu machen. Mit neuen Kr\u00e4ften und unserem Gep\u00e4ck liefen wir runter zur Bushaltestelle, wo wir uns mit den franz\u00f6sischen Sch\u00fcler*innen auf den Weg nach Sasbach am Kaiserstuhl machten. Unterwegs ein kurzer Zwischenstopp an einem Supermarkt zwecks Organisation von Verpflegung f\u00fcr den Tag. Dort erwartete uns bereits unser alter Bio und Erdkunde Lehrer, Herr Weiser. Wir waren alle froh ihn wieder zu sehen und ihn f\u00fcr den Tag mit dabei zu haben. Nach 20 Minuten ging es weiter. Am Kaiserstuhl angekommen, wurden wir vom Wind ordentlich durchgepustet. Auf dem Weg auf den alten Vulkan, wurde es immer windiger. Hier gab es Infos zum weiteren Tagesverlauf und Informationen \u00fcber den alten Vulkan, dessen Entstehung und die Rheinbegradigung. Mit einer sch\u00f6nen Aussicht \u00fcber den Alt-Rhein und die Vogesen.<\/p>\n<p>Danach fuhren wir etwa 15 Minuten weiter zu einem kurzen Stopp in Bickensohl an, wo wir die L\u00f6ssablagerungen am Dorfausgang besichtigt haben. Leider best\u00e4tigte sich hier die schlechte Wettervorhersage: Starker Regen vermieste einen l\u00e4ngeren Aufenthalt und stellte die Kleiderwahl auf die Probe. So machten wir uns nach kurzer Zeit mehr oder weniger plitsch-nass auf nach Freiburg im Breisgau.<\/p>\n<p>Um 13:15 Uhr kamen wir im Quartier Vauban an und bekamen erste einmal Zeit unser Essen zu verzehren. Leider fanden wir wegen des Regens, kaum einen trockenen Platz, um in Ruhe zu essen. Wir suchten unter \u00dcberdachungen Schutz vor dem Regen. 30 Minuten sp\u00e4ter, ging es mit zwei Guides, etwa 2 Stunden durch das Quartier Vauban. Unter Dauerregen wurde uns die Raumplanung des Viertels erkl\u00e4rt. Die Gruppe aus Frankreich hatte es besser erwischt und erschloss sich spielerisch selbst das Viertel, w\u00e4hrend wir mit einem zwar hoch motivierten aber leider etwas sch\u00fclerfernen Guide einen bisweilen unfreiwillig komischen Vortrag \u201egenie\u00dfen\u201c durften.<\/p>\n<p>Im Anschluss ging es \u00a0mit dem Bus weiter nach Neuf-Brisach zum letzten Programmpunkt eines vollen Tages. Wieder in zwei Gruppen erhielten wir auf Deutsch, bzw. Franz\u00f6sisch eine F\u00fchrung durch Vaubans Meisterst\u00fcck: Eine bis heute erhaltene mittelalterliche Festungsstadt, umgeben von sternf\u00f6rmigen Festungsmauern und Gr\u00e4ben. Unsere Guides schl\u00fcpften jeweils in verschiedene historische Rollen mitsamt Kost\u00fcm. Bisweilen etwas komisch, haben sie uns die Funktion der Festungsstadt sehr gut n\u00e4hergebracht.<\/p>\n<p>Nun vollends durchweicht ging es f\u00fcr alle zur Jugendherberge in G\u00e9rardmer: Zimmer beziehen und auf zum Abendessen. \u2013 F\u00fcr ein paar Sch\u00fcler hie\u00df es zun\u00e4chst allerdings noch Bus aufr\u00e4umen und hinterlassenen M\u00fcll entsorgen. Nach dem Abendessen hie\u00df es f\u00fcr viele noch geselliges Beisammensein im Aufenthaltsraum, bei Tischtennis, Kartenspiel \u2026 oder auch Arbeit f\u00fcr einige der franz\u00f6sischen Gruppe. Die beiden Gruppen sind sich an dem Abend auch etwas n\u00e4hergekommen. Schlie\u00dflich war Schlafenszeit und wir gingen alle ins Bett. Diesmal etwas st\u00e4rker kontrolliert, da unsere Begleiter in der letzten Nacht ein paar Leute fern des eigenen Zimmers erwischt hatten.<\/p>\n<p>An unserem letzten Tag konnten wir etwas l\u00e4nger schlafen und mussten uns erst um 7 Uhr 30 zu einem gemeinsamen Fr\u00fchst\u00fcck. Danach ging es wieder in den Reisebus, die abends bei unserer Ankunft gesprungene Seitenscheibe notd\u00fcrftig mit Panzertape geflickt. So ging es durch glazial gepr\u00e4gte Landschaften zum Torfmoor von Lispach. Mit zwei Experten ging es in zwei Gruppen zun\u00e4chst in die H\u00f6he \u2013 zwecks \u00dcbersicht \u2013 und dann durchs Moor, wo Frau Himpel oftmals als \u00dcbersetzerin f\u00fcr die Sch\u00fcler*innen unserer Klasse einsprang. Holzstege und Wege f\u00fchrten uns ums Moor, wo wir sehr viel interessantes \u00fcber das Moor, heimische Tierarten bis hin zum Fund einer Moorleiche, die allerdings nicht hier, sondern in Schweden gefunden wurde. Zum Schluss durften wir sogar in einen stabileren Bereich des Moores aus Moss und Flechten, wo uns u.a. die dort vorkommenden fleischfressenden Pflanzenarten gezeigt wurden, die jedoch nur etwa 5-10 cm gro\u00df waren. Hier sind wohl auch die letzten noch trockenen F\u00fc\u00dfe nass geworden.<\/p>\n<p>Zur\u00fcck am Parkplatz: Der Bus wurde inzwischen getauscht \u2013 gegen einen Linienbus. Auf zum letzten Programmpunkt vor der Heimfahrt. Geplant war der Aufstieg auf den Rothenbachkopf. Der Bus hielt \u00fcberraschend mitten im Nebel auf einem Berg. Wir konnten kaum etwas sehen, der Wind fuhr in wenigen Sekunden in die letzte Ritze der Kleidung und der Regen kam von der Seite, so dass wir den Weg zum Centre d&#8217;Initiation \u00e0 la Nature et \u00e0 l&#8217;Environnement, einer H\u00fctte mit Ausstellung und Aktivit\u00e4ten zu Natur und Umwelt kaum erkennen konnten. In der H\u00fctte jedoch konnten wir uns aufw\u00e4rmen und unsere Lunchpakete essen. Wir sa\u00dfen neben dem Kamin und lachten gemeinsam. Nachdem klar war, dass ein Aufstieg bei diesem Wetter keinerlei Sinn machen w\u00fcrde, gab es als letzte Aufgabe, eine Art Puzzle \u00fcber die Entstehung des Moores, das wir in kleinen Gruppen l\u00f6sen mussten. Au\u00dferdem mussten wir mit der Energie haushalten, da die hauseigene solargespeisten Akkus aufgrund des Wetters der letzten Tage ziemlich leer waren. So ging auf der Toilette kein Licht mehr. Zur\u00fcck durch den Sturm zum Bus! \u2013 Randnotiz: Wie zum Hohn kam nach 2 \u00bd Tagen Dauerregens ungef\u00e4hr 10 Minuten nach Abfahrt die Sonne raus.<\/p>\n<p>Auf der R\u00fcckfahrt haben wir die Franzosen an ihrer Schule abgesetzt, bevor es weiter nach Hause geht. W\u00e4hrend der Exkursion haben wir einiges \u00fcber das franz\u00f6sische Schulsystem und generell \u00fcber \u201edie Franzosen\u201c erfahren. Wir haben zusammen Musik geh\u00f6rt und Spiele gespielt und sind gut miteinander ausgekommen. Am Abend nahmen uns unsere Eltern m\u00fcde, nass und um ein paar Erfahrungen reicher in Empfang.<\/p>\n<p>&nbsp;<\/p>\n<p>(Text: Maria Sz\u00e9kely und Raul Serban; Fotos: Hannah Himpel, Raul Serban, Bertrand Rebmann; \u00dcberarbeitung: Hannah Himpel)<\/p>\n<p>&nbsp;<\/p>\n<p>Artikel \u00fcber die Exkursion erschienen am 8.10.2024 im R\u00e9publicain Lorrain:<\/p>\n<p><a href=\"https:\/\/www.republicain-lorrain.fr\/education\/2024\/10\/08\/au-lycee-erckmann-chatrian-l-apprentissage-de-la-geologie-n-a-pas-de-frontiere?preview=true&amp;utm_medium=Social&amp;utm_source=Facebook&amp;fbclid=IwZXh0bgNhZW0CMTEAAR0zpPhgsVRm2NSlBtnNt7pRkIhyrD7pV7sF3UqhdyX2k1uiRCe6eaENyNc_aem_GWVA21X3Et6cYDujqS5nHw#Echobox=1728380878\" target=\"_blank\" rel=\"nofollow noopener\">Zum Artikel<\/a><\/p>\n<p>&nbsp;<\/p>\n<\/div>\n<\/div>\n","protected":false},"excerpt":{"rendered":"<p>Ende September, hat die 10a in Begleitung von Frau Himpel und Herrn Jung eine Exkursion zusammen mit einer Klasse aus dem Lyc\u00e9e Erckmann Chatrian aus Phalsbourg in die Vogesen unternommen. Den Sch\u00fcler*innen wurden im Zeitraum vom 25. bis zum 27.09.2024 die Themenbereiche Erdkunde und Geschichte n\u00e4hergebracht. Dabei sind die Sch\u00fcler*innen viel gewandert und haben sich&#8230;<\/p>\n<p class=\"more-link\"><a href=\"https:\/\/schulebza.de\/gymnasium\/2024\/11\/10\/exkursion-der-10a-in-die-vogesen-mit-phalsbourg\/\" class=\"\"><span>Weiterlesen<\/span><i>&#43;<\/i><\/a><\/p>\n","protected":false},"author":1,"featured_media":0,"comment_status":"closed","ping_status":"closed","sticky":false,"template":"","format":"standard","meta":{"footnotes":""},"categories":[1],"tags":[],"class_list":["post-13380","post","type-post","status-publish","format-standard","hentry","category-uncategorized"],"_links":{"self":[{"href":"https:\/\/schulebza.de\/gymnasium\/wp-json\/wp\/v2\/posts\/13380","targetHints":{"allow":["GET"]}}],"collection":[{"href":"https:\/\/schulebza.de\/gymnasium\/wp-json\/wp\/v2\/posts"}],"about":[{"href":"https:\/\/schulebza.de\/gymnasium\/wp-json\/wp\/v2\/types\/post"}],"author":[{"embeddable":true,"href":"https:\/\/schulebza.de\/gymnasium\/wp-json\/wp\/v2\/users\/1"}],"replies":[{"embeddable":true,"href":"https:\/\/schulebza.de\/gymnasium\/wp-json\/wp\/v2\/comments?post=13380"}],"version-history":[{"count":1,"href":"https:\/\/schulebza.de\/gymnasium\/wp-json\/wp\/v2\/posts\/13380\/revisions"}],"predecessor-version":[{"id":13388,"href":"https:\/\/schulebza.de\/gymnasium\/wp-json\/wp\/v2\/posts\/13380\/revisions\/13388"}],"wp:attachment":[{"href":"https:\/\/schulebza.de\/gymnasium\/wp-json\/wp\/v2\/media?parent=13380"}],"wp:term":[{"taxonomy":"category","embeddable":true,"href":"https:\/\/schulebza.de\/gymnasium\/wp-json\/wp\/v2\/categories?post=13380"},{"taxonomy":"post_tag","embeddable":true,"href":"https:\/\/schulebza.de\/gymnasium\/wp-json\/wp\/v2\/tags?post=13380"}],"curies":[{"name":"wp","href":"https:\/\/api.w.org\/{rel}","templated":true}]}}