{"id":13199,"date":"2024-08-22T20:10:03","date_gmt":"2024-08-22T18:10:03","guid":{"rendered":"https:\/\/schulebza.de\/gymnasium\/?p=13199"},"modified":"2024-08-23T16:28:33","modified_gmt":"2024-08-23T14:28:33","slug":"13199","status":"publish","type":"post","link":"https:\/\/schulebza.de\/gymnasium\/2024\/08\/22\/13199\/","title":{"rendered":""},"content":{"rendered":"<p><a href=\"https:\/\/schulebza.de\/gymnasium\/2024\/08\/22\/13199\/afpelbaumged\/#main\" rel=\"attachment wp-att-13200\"><img decoding=\"async\" class=\"size-full wp-image-13200 alignleft\" src=\"https:\/\/schulebza.de\/gymnasium\/wp-content\/uploads\/2024\/08\/afpelbaumged.png\" alt=\"\" width=\"305\" height=\"388\" srcset=\"https:\/\/schulebza.de\/gymnasium\/wp-content\/uploads\/2024\/08\/afpelbaumged.png 305w, https:\/\/schulebza.de\/gymnasium\/wp-content\/uploads\/2024\/08\/afpelbaumged-236x300.png 236w\" sizes=\"(max-width: 305px) 100vw, 305px\" \/><\/a><\/p>\n<p>&nbsp;<\/p>\n<p>&nbsp;<\/p>\n<p>&nbsp;<\/p>\n<p>Direkt ankn\u00fcpfend an meine Worte vor 6 Wochen \u2013 hier der Baum in echt, direkt vor meinem B\u00fcrofenster, gepflanzt zum Lutherjubil\u00e4um und munter wachsend und gedeihend:<\/p>\n<p><strong>\u00a0<\/strong><\/p>\n<p>&nbsp;<\/p>\n<p>&nbsp;<\/p>\n<p><strong>HERZLICH WILLKOMMEN IM NEUEN SCHULJAHR 2024\/2025!<\/strong><\/p>\n<p>F\u00fcr uns alle ein ganz besonderes \u2013 begehen wir doch 2025 unseren 500. Geburtstag als Schule, die sprichw\u00f6rtliche \u201eSchule im Wandel\u201c.<\/p>\n<p><em>In diesem Sinne \u2013 ein lieber Gru\u00df Euch allen in allen Klassenstufen, ganz \u00a0besonders Euch Neuen in unserer Mitte in den Stufen 5, 7 und 11!<\/em><\/p>\n<p>Es ist genau diese Symbolik, die uns dieses Jahr begleiten wird \u2013 das gemeinsame Wachsen, das gemeinsame Lernen von- und miteinander, das gemeinsame Zeichen der friedlichen Begegnung und Verst\u00e4ndigung in einer zunehmend kriegerischen, unempathischen Welt.<\/p>\n<p>&nbsp;<\/p>\n<p><strong><u>PERSONALIA<\/u><\/strong><\/p>\n<p>Wir begr\u00fc\u00dfen herzlich und froh 5 neue Kolleginnen und Kollegen: Frau Bosch (MA\/PH), Frau Engel (SPA\/E), Frau Freidinger (EK\/D), Frau Sauer (BK\/D) und Herr M\u00fcller (MU\/GE).<\/p>\n<p>Frau Dr.Buck ist zur\u00fcck aus dem Sabbatjahr und Frau Ohler aus der Elternzeit.<\/p>\n<p>6 neue Referendarinnen und Referendare werden unseren Arbeitsalltag bereichern: Frau Anstett (MA\/KR), Frau Schmidt (E\/F), Frau Wittoesch (E\/SOZ), Herr Handl (BIO\/CH), Herr Mees (SP\/BIO), Herr Thewes (F\/SP).<\/p>\n<p>Im Schulleitungsteam wurde Frau Kerner zur Studiendirektorin bef\u00f6rdert; Frau Andres \u00fcbernimmt das Arbeitsfeld von Frau Dr.Kliewer.<\/p>\n<p>&nbsp;<\/p>\n<p><strong><u>TERMINE<\/u><\/strong><\/p>\n<p>*Die Wahlelternabende finden statt am 17.09.2024,<\/p>\n<p>&#8211; die Elternsprechabende am 12.11.2024 (nur GOS) und am 20.02.2025.<\/p>\n<p>*Es wird einen weiteren Studientag geben am 02.10.2024.<\/p>\n<p>&nbsp;<\/p>\n<p>Die beweglichen Ferientage liegen am 04.10.2024, am 02.05.2025 und am 03.&amp; 04.03.2025, sowie am 30.05.2025 und am 20.06.2025.<\/p>\n<p><em>Unser Tag der offenen T\u00fcren findet statt am Samstag, dem 07.12.2024 \u2013 mit Anwesenheitspflicht f\u00fcr alle.<\/em><\/p>\n<p><em>Der Ausgleichstag daf\u00fcr ist der 28.02.2025<\/em><\/p>\n<p><em>Auch in diesem Jahr werden wieder 12\u20ac Papier- und Wassergeld eingesammelt \u2013 das \u00fcbernehmen die Stammkurs- und Klassenleiterinnen, die Stammkurs- und Klassenleiter. <\/em><\/p>\n<p><em>Der Hausaufgabenplaner kostet 6\u20ac.<\/em><\/p>\n<p>&nbsp;<\/p>\n<p><strong><u>VORHABEN<\/u><\/strong><\/p>\n<div class=\"su-note\"  style=\"border-color:#d5d5d5;border-radius:3px;-moz-border-radius:3px;-webkit-border-radius:3px;\"><div class=\"su-note-inner su-u-clearfix su-u-trim\" style=\"background-color:#efefef;border-color:#ffffff;color:#333333;border-radius:3px;-moz-border-radius:3px;-webkit-border-radius:3px;\">Wie bei den Terminen oben werden hier nur Highlights angerissen aus dem Schulalltag \u2013 alle Details und Konkretes kommt wie immer mit aller Sorgfalt \u00fcber die Homepage!<\/div><\/div>\n<p>Auch im Jubil\u00e4umsjahr stehen alle in den Startl\u00f6chern \u00fcber den Unterricht hinaus mit Akzenten und Aktionen, Angeboten wie bekannt und bew\u00e4hrt:<\/p>\n<p><em>In den Bereichen Jugend Trainiert f\u00fcr Olympia, Jugend Forscht, Jugend Debattiert; in den Fremdsprachen, bei Europabegegnungen und im MINT-Bereich; im Bereich Gedenkkultur und bei Nachhaltigkeit und Pr\u00e4vention und nat\u00fcrlich beim traditionellen Weihnachtskonzert in der Marktkirche.<\/em><\/p>\n<p><em>\u00a0<\/em><\/p>\n<p><u>Die Festwoche zum Schuljubil\u00e4um n\u00e4chstes Jahr Ende August werden wir vorbereiten Ende Juni 2025 im Rahmen einer Projektwoche.<\/u><\/p>\n<p><u>Diese wird eingerahmt sein von musikalischen Highlights, so viel sei hier schon konkret bekanntgegeben, auch als Info an alle Ehemaligen \u2013 <\/u><\/p>\n<p>*unsere Jazzcombo feiert ihr 25-j\u00e4hriges Bestehen am Samstag, den 28.06.2025 im Haus des Gastes<\/p>\n<p>*ein Projekt-Jubil\u00e4umschor mit Orchester und vielen Solisten l\u00e4dt zum Projektwochenauftakt in Wei\u00dfenburg (21.06.2025) und Bad Bergzabern (22.06.2025) zu einem Jubil\u00e4umskonzert ein.<\/p>\n<p><u>Alle Details werden Sie hier angek\u00fcndigt und dokumentiert auf unserer Homepage finden \u2013 <\/u><\/p>\n<p><strong>SEIEN SIE DABEI, GESTALTEN &amp; ERLEBEN SIE MIT! <\/strong><\/p>\n<p><strong>Sie sind hier stets auf dem Laufenden.<\/strong><\/p>\n<p>&nbsp;<\/p>\n<p>Wie immer freue ich mich herzlich auf Sie und Euch alle, unsere Begegnungen.<\/p>\n<p><strong>Und wieder darf ich ein herzliches \u201eGl\u00fcck auf!\u201c w\u00fcnschen<\/strong><\/p>\n<p>Euer Pete Allmann, Schulleiter<\/p>\n<p><a href=\"https:\/\/schulebza.de\/gymnasium\/2024\/08\/22\/13199\/bild1baum\/#main\" rel=\"attachment wp-att-13205\"><img decoding=\"async\" class=\"size-full wp-image-13205 alignright\" src=\"https:\/\/schulebza.de\/gymnasium\/wp-content\/uploads\/2024\/08\/Bild1baum.png\" alt=\"\" width=\"347\" height=\"361\" srcset=\"https:\/\/schulebza.de\/gymnasium\/wp-content\/uploads\/2024\/08\/Bild1baum.png 347w, https:\/\/schulebza.de\/gymnasium\/wp-content\/uploads\/2024\/08\/Bild1baum-288x300.png 288w\" sizes=\"(max-width: 347px) 100vw, 347px\" \/><\/a><\/p>\n<p>&nbsp;<\/p>\n<p><em>Ich sprach eingangs vom Zeichen friedlicher Verst\u00e4ndigung und Begegnung \u00fcber das Symbol des Baumes mit seinen Wurzeln und Fr\u00fcchten \u2026 keine KI dieser Welt wird unsere gemeinsame Arbeit hier in der Schule jemals ersetzen: Begegnung und Verst\u00e4ndigung mit unseren uns Anvertrauten, f\u00fcr unsere uns Anvertrauten.<\/em><\/p>\n","protected":false},"excerpt":{"rendered":"<p>&nbsp; &nbsp; &nbsp; Direkt ankn\u00fcpfend an meine Worte vor 6 Wochen \u2013 hier der Baum in echt, direkt vor meinem B\u00fcrofenster, gepflanzt zum Lutherjubil\u00e4um und munter wachsend und gedeihend: \u00a0 &nbsp; &nbsp; HERZLICH WILLKOMMEN IM NEUEN SCHULJAHR 2024\/2025! F\u00fcr uns alle ein ganz besonderes \u2013 begehen wir doch 2025 unseren 500. Geburtstag als Schule, die&#8230;<\/p>\n<p class=\"more-link\"><a href=\"https:\/\/schulebza.de\/gymnasium\/2024\/08\/22\/13199\/\" class=\"\"><span>Weiterlesen<\/span><i>&#43;<\/i><\/a><\/p>\n","protected":false},"author":1,"featured_media":0,"comment_status":"closed","ping_status":"closed","sticky":false,"template":"","format":"standard","meta":{"footnotes":""},"categories":[1],"tags":[],"class_list":["post-13199","post","type-post","status-publish","format-standard","hentry","category-uncategorized"],"_links":{"self":[{"href":"https:\/\/schulebza.de\/gymnasium\/wp-json\/wp\/v2\/posts\/13199","targetHints":{"allow":["GET"]}}],"collection":[{"href":"https:\/\/schulebza.de\/gymnasium\/wp-json\/wp\/v2\/posts"}],"about":[{"href":"https:\/\/schulebza.de\/gymnasium\/wp-json\/wp\/v2\/types\/post"}],"author":[{"embeddable":true,"href":"https:\/\/schulebza.de\/gymnasium\/wp-json\/wp\/v2\/users\/1"}],"replies":[{"embeddable":true,"href":"https:\/\/schulebza.de\/gymnasium\/wp-json\/wp\/v2\/comments?post=13199"}],"version-history":[{"count":10,"href":"https:\/\/schulebza.de\/gymnasium\/wp-json\/wp\/v2\/posts\/13199\/revisions"}],"predecessor-version":[{"id":13214,"href":"https:\/\/schulebza.de\/gymnasium\/wp-json\/wp\/v2\/posts\/13199\/revisions\/13214"}],"wp:attachment":[{"href":"https:\/\/schulebza.de\/gymnasium\/wp-json\/wp\/v2\/media?parent=13199"}],"wp:term":[{"taxonomy":"category","embeddable":true,"href":"https:\/\/schulebza.de\/gymnasium\/wp-json\/wp\/v2\/categories?post=13199"},{"taxonomy":"post_tag","embeddable":true,"href":"https:\/\/schulebza.de\/gymnasium\/wp-json\/wp\/v2\/tags?post=13199"}],"curies":[{"name":"wp","href":"https:\/\/api.w.org\/{rel}","templated":true}]}}