{"id":13185,"date":"2024-07-19T14:29:22","date_gmt":"2024-07-19T12:29:22","guid":{"rendered":"https:\/\/schulebza.de\/gymnasium\/?p=13185"},"modified":"2024-07-19T14:43:28","modified_gmt":"2024-07-19T12:43:28","slug":"erster-schultag-der-7-klassen-4","status":"publish","type":"post","link":"https:\/\/schulebza.de\/gymnasium\/2024\/07\/19\/erster-schultag-der-7-klassen-4\/","title":{"rendered":"Erster Schultag der 7. Klassen"},"content":{"rendered":"<div class=\"postie-post\">\n<div>\n<p><a href=\"https:\/\/schulebza.de\/gymnasium\/2024\/07\/19\/erster-schultag-der-7-klassen-4\/back-to-school-2629361_640\/#main\" rel=\"attachment wp-att-13186\"><img decoding=\"async\" class=\"alignleft wp-image-13186\" src=\"https:\/\/schulebza.de\/gymnasium\/wp-content\/uploads\/2024\/07\/back-to-school-2629361_640.jpg\" alt=\"\" width=\"250\" height=\"166\" srcset=\"https:\/\/schulebza.de\/gymnasium\/wp-content\/uploads\/2024\/07\/back-to-school-2629361_640.jpg 640w, https:\/\/schulebza.de\/gymnasium\/wp-content\/uploads\/2024\/07\/back-to-school-2629361_640-300x200.jpg 300w, https:\/\/schulebza.de\/gymnasium\/wp-content\/uploads\/2024\/07\/back-to-school-2629361_640-570x380.jpg 570w, https:\/\/schulebza.de\/gymnasium\/wp-content\/uploads\/2024\/07\/back-to-school-2629361_640-380x254.jpg 380w, https:\/\/schulebza.de\/gymnasium\/wp-content\/uploads\/2024\/07\/back-to-school-2629361_640-285x190.jpg 285w\" sizes=\"(max-width: 250px) 100vw, 250px\" \/><\/a>Liebe Eltern und Sorgeberechtigte,<\/p>\n<p><strong>am 26.08.2024,<\/strong> dem ersten Schultag nach den Sommerferien, m\u00f6chten wir die Sch\u00fclerinnen und Sch\u00fcler unserer <strong>neuen 7. Klassen um 8.00 Uhr im Foyer unseres Gymnasiums<\/strong> begr\u00fc\u00dfen. Die Einteilung der neuen Klassen kann bereits auf den am Eingang des Gymnasiums aush\u00e4ngenden Listen eingesehen werden.<\/p>\n<p>Die Sch\u00fclerinnen und Sch\u00fcler werden an ihrem ersten Schultag bis zum Ende der 6. Stunde um 13.00 Uhr von ihren Klassenleiterteams begleitet. Der regul\u00e4re Unterricht nach Plan beginnt dann am Dienstag, den 27.08.2024.<\/p>\n<p>i.A. Dr. Ulrike Schilling<\/p>\n<p>(Stufenleitung 7 \/ 8)<\/p>\n<\/div>\n<\/div>\n","protected":false},"excerpt":{"rendered":"<p>Liebe Eltern und Sorgeberechtigte, am 26.08.2024, dem ersten Schultag nach den Sommerferien, m\u00f6chten wir die Sch\u00fclerinnen und Sch\u00fcler unserer neuen 7. Klassen um 8.00 Uhr im Foyer unseres Gymnasiums begr\u00fc\u00dfen. Die Einteilung der neuen Klassen kann bereits auf den am Eingang des Gymnasiums aush\u00e4ngenden Listen eingesehen werden. Die Sch\u00fclerinnen und Sch\u00fcler werden an ihrem ersten&#8230;<\/p>\n<p class=\"more-link\"><a href=\"https:\/\/schulebza.de\/gymnasium\/2024\/07\/19\/erster-schultag-der-7-klassen-4\/\" class=\"\"><span>Weiterlesen<\/span><i>&#43;<\/i><\/a><\/p>\n","protected":false},"author":1,"featured_media":0,"comment_status":"closed","ping_status":"closed","sticky":false,"template":"","format":"standard","meta":{"footnotes":""},"categories":[1],"tags":[],"class_list":["post-13185","post","type-post","status-publish","format-standard","hentry","category-uncategorized"],"_links":{"self":[{"href":"https:\/\/schulebza.de\/gymnasium\/wp-json\/wp\/v2\/posts\/13185","targetHints":{"allow":["GET"]}}],"collection":[{"href":"https:\/\/schulebza.de\/gymnasium\/wp-json\/wp\/v2\/posts"}],"about":[{"href":"https:\/\/schulebza.de\/gymnasium\/wp-json\/wp\/v2\/types\/post"}],"author":[{"embeddable":true,"href":"https:\/\/schulebza.de\/gymnasium\/wp-json\/wp\/v2\/users\/1"}],"replies":[{"embeddable":true,"href":"https:\/\/schulebza.de\/gymnasium\/wp-json\/wp\/v2\/comments?post=13185"}],"version-history":[{"count":2,"href":"https:\/\/schulebza.de\/gymnasium\/wp-json\/wp\/v2\/posts\/13185\/revisions"}],"predecessor-version":[{"id":13188,"href":"https:\/\/schulebza.de\/gymnasium\/wp-json\/wp\/v2\/posts\/13185\/revisions\/13188"}],"wp:attachment":[{"href":"https:\/\/schulebza.de\/gymnasium\/wp-json\/wp\/v2\/media?parent=13185"}],"wp:term":[{"taxonomy":"category","embeddable":true,"href":"https:\/\/schulebza.de\/gymnasium\/wp-json\/wp\/v2\/categories?post=13185"},{"taxonomy":"post_tag","embeddable":true,"href":"https:\/\/schulebza.de\/gymnasium\/wp-json\/wp\/v2\/tags?post=13185"}],"curies":[{"name":"wp","href":"https:\/\/api.w.org\/{rel}","templated":true}]}}