{"id":13181,"date":"2024-07-12T07:30:57","date_gmt":"2024-07-12T05:30:57","guid":{"rendered":"https:\/\/schulebza.de\/gymnasium\/?p=13181"},"modified":"2024-07-12T17:31:28","modified_gmt":"2024-07-12T15:31:28","slug":"ministerin-dr-hubig-zu-gast-gymnasium-wird-als-erste-schule-in-rheinland-pfalz-mit-dem-oberrheinsiegel-ausgezeichnet-25-jahre-abibac","status":"publish","type":"post","link":"https:\/\/schulebza.de\/gymnasium\/2024\/07\/12\/ministerin-dr-hubig-zu-gast-gymnasium-wird-als-erste-schule-in-rheinland-pfalz-mit-dem-oberrheinsiegel-ausgezeichnet-25-jahre-abibac\/","title":{"rendered":"Ministerin Dr. Hubig zu Gast \u2013 Gymnasium wird als erste Schule in Rheinland-Pfalz mit dem Oberrheinsiegel ausgezeichnet \u2013 25 Jahre AbiBac"},"content":{"rendered":"<div class=\"su-image-carousel  su-image-carousel-has-spacing su-image-carousel-crop su-image-carousel-crop-4-3 su-image-carousel-has-lightbox su-image-carousel-has-outline su-image-carousel-adaptive su-image-carousel-slides-style-photo su-image-carousel-controls-style-dark su-image-carousel-align-center\" style=\"max-width:800px\" data-flickity-options='{\"groupCells\":true,\"cellSelector\":\".su-image-carousel-item\",\"adaptiveHeight\":false,\"cellAlign\":\"left\",\"prevNextButtons\":true,\"pageDots\":true,\"autoPlay\":3000,\"imagesLoaded\":true,\"contain\":true,\"selectedAttraction\":0.025000000000000001387778780781445675529539585113525390625,\"friction\":0.2800000000000000266453525910037569701671600341796875}' id=\"su_image_carousel_69f3851c89f3e\"><div class=\"su-image-carousel-item\"><div class=\"su-image-carousel-item-content\"><a href=\"https:\/\/schulebza.de\/gymnasium\/wp-content\/uploads\/2024\/07\/MG_0968.jpg\" target=\"_blank\" rel=\"noopener noreferrer\" data-caption=\"\"><img decoding=\"async\" width=\"800\" height=\"533\" src=\"https:\/\/schulebza.de\/gymnasium\/wp-content\/uploads\/2024\/07\/MG_0968.jpg\" class=\"\" alt=\"\" srcset=\"https:\/\/schulebza.de\/gymnasium\/wp-content\/uploads\/2024\/07\/MG_0968.jpg 800w, https:\/\/schulebza.de\/gymnasium\/wp-content\/uploads\/2024\/07\/MG_0968-300x200.jpg 300w, https:\/\/schulebza.de\/gymnasium\/wp-content\/uploads\/2024\/07\/MG_0968-768x512.jpg 768w, https:\/\/schulebza.de\/gymnasium\/wp-content\/uploads\/2024\/07\/MG_0968-570x380.jpg 570w, https:\/\/schulebza.de\/gymnasium\/wp-content\/uploads\/2024\/07\/MG_0968-380x254.jpg 380w, https:\/\/schulebza.de\/gymnasium\/wp-content\/uploads\/2024\/07\/MG_0968-285x190.jpg 285w\" sizes=\"(max-width: 800px) 100vw, 800px\" \/><\/a><\/div><\/div><div class=\"su-image-carousel-item\"><div class=\"su-image-carousel-item-content\"><a href=\"https:\/\/schulebza.de\/gymnasium\/wp-content\/uploads\/2024\/07\/MG_1170.jpg\" target=\"_blank\" rel=\"noopener noreferrer\" data-caption=\"\"><img decoding=\"async\" width=\"800\" height=\"533\" src=\"https:\/\/schulebza.de\/gymnasium\/wp-content\/uploads\/2024\/07\/MG_1170.jpg\" class=\"\" alt=\"\" srcset=\"https:\/\/schulebza.de\/gymnasium\/wp-content\/uploads\/2024\/07\/MG_1170.jpg 800w, https:\/\/schulebza.de\/gymnasium\/wp-content\/uploads\/2024\/07\/MG_1170-300x200.jpg 300w, https:\/\/schulebza.de\/gymnasium\/wp-content\/uploads\/2024\/07\/MG_1170-768x512.jpg 768w, https:\/\/schulebza.de\/gymnasium\/wp-content\/uploads\/2024\/07\/MG_1170-570x380.jpg 570w, https:\/\/schulebza.de\/gymnasium\/wp-content\/uploads\/2024\/07\/MG_1170-380x254.jpg 380w, https:\/\/schulebza.de\/gymnasium\/wp-content\/uploads\/2024\/07\/MG_1170-285x190.jpg 285w\" sizes=\"(max-width: 800px) 100vw, 800px\" \/><\/a><\/div><\/div><div class=\"su-image-carousel-item\"><div class=\"su-image-carousel-item-content\"><a href=\"https:\/\/schulebza.de\/gymnasium\/wp-content\/uploads\/2024\/07\/MG_1151.jpg\" target=\"_blank\" rel=\"noopener noreferrer\" data-caption=\"\"><img decoding=\"async\" width=\"800\" height=\"533\" src=\"https:\/\/schulebza.de\/gymnasium\/wp-content\/uploads\/2024\/07\/MG_1151.jpg\" class=\"\" alt=\"\" srcset=\"https:\/\/schulebza.de\/gymnasium\/wp-content\/uploads\/2024\/07\/MG_1151.jpg 800w, https:\/\/schulebza.de\/gymnasium\/wp-content\/uploads\/2024\/07\/MG_1151-300x200.jpg 300w, https:\/\/schulebza.de\/gymnasium\/wp-content\/uploads\/2024\/07\/MG_1151-768x512.jpg 768w, https:\/\/schulebza.de\/gymnasium\/wp-content\/uploads\/2024\/07\/MG_1151-570x380.jpg 570w, https:\/\/schulebza.de\/gymnasium\/wp-content\/uploads\/2024\/07\/MG_1151-380x254.jpg 380w, https:\/\/schulebza.de\/gymnasium\/wp-content\/uploads\/2024\/07\/MG_1151-285x190.jpg 285w\" sizes=\"(max-width: 800px) 100vw, 800px\" \/><\/a><\/div><\/div><div class=\"su-image-carousel-item\"><div class=\"su-image-carousel-item-content\"><a href=\"https:\/\/schulebza.de\/gymnasium\/wp-content\/uploads\/2024\/07\/MG_1130.jpg\" target=\"_blank\" rel=\"noopener noreferrer\" data-caption=\"\"><img decoding=\"async\" width=\"800\" height=\"533\" src=\"https:\/\/schulebza.de\/gymnasium\/wp-content\/uploads\/2024\/07\/MG_1130.jpg\" class=\"\" alt=\"\" srcset=\"https:\/\/schulebza.de\/gymnasium\/wp-content\/uploads\/2024\/07\/MG_1130.jpg 800w, https:\/\/schulebza.de\/gymnasium\/wp-content\/uploads\/2024\/07\/MG_1130-300x200.jpg 300w, https:\/\/schulebza.de\/gymnasium\/wp-content\/uploads\/2024\/07\/MG_1130-768x512.jpg 768w, https:\/\/schulebza.de\/gymnasium\/wp-content\/uploads\/2024\/07\/MG_1130-570x380.jpg 570w, https:\/\/schulebza.de\/gymnasium\/wp-content\/uploads\/2024\/07\/MG_1130-380x254.jpg 380w, https:\/\/schulebza.de\/gymnasium\/wp-content\/uploads\/2024\/07\/MG_1130-285x190.jpg 285w\" sizes=\"(max-width: 800px) 100vw, 800px\" \/><\/a><\/div><\/div><div class=\"su-image-carousel-item\"><div class=\"su-image-carousel-item-content\"><a href=\"https:\/\/schulebza.de\/gymnasium\/wp-content\/uploads\/2024\/07\/MG_1119.jpg\" target=\"_blank\" rel=\"noopener noreferrer\" data-caption=\"\"><img decoding=\"async\" width=\"800\" height=\"533\" src=\"https:\/\/schulebza.de\/gymnasium\/wp-content\/uploads\/2024\/07\/MG_1119.jpg\" class=\"\" alt=\"\" srcset=\"https:\/\/schulebza.de\/gymnasium\/wp-content\/uploads\/2024\/07\/MG_1119.jpg 800w, https:\/\/schulebza.de\/gymnasium\/wp-content\/uploads\/2024\/07\/MG_1119-300x200.jpg 300w, https:\/\/schulebza.de\/gymnasium\/wp-content\/uploads\/2024\/07\/MG_1119-768x512.jpg 768w, https:\/\/schulebza.de\/gymnasium\/wp-content\/uploads\/2024\/07\/MG_1119-570x380.jpg 570w, https:\/\/schulebza.de\/gymnasium\/wp-content\/uploads\/2024\/07\/MG_1119-380x254.jpg 380w, https:\/\/schulebza.de\/gymnasium\/wp-content\/uploads\/2024\/07\/MG_1119-285x190.jpg 285w\" sizes=\"(max-width: 800px) 100vw, 800px\" \/><\/a><\/div><\/div><div class=\"su-image-carousel-item\"><div class=\"su-image-carousel-item-content\"><a href=\"https:\/\/schulebza.de\/gymnasium\/wp-content\/uploads\/2024\/07\/MG_1081.jpg\" target=\"_blank\" rel=\"noopener noreferrer\" data-caption=\"\"><img decoding=\"async\" width=\"800\" height=\"533\" src=\"https:\/\/schulebza.de\/gymnasium\/wp-content\/uploads\/2024\/07\/MG_1081.jpg\" class=\"\" alt=\"\" srcset=\"https:\/\/schulebza.de\/gymnasium\/wp-content\/uploads\/2024\/07\/MG_1081.jpg 800w, https:\/\/schulebza.de\/gymnasium\/wp-content\/uploads\/2024\/07\/MG_1081-300x200.jpg 300w, https:\/\/schulebza.de\/gymnasium\/wp-content\/uploads\/2024\/07\/MG_1081-768x512.jpg 768w, https:\/\/schulebza.de\/gymnasium\/wp-content\/uploads\/2024\/07\/MG_1081-570x380.jpg 570w, https:\/\/schulebza.de\/gymnasium\/wp-content\/uploads\/2024\/07\/MG_1081-380x254.jpg 380w, https:\/\/schulebza.de\/gymnasium\/wp-content\/uploads\/2024\/07\/MG_1081-285x190.jpg 285w\" sizes=\"(max-width: 800px) 100vw, 800px\" \/><\/a><\/div><\/div><div class=\"su-image-carousel-item\"><div class=\"su-image-carousel-item-content\"><a href=\"https:\/\/schulebza.de\/gymnasium\/wp-content\/uploads\/2024\/07\/MG_1040.jpg\" target=\"_blank\" rel=\"noopener noreferrer\" data-caption=\"\"><img decoding=\"async\" width=\"800\" height=\"533\" src=\"https:\/\/schulebza.de\/gymnasium\/wp-content\/uploads\/2024\/07\/MG_1040.jpg\" class=\"\" alt=\"\" srcset=\"https:\/\/schulebza.de\/gymnasium\/wp-content\/uploads\/2024\/07\/MG_1040.jpg 800w, https:\/\/schulebza.de\/gymnasium\/wp-content\/uploads\/2024\/07\/MG_1040-300x200.jpg 300w, https:\/\/schulebza.de\/gymnasium\/wp-content\/uploads\/2024\/07\/MG_1040-768x512.jpg 768w, https:\/\/schulebza.de\/gymnasium\/wp-content\/uploads\/2024\/07\/MG_1040-570x380.jpg 570w, https:\/\/schulebza.de\/gymnasium\/wp-content\/uploads\/2024\/07\/MG_1040-380x254.jpg 380w, https:\/\/schulebza.de\/gymnasium\/wp-content\/uploads\/2024\/07\/MG_1040-285x190.jpg 285w\" sizes=\"(max-width: 800px) 100vw, 800px\" \/><\/a><\/div><\/div><div class=\"su-image-carousel-item\"><div class=\"su-image-carousel-item-content\"><a href=\"https:\/\/schulebza.de\/gymnasium\/wp-content\/uploads\/2024\/07\/MG_1007.jpg\" target=\"_blank\" rel=\"noopener noreferrer\" data-caption=\"\"><img decoding=\"async\" width=\"800\" height=\"533\" src=\"https:\/\/schulebza.de\/gymnasium\/wp-content\/uploads\/2024\/07\/MG_1007.jpg\" class=\"\" alt=\"\" srcset=\"https:\/\/schulebza.de\/gymnasium\/wp-content\/uploads\/2024\/07\/MG_1007.jpg 800w, https:\/\/schulebza.de\/gymnasium\/wp-content\/uploads\/2024\/07\/MG_1007-300x200.jpg 300w, https:\/\/schulebza.de\/gymnasium\/wp-content\/uploads\/2024\/07\/MG_1007-768x512.jpg 768w, https:\/\/schulebza.de\/gymnasium\/wp-content\/uploads\/2024\/07\/MG_1007-570x380.jpg 570w, https:\/\/schulebza.de\/gymnasium\/wp-content\/uploads\/2024\/07\/MG_1007-380x254.jpg 380w, https:\/\/schulebza.de\/gymnasium\/wp-content\/uploads\/2024\/07\/MG_1007-285x190.jpg 285w\" sizes=\"(max-width: 800px) 100vw, 800px\" \/><\/a><\/div><\/div><div class=\"su-image-carousel-item\"><div class=\"su-image-carousel-item-content\"><a href=\"https:\/\/schulebza.de\/gymnasium\/wp-content\/uploads\/2024\/07\/MG_1001.jpg\" target=\"_blank\" rel=\"noopener noreferrer\" data-caption=\"\"><img decoding=\"async\" width=\"800\" height=\"533\" src=\"https:\/\/schulebza.de\/gymnasium\/wp-content\/uploads\/2024\/07\/MG_1001.jpg\" class=\"\" alt=\"\" srcset=\"https:\/\/schulebza.de\/gymnasium\/wp-content\/uploads\/2024\/07\/MG_1001.jpg 800w, https:\/\/schulebza.de\/gymnasium\/wp-content\/uploads\/2024\/07\/MG_1001-300x200.jpg 300w, https:\/\/schulebza.de\/gymnasium\/wp-content\/uploads\/2024\/07\/MG_1001-768x512.jpg 768w, https:\/\/schulebza.de\/gymnasium\/wp-content\/uploads\/2024\/07\/MG_1001-570x380.jpg 570w, https:\/\/schulebza.de\/gymnasium\/wp-content\/uploads\/2024\/07\/MG_1001-380x254.jpg 380w, https:\/\/schulebza.de\/gymnasium\/wp-content\/uploads\/2024\/07\/MG_1001-285x190.jpg 285w\" sizes=\"(max-width: 800px) 100vw, 800px\" \/><\/a><\/div><\/div><\/div><script id=\"su_image_carousel_69f3851c89f3e_script\">if(window.SUImageCarousel){setTimeout(function() {window.SUImageCarousel.initGallery(document.getElementById(\"su_image_carousel_69f3851c89f3e\"))}, 0);}var su_image_carousel_69f3851c89f3e_script=document.getElementById(\"su_image_carousel_69f3851c89f3e_script\");if(su_image_carousel_69f3851c89f3e_script){su_image_carousel_69f3851c89f3e_script.parentNode.removeChild(su_image_carousel_69f3851c89f3e_script);}<\/script>\n<p>\u201eAle Menschen werden Br\u00fcder, wo Dein sanfter Fl\u00fcgle weilt\u201c \u2013 Beethovens 9. Sinfonie, von Bilingual-Sch\u00fcler Marlon Simmen (8A), gef\u00fchlvoll am Klavier vorgetragen, gilt gerade in der heutigen geopolitisch krisenhaften Zeit, als Auftrag und Verpflichtung an die junge Generation, sich engagiert f\u00fcr die V\u00f6lkerverst\u00e4ndigung und gegen den politischen Radikalismus einzusetzen. Gerade unsere weltoffene Schule mit dem Br\u00fcckenbauer Alfred Grosser als Namensgeber und ihren zahlreichen internationalen Schulpartnerschaften und grenz\u00fcberschreitenden Kooperationsprojekten leistet hierzu einen wertvollen Beitrag wobei das AbiBac in diesem Kontext wiederum eine hervorgehobene Rolle spielt.<\/p>\n<p>Wir freuen uns sehr und erachten es als eine besondere Auszeichnung, dass sich Frau Bildungsministerin Dr. Hubig die Zeit genommen hat, das Gymnasium im Alfred-Grosser-Schulzentrum als eine von nur 8 AbiBac-Schulen in Rheinland-Pfalz zu besuchen, um in einem offenen Gespr\u00e4chskreis zusammen mit unseren AbiBac-Sch\u00fclerinnen die Vorz\u00fcge und Besonderheiten dieses einzigartigen Curriculums zu er\u00f6rtern. Aufgrund der vorgezogenen Wahlen zur Assembl\u00e9e nationale, musste Frau Generalkonsulin Dr. Ilde Gorguet ihre Teilnahme, an der Veranstaltung kurzfristig absagen.<\/p>\n<p>Es traf sich nun wunderbar, dass vor just genau 25 Jahren der erste AbiBac-Jahrgang unserer Schule verabschiedet wurde. Umso sch\u00f6ner war es, dass neben den diesj\u00e4hrigen AbiBAc-Abiturientinnen und Abiturienten auch Absolventen des allerersten AbiBac-Jahrganges unserer Einladung gefolgt waren und von ihren Erfahrungen berichteten; auch wenn nicht alle aufgrund beruflicher Verpflichtungen oder krankheitsbedingt an der kleinen Feierstunde teilnehmen konnten,\u00a0 zeigt sich die Verbundenheit der Absolventinnen \u00fcber die verschiedenen Jahrg\u00e4nge hinweg. Alle Ehemaligen hoben indes die Bedeutung des Doppelabschlusses f\u00fcr ihre weiteren Karriereweg hervorheben und betonen, dabei im w\u00f6rtlichen Sinne doppelt profitiert haben und dass die Leidenschaft f\u00fcr das AbiBac generationen\u00fcbergreifend ist und gleichsam vererbt wird, zeigt das Beispiel der Familie Briem: Tante Carolin geh\u00f6rt zum ersten AbiBac-Jahrgang und arbeitet heute als Diplomatin bei den Vereinten Nationen in der franz\u00f6sischsprachigen Schweiz, Neffe Ludwig belegt den AbiBac-Zug,\u00a0 Nichte Charlotte wird im kommenden Schuljahr den AbiBAc-Zug belegen und Nichte Isolde besucht den Bilingualen Zug in der Mittelstufe. Um ihre Verbundenheit mit unserem AbiBac zu zeigen, war auch Oma Briem zu Gast und freute sich \u00fcber die gelungene Veranstaltung.<\/p>\n<p>Unter der \u00dcberschrift <em>La section AbiBac se pr\u00e9sente <\/em>stellten Sch\u00fclerinnen und Sch\u00fcler der 10., 11. 12. Jahrgangsstufe auf sprachlich h\u00f6chst anspruchsvollem Franz\u00f6sisch-Niveau verschiedene Projekte und Kooperationsaktivit\u00e4ten. In dem von Frau Cherfouf souver\u00e4n moderierten <em>tour d\u2019horizon<\/em>, stellten Esther Krumholz, Hans-J\u00fcrgen Sch\u00e4ffer, Emily Herbi und Nele Thomas aus dem Franz\u00f6sisch-Leistungskurs Gustave Flauberts realistischen Roman <em>Madame Bovary<\/em> Emile Zolas naturalistischen Roman <em>La b\u00eate humaine<\/em> in einer graphischen und sprachlichen Analyse gegen\u00fcber. Marie Haberer und Lelia Schenk aus der MSS11 stellten einen selbst produzierten Videoclip zu <em>Le secret de Mona<\/em> vor, dem letztj\u00e4hrigen Preistr\u00e4ger des\u00a0 Prix des Lyc\u00e9ens allemands. \u00a0Analucia Bauer und Victoria Erhardt \u00a0pr\u00e4sentierten ihre Erfahrungen vom Austausch mit unsere AbiBac-Partnerschule, dem Lyc\u00e9e Dr. Lacroix in Narbonne und erl\u00e4uterten das gemeinsame binationale Projekt zu den Olympischen Spielen.<\/p>\n<p>Ludwig Briem aus der MSS 12 berichtete von der Teilnahme am <em>Parlement Europ\u00e9en des Lyc\u00e9ens<\/em> in Strasbourg, an der wir als einzige AbiBac-Schule aus Rheinland-Pfalz teilgenommen hatten.\u00a0 Leider war Elena Vollmer, die die Diskussionsrunde mit dem chanson G\u00f6ttingen gesanglich er\u00f6ffnen sollte, kurzfristig erkrankt; f\u00fcr sie stellte Herr Sch\u00e4chter die Teilnahme unserer Schule am ersten deutsch-franz\u00f6sischen Sch\u00fclerlandtag in Mainz vor. In parlamentarischen Verfahren mit Ausschusssitzungen, Anh\u00f6rungen von Expertinnen und Experten aus Rheinland-Pfalz und unserer Partnerregion Bourgogne-Franche-Comt\u00e9, besch\u00e4ftigten sich die Jugendlichen w\u00e4hrend einer arbeitsintensiven und spannenden Woche unter anderem mit den Themenschwerpunkten St\u00e4rkung der Demokratie und politische Teilhabe junger Menschen sowie\u00a0 Umwelt- und Klimaschutz.\u00a0 \u00dcber die einzigartige Veranstaltung berichtet auch das SWR-Fernsehen. Die Debatten liefen ohne Dolmetscher auf Deutsch und franz\u00f6sisch statt. Elena war erfreulicherweise zur Co-Ausschusssvorsiteznden gew\u00e4hlt worden und durfte im Nachgang die im Umweltausschuss verfasste Resolution in einer Videokonferenz dem entsprechenden realenrheinland-pf\u00e4lzischen\u00a0 Landtagsauschuss vorstellen.\u00a0 Zum Abschluss erl\u00e4uterte Elisa B\u00f6ttinger ein binationales grenz\u00fcberschreitendes Projekt der 10.. bilingualen Klasse mit unserem Partnercoll\u00e8ge Otfried unter dem Titel <em>Grenzen \u00fcberwinden \u2212 surmonter des fronti\u00e8res<\/em> vor.<\/p>\n<p>Als eine ganz besondere W\u00fcrdigung f\u00fcr das grenz\u00fcberschreitende Engagement unsere Schule erfolgte im Foyer die feierliche Verleihung des Oberrhein-Siegels, das Herr Allmann sichtlich erfreut entgegennahm. Wir k\u00f6nnen stolz darauf sein, als erste rheinland-pf\u00e4lzische Schule das Siegel erhalten zu haben. Das Oberrheinsiegel zeichnet in besonderer Weise grenz\u00fcberschreitenden Kooperationsprojekte aus und verfolgt das Ziel eines integrativen Netzwerkgedankens zwischen der Partner-Schulen in der Pfalz, im Elsass, in Baden und in der Nordschweiz. In Anwesenheit von Frau Klein-Sawadogo von der franz\u00f6sischen Schulbeh\u00f6rde und Frau Levatic, die stellvertretende Schulleiterin des coll\u00e8ge Otfried in Wissembourg, \u00fcberreichte Frau Gottschalk von der ADD Neustadt zusammen mit Frau Dr. Sch\u00e4fer die Auszeichnung in Form einer Plakette und einer Urkunde mit bemerkenswertem Wortlaut:<\/p>\n<p>&nbsp;<\/p>\n<p><strong><em>\u201eDurch die Verankerung interkultureller Kompetenzen im Rahmen von grenz\u00fcberschreitenden Begegnungen\u00a0 \u2026\u00a0 wirkt die Schule als Multiplikator innerhalb der regionalen Schullandschaft und dient als Vorbild f\u00fcr V\u00f6lkerverst\u00e4ndigung, Demokratie- und Antirassismus-Erziehung.\u201c<\/em><\/strong><\/p>\n<p><strong><em>\u00a0<\/em><\/strong><\/p>\n<p>Frau Dr. Hubig wies in ihrem Redebeitrag ebenfalls noch einmal auf die Bedeutung grenz\u00fcbertchreitender Beziehungen und binationaler Projekte hin und w\u00fcrdigte das Engagement unsere Sch\u00fclerinnen und Sch\u00fcler, wobei sie die Schulgemeinschaft aufforderte, stets f\u00fcr unsere demokratischen Werte einzustehen und sie gegen extreme Tendenzen zu verteidigen.<\/p>\n<p>Ihren Ausklang fand die Veranstaltung in der Mensa mit einem kleinen Empfang, bei dem das Mensa-Team alle Teilnehmer mit leckerem Laugenkonfekt verk\u00f6stigte. Die Zeit wurde zum regen und ungezwungenen Austausch genutzt, wobei insbesondere die AbiBac-Absolventinnen und Absolventen der fr\u00fcheren Jahrg\u00e4nge Kontakte kn\u00fcpften. Die Gespr\u00e4chsrunde, deren Format eines gro\u00dfen offenen Gespr\u00e4chkreises auf \u00fcberaus positive Resonanz stie\u00df, die feierliche Verleihung des Oberrheinsiegels im Foyer sowie der Raum f\u00fcr Gespr\u00e4che und Kontakte in der Mensa bildeten einen harmonischen Dreiklang dieses besonderen Tages.<\/p>\n<p>O.S.<\/p>\n","protected":false},"excerpt":{"rendered":"<p>\u201eAle Menschen werden Br\u00fcder, wo Dein sanfter Fl\u00fcgle weilt\u201c \u2013 Beethovens 9. Sinfonie, von Bilingual-Sch\u00fcler Marlon Simmen (8A), gef\u00fchlvoll am Klavier vorgetragen, gilt gerade in der heutigen geopolitisch krisenhaften Zeit, als Auftrag und Verpflichtung an die junge Generation, sich engagiert f\u00fcr die V\u00f6lkerverst\u00e4ndigung und gegen den politischen Radikalismus einzusetzen. Gerade unsere weltoffene Schule mit dem&#8230;<\/p>\n<p class=\"more-link\"><a href=\"https:\/\/schulebza.de\/gymnasium\/2024\/07\/12\/ministerin-dr-hubig-zu-gast-gymnasium-wird-als-erste-schule-in-rheinland-pfalz-mit-dem-oberrheinsiegel-ausgezeichnet-25-jahre-abibac\/\" class=\"\"><span>Weiterlesen<\/span><i>&#43;<\/i><\/a><\/p>\n","protected":false},"author":1,"featured_media":0,"comment_status":"closed","ping_status":"closed","sticky":false,"template":"","format":"standard","meta":{"footnotes":""},"categories":[1],"tags":[],"class_list":["post-13181","post","type-post","status-publish","format-standard","hentry","category-uncategorized"],"_links":{"self":[{"href":"https:\/\/schulebza.de\/gymnasium\/wp-json\/wp\/v2\/posts\/13181","targetHints":{"allow":["GET"]}}],"collection":[{"href":"https:\/\/schulebza.de\/gymnasium\/wp-json\/wp\/v2\/posts"}],"about":[{"href":"https:\/\/schulebza.de\/gymnasium\/wp-json\/wp\/v2\/types\/post"}],"author":[{"embeddable":true,"href":"https:\/\/schulebza.de\/gymnasium\/wp-json\/wp\/v2\/users\/1"}],"replies":[{"embeddable":true,"href":"https:\/\/schulebza.de\/gymnasium\/wp-json\/wp\/v2\/comments?post=13181"}],"version-history":[{"count":2,"href":"https:\/\/schulebza.de\/gymnasium\/wp-json\/wp\/v2\/posts\/13181\/revisions"}],"predecessor-version":[{"id":13183,"href":"https:\/\/schulebza.de\/gymnasium\/wp-json\/wp\/v2\/posts\/13181\/revisions\/13183"}],"wp:attachment":[{"href":"https:\/\/schulebza.de\/gymnasium\/wp-json\/wp\/v2\/media?parent=13181"}],"wp:term":[{"taxonomy":"category","embeddable":true,"href":"https:\/\/schulebza.de\/gymnasium\/wp-json\/wp\/v2\/categories?post=13181"},{"taxonomy":"post_tag","embeddable":true,"href":"https:\/\/schulebza.de\/gymnasium\/wp-json\/wp\/v2\/tags?post=13181"}],"curies":[{"name":"wp","href":"https:\/\/api.w.org\/{rel}","templated":true}]}}