{"id":12776,"date":"2024-01-31T14:19:17","date_gmt":"2024-01-31T13:19:17","guid":{"rendered":"https:\/\/schulebza.de\/gymnasium\/?p=12776"},"modified":"2024-01-31T14:19:17","modified_gmt":"2024-01-31T13:19:17","slug":"halbjahreswechsel","status":"publish","type":"post","link":"https:\/\/schulebza.de\/gymnasium\/2024\/01\/31\/halbjahreswechsel\/","title":{"rendered":"Halbjahreswechsel"},"content":{"rendered":"<div class=\"su-image-carousel  su-image-carousel-has-spacing su-image-carousel-crop su-image-carousel-crop-16-9 su-image-carousel-has-lightbox su-image-carousel-has-outline su-image-carousel-adaptive su-image-carousel-slides-style-minimal su-image-carousel-controls-style-dark su-image-carousel-align-center\" style=\"max-width:800px\" data-flickity-options='{\"groupCells\":true,\"cellSelector\":\".su-image-carousel-item\",\"adaptiveHeight\":false,\"cellAlign\":\"left\",\"prevNextButtons\":true,\"pageDots\":true,\"autoPlay\":3000,\"imagesLoaded\":true,\"contain\":true,\"selectedAttraction\":0.025000000000000001387778780781445675529539585113525390625,\"friction\":0.2800000000000000266453525910037569701671600341796875}' id=\"su_image_carousel_69f16ed82fe07\"><div class=\"su-image-carousel-item\"><div class=\"su-image-carousel-item-content\"><a href=\"https:\/\/schulebza.de\/gymnasium\/wp-content\/uploads\/2024\/01\/Info-HP-Halbjahreswechsel.jpg\" target=\"_blank\" rel=\"noopener noreferrer\" data-caption=\"\"><img decoding=\"async\" width=\"800\" height=\"600\" src=\"https:\/\/schulebza.de\/gymnasium\/wp-content\/uploads\/2024\/01\/Info-HP-Halbjahreswechsel.jpg\" class=\"\" alt=\"\" srcset=\"https:\/\/schulebza.de\/gymnasium\/wp-content\/uploads\/2024\/01\/Info-HP-Halbjahreswechsel.jpg 800w, https:\/\/schulebza.de\/gymnasium\/wp-content\/uploads\/2024\/01\/Info-HP-Halbjahreswechsel-300x225.jpg 300w, https:\/\/schulebza.de\/gymnasium\/wp-content\/uploads\/2024\/01\/Info-HP-Halbjahreswechsel-768x576.jpg 768w, https:\/\/schulebza.de\/gymnasium\/wp-content\/uploads\/2024\/01\/Info-HP-Halbjahreswechsel-380x285.jpg 380w, https:\/\/schulebza.de\/gymnasium\/wp-content\/uploads\/2024\/01\/Info-HP-Halbjahreswechsel-285x214.jpg 285w\" sizes=\"(max-width: 800px) 100vw, 800px\" \/><\/a><\/div><\/div><div class=\"su-image-carousel-item\"><div class=\"su-image-carousel-item-content\"><a href=\"https:\/\/schulebza.de\/gymnasium\/wp-content\/uploads\/2024\/01\/IMG_0226.jpg\" target=\"_blank\" rel=\"noopener noreferrer\" data-caption=\"\"><img decoding=\"async\" width=\"900\" height=\"600\" src=\"https:\/\/schulebza.de\/gymnasium\/wp-content\/uploads\/2024\/01\/IMG_0226.jpg\" class=\"\" alt=\"\" srcset=\"https:\/\/schulebza.de\/gymnasium\/wp-content\/uploads\/2024\/01\/IMG_0226.jpg 900w, https:\/\/schulebza.de\/gymnasium\/wp-content\/uploads\/2024\/01\/IMG_0226-300x200.jpg 300w, https:\/\/schulebza.de\/gymnasium\/wp-content\/uploads\/2024\/01\/IMG_0226-768x512.jpg 768w, https:\/\/schulebza.de\/gymnasium\/wp-content\/uploads\/2024\/01\/IMG_0226-570x380.jpg 570w, https:\/\/schulebza.de\/gymnasium\/wp-content\/uploads\/2024\/01\/IMG_0226-380x254.jpg 380w, https:\/\/schulebza.de\/gymnasium\/wp-content\/uploads\/2024\/01\/IMG_0226-285x190.jpg 285w\" sizes=\"(max-width: 900px) 100vw, 900px\" \/><\/a><\/div><\/div><div class=\"su-image-carousel-item\"><div class=\"su-image-carousel-item-content\"><a href=\"https:\/\/schulebza.de\/gymnasium\/wp-content\/uploads\/2024\/01\/IMG_0184.jpg\" target=\"_blank\" rel=\"noopener noreferrer\" data-caption=\"\"><img decoding=\"async\" width=\"900\" height=\"600\" src=\"https:\/\/schulebza.de\/gymnasium\/wp-content\/uploads\/2024\/01\/IMG_0184.jpg\" class=\"\" alt=\"\" srcset=\"https:\/\/schulebza.de\/gymnasium\/wp-content\/uploads\/2024\/01\/IMG_0184.jpg 900w, https:\/\/schulebza.de\/gymnasium\/wp-content\/uploads\/2024\/01\/IMG_0184-300x200.jpg 300w, https:\/\/schulebza.de\/gymnasium\/wp-content\/uploads\/2024\/01\/IMG_0184-768x512.jpg 768w, https:\/\/schulebza.de\/gymnasium\/wp-content\/uploads\/2024\/01\/IMG_0184-570x380.jpg 570w, https:\/\/schulebza.de\/gymnasium\/wp-content\/uploads\/2024\/01\/IMG_0184-380x254.jpg 380w, https:\/\/schulebza.de\/gymnasium\/wp-content\/uploads\/2024\/01\/IMG_0184-285x190.jpg 285w\" sizes=\"(max-width: 900px) 100vw, 900px\" \/><\/a><\/div><\/div><div class=\"su-image-carousel-item\"><div class=\"su-image-carousel-item-content\"><a href=\"https:\/\/schulebza.de\/gymnasium\/wp-content\/uploads\/2024\/01\/Frz-HP-Halbjahreswechsel.jpg\" target=\"_blank\" rel=\"noopener noreferrer\" data-caption=\"\"><img decoding=\"async\" width=\"800\" height=\"600\" src=\"https:\/\/schulebza.de\/gymnasium\/wp-content\/uploads\/2024\/01\/Frz-HP-Halbjahreswechsel.jpg\" class=\"\" alt=\"\" srcset=\"https:\/\/schulebza.de\/gymnasium\/wp-content\/uploads\/2024\/01\/Frz-HP-Halbjahreswechsel.jpg 800w, https:\/\/schulebza.de\/gymnasium\/wp-content\/uploads\/2024\/01\/Frz-HP-Halbjahreswechsel-300x225.jpg 300w, https:\/\/schulebza.de\/gymnasium\/wp-content\/uploads\/2024\/01\/Frz-HP-Halbjahreswechsel-768x576.jpg 768w, https:\/\/schulebza.de\/gymnasium\/wp-content\/uploads\/2024\/01\/Frz-HP-Halbjahreswechsel-380x285.jpg 380w, https:\/\/schulebza.de\/gymnasium\/wp-content\/uploads\/2024\/01\/Frz-HP-Halbjahreswechsel-285x214.jpg 285w\" sizes=\"(max-width: 800px) 100vw, 800px\" \/><\/a><\/div><\/div><\/div><script id=\"su_image_carousel_69f16ed82fe07_script\">if(window.SUImageCarousel){setTimeout(function() {window.SUImageCarousel.initGallery(document.getElementById(\"su_image_carousel_69f16ed82fe07\"))}, 0);}var su_image_carousel_69f16ed82fe07_script=document.getElementById(\"su_image_carousel_69f16ed82fe07_script\");if(su_image_carousel_69f16ed82fe07_script){su_image_carousel_69f16ed82fe07_script.parentNode.removeChild(su_image_carousel_69f16ed82fe07_script);}<\/script>\n<p>Liebe Schulgemeinschaft!<\/p>\n<p>Zum Halbjahreswechsel schicke ich herzliche Gr\u00fc\u00dfe.<\/p>\n<p>Die Tage ehrten wir im Foyer die Sieger des Vorlesewettbewerbs Franz\u00f6sisch unserer Fachschaft Franz\u00f6sisch und ebenso die Sach-Preistr\u00e4ger beim Informatik-Biber-Wettbewerb 2023 unserer Fachschaft Informatik &#8211; herzlicher Gl\u00fcckwunsch auch noch einmal von hier!<\/p>\n<p>Ebenso ein Bild zusammen mit unserem Schultr\u00e4ger und den ehemaligen KunstkollegInnen Elke Pfaffmann und Franz Leschinger &#8211; die Kulturabteilung des Landkreises kaufte f\u00fcr die Schulgemeinschaft zwei Kunstwerke der beiden an und zusammen mit Sch\u00fclern, Eltern und Lehrern nahmen wir das Geschenk an uns gerne an im kleinen feierlichen Rahmen mit Musik unserer Jazzcombo.<\/p>\n<p>Auch ein Schnappschuss der in Eigenregie unserer ehrenamtlich engagierten Schulgemeinschaft an jedem Dienstag ge\u00f6ffneten Mensa sei hier angef\u00fcgt: wir arbeiten seit Monaten mit allen Zust\u00e4ndigen fieberhaft an einer guten L\u00f6sung zur Versorgung unserer Sch\u00fclerinnen und Sch\u00fcler am Nachmittag.<\/p>\n<p>Gl\u00fcck auf f\u00fcr das zweite Schulhalbjahr!<\/p>\n<p>Ihr&amp;Euer<\/p>\n<p>Pete Allmann, Schulleiter<\/p>\n","protected":false},"excerpt":{"rendered":"<p>Liebe Schulgemeinschaft! Zum Halbjahreswechsel schicke ich herzliche Gr\u00fc\u00dfe. Die Tage ehrten wir im Foyer die Sieger des Vorlesewettbewerbs Franz\u00f6sisch unserer Fachschaft Franz\u00f6sisch und ebenso die Sach-Preistr\u00e4ger beim Informatik-Biber-Wettbewerb 2023 unserer Fachschaft Informatik &#8211; herzlicher Gl\u00fcckwunsch auch noch einmal von hier! Ebenso ein Bild zusammen mit unserem Schultr\u00e4ger und den ehemaligen KunstkollegInnen Elke Pfaffmann und Franz&#8230;<\/p>\n<p class=\"more-link\"><a href=\"https:\/\/schulebza.de\/gymnasium\/2024\/01\/31\/halbjahreswechsel\/\" class=\"\"><span>Weiterlesen<\/span><i>&#43;<\/i><\/a><\/p>\n","protected":false},"author":1,"featured_media":0,"comment_status":"closed","ping_status":"closed","sticky":false,"template":"","format":"standard","meta":{"footnotes":""},"categories":[1],"tags":[],"class_list":["post-12776","post","type-post","status-publish","format-standard","hentry","category-uncategorized"],"_links":{"self":[{"href":"https:\/\/schulebza.de\/gymnasium\/wp-json\/wp\/v2\/posts\/12776","targetHints":{"allow":["GET"]}}],"collection":[{"href":"https:\/\/schulebza.de\/gymnasium\/wp-json\/wp\/v2\/posts"}],"about":[{"href":"https:\/\/schulebza.de\/gymnasium\/wp-json\/wp\/v2\/types\/post"}],"author":[{"embeddable":true,"href":"https:\/\/schulebza.de\/gymnasium\/wp-json\/wp\/v2\/users\/1"}],"replies":[{"embeddable":true,"href":"https:\/\/schulebza.de\/gymnasium\/wp-json\/wp\/v2\/comments?post=12776"}],"version-history":[{"count":1,"href":"https:\/\/schulebza.de\/gymnasium\/wp-json\/wp\/v2\/posts\/12776\/revisions"}],"predecessor-version":[{"id":12781,"href":"https:\/\/schulebza.de\/gymnasium\/wp-json\/wp\/v2\/posts\/12776\/revisions\/12781"}],"wp:attachment":[{"href":"https:\/\/schulebza.de\/gymnasium\/wp-json\/wp\/v2\/media?parent=12776"}],"wp:term":[{"taxonomy":"category","embeddable":true,"href":"https:\/\/schulebza.de\/gymnasium\/wp-json\/wp\/v2\/categories?post=12776"},{"taxonomy":"post_tag","embeddable":true,"href":"https:\/\/schulebza.de\/gymnasium\/wp-json\/wp\/v2\/tags?post=12776"}],"curies":[{"name":"wp","href":"https:\/\/api.w.org\/{rel}","templated":true}]}}