{"id":12123,"date":"2023-02-07T20:42:32","date_gmt":"2023-02-07T19:42:32","guid":{"rendered":"https:\/\/schulebza.de\/gymnasium\/?p=12123"},"modified":"2023-02-15T16:28:50","modified_gmt":"2023-02-15T15:28:50","slug":"jugend-debattiert-2023-unsere-schulsieger-stehen-fest","status":"publish","type":"post","link":"https:\/\/schulebza.de\/gymnasium\/2023\/02\/07\/jugend-debattiert-2023-unsere-schulsieger-stehen-fest\/","title":{"rendered":"Jugend debattiert 2023 &#8211; unsere Schulsieger stehen fest"},"content":{"rendered":"<div class=\"postie-post\">\n<div>\n<p style=\"text-align: justify;\"><a href=\"https:\/\/schulebza.de\/gymnasium\/wp-content\/uploads\/2023\/02\/jdebattiert.jpg\"><img decoding=\"async\" class=\"alignleft wp-image-12131\" src=\"https:\/\/schulebza.de\/gymnasium\/wp-content\/uploads\/2023\/02\/jdebattiert.jpg\" alt=\"\" width=\"250\" height=\"187\" \/><\/a>Am Donnerstag, dem 2. Februar 2023, fanden zahlreiche Debatten an unserer Schule statt, um die Schulsieger und damit unsere Vertreterinnen und Vertreter f\u00fcr den Regionalwettbewerb zu ermitteln.<\/p>\n<p style=\"text-align: justify;\">Fr\u00fch am Morgen starteten zwanzig Sch\u00fclerinnen und Sch\u00fcler in f\u00fcnf R\u00e4umen gleichzeitig ihre Runden und debattierten, was das Zeug hielt. Die Juroren \u2013 Lehrerinnen und Lehrer, aber auch Sch\u00fclerinnen und Sch\u00fcler, die speziell daf\u00fcr geschult worden waren \u2013 verfolgten aufmerksam die Debatten und vergaben ihre Punkte. Nach zwei Runden standen die Finalteilnehmer fest und nach einer spannenden Debatte um die Frage, ob privates Silvester-Feuerwerk verboten werden soll, wurde die Entscheidung der Jury mit Spannung erwartet. Endlich war klar, dass Laura aus der 10c und Marie aus der 10a f\u00fcr unsere Schule ins Rennen gehen werden. Wir dr\u00fccken ihnen die Daumen, dass sie es beide wie im letzten Jahr wieder bis zum Landeswettbewerb nach Mainz schaffen \u2013 und gerne auch weiter.<\/p>\n<p style=\"text-align: justify;\">Die zweite H\u00e4lfte des Vormittags geh\u00f6rte den Debatten der MSS. Wieder fanden zwei Vorrunden statt, zw\u00f6lf Sch\u00fclerinnen und Sch\u00fcler traten hier gegeneinander an. Auch hier wurden die vier Besten ermittelt, die dann in der Finalrunde die Frage debattierten, ob in Deutschland eine Soziale Pflichtzeit eingef\u00fchrt werden soll. Auch diese spannende Debatte zeigte deutlich, dass sich die Teilnehmer sorgf\u00e4ltig auf die Themen vorbereitet hatten und mit vielen Argumenten gegeneinander antreten konnten. Doch auch hier kann es nur zwei Sieger geben, die f\u00fcr unsere Schule nach Dahn zum Regionalwettbewerb fahren. In diesem Jahr werden unsere Sch\u00fclervertreter Benjamin und Luca sich im Debattieren mit Vertreterinnen und Vertretern anderer Schulen messen.<\/p>\n<p>Wir w\u00fcnschen allen viel Erfolg!<\/p>\n<\/div>\n<\/div>\n","protected":false},"excerpt":{"rendered":"<p>Am Donnerstag, dem 2. Februar 2023, fanden zahlreiche Debatten an unserer Schule statt, um die Schulsieger und damit unsere Vertreterinnen und Vertreter f\u00fcr den Regionalwettbewerb zu ermitteln. Fr\u00fch am Morgen starteten zwanzig Sch\u00fclerinnen und Sch\u00fcler in f\u00fcnf R\u00e4umen gleichzeitig ihre Runden und debattierten, was das Zeug hielt. Die Juroren \u2013 Lehrerinnen und Lehrer, aber auch&#8230;<\/p>\n<p class=\"more-link\"><a href=\"https:\/\/schulebza.de\/gymnasium\/2023\/02\/07\/jugend-debattiert-2023-unsere-schulsieger-stehen-fest\/\" class=\"\"><span>Weiterlesen<\/span><i>&#43;<\/i><\/a><\/p>\n","protected":false},"author":1,"featured_media":0,"comment_status":"closed","ping_status":"closed","sticky":false,"template":"","format":"standard","meta":{"footnotes":""},"categories":[1],"tags":[],"class_list":["post-12123","post","type-post","status-publish","format-standard","hentry","category-uncategorized"],"_links":{"self":[{"href":"https:\/\/schulebza.de\/gymnasium\/wp-json\/wp\/v2\/posts\/12123","targetHints":{"allow":["GET"]}}],"collection":[{"href":"https:\/\/schulebza.de\/gymnasium\/wp-json\/wp\/v2\/posts"}],"about":[{"href":"https:\/\/schulebza.de\/gymnasium\/wp-json\/wp\/v2\/types\/post"}],"author":[{"embeddable":true,"href":"https:\/\/schulebza.de\/gymnasium\/wp-json\/wp\/v2\/users\/1"}],"replies":[{"embeddable":true,"href":"https:\/\/schulebza.de\/gymnasium\/wp-json\/wp\/v2\/comments?post=12123"}],"version-history":[{"count":3,"href":"https:\/\/schulebza.de\/gymnasium\/wp-json\/wp\/v2\/posts\/12123\/revisions"}],"predecessor-version":[{"id":12140,"href":"https:\/\/schulebza.de\/gymnasium\/wp-json\/wp\/v2\/posts\/12123\/revisions\/12140"}],"wp:attachment":[{"href":"https:\/\/schulebza.de\/gymnasium\/wp-json\/wp\/v2\/media?parent=12123"}],"wp:term":[{"taxonomy":"category","embeddable":true,"href":"https:\/\/schulebza.de\/gymnasium\/wp-json\/wp\/v2\/categories?post=12123"},{"taxonomy":"post_tag","embeddable":true,"href":"https:\/\/schulebza.de\/gymnasium\/wp-json\/wp\/v2\/tags?post=12123"}],"curies":[{"name":"wp","href":"https:\/\/api.w.org\/{rel}","templated":true}]}}