{"id":11987,"date":"2022-12-14T15:07:38","date_gmt":"2022-12-14T14:07:38","guid":{"rendered":"https:\/\/schulebza.de\/gymnasium\/?p=11987"},"modified":"2022-12-14T15:07:38","modified_gmt":"2022-12-14T14:07:38","slug":"75-jahre-sind-es-wert-dass-man-unser-rheinland-pfalz-ganz-besonders-ehrt-europapreis-2022-fuer-die-bilingualen-schuelerinnen-der-klasse-10a","status":"publish","type":"post","link":"https:\/\/schulebza.de\/gymnasium\/2022\/12\/14\/75-jahre-sind-es-wert-dass-man-unser-rheinland-pfalz-ganz-besonders-ehrt-europapreis-2022-fuer-die-bilingualen-schuelerinnen-der-klasse-10a\/","title":{"rendered":"\u201e75 Jahre sind es Wert, dass man unser Rheinland-Pfalz ganz besonders ehrt\u201c \u2013 Europapreis 2022 f\u00fcr die bilingualen Sch\u00fclerinnen der Klasse 10a"},"content":{"rendered":"<div class=\"su-image-carousel  su-image-carousel-has-spacing su-image-carousel-has-lightbox su-image-carousel-has-outline su-image-carousel-adaptive su-image-carousel-slides-style-minimal su-image-carousel-controls-style-dark su-image-carousel-align-center\" style=\"max-width:800px\" data-flickity-options='{\"groupCells\":true,\"cellSelector\":\".su-image-carousel-item\",\"adaptiveHeight\":true,\"cellAlign\":\"left\",\"prevNextButtons\":true,\"pageDots\":true,\"autoPlay\":3000,\"imagesLoaded\":true,\"contain\":false,\"selectedAttraction\":0.025000000000000001387778780781445675529539585113525390625,\"friction\":0.2800000000000000266453525910037569701671600341796875}' id=\"su_image_carousel_69f2c2d8d0a96\"><div class=\"su-image-carousel-item\"><div class=\"su-image-carousel-item-content\"><a href=\"https:\/\/schulebza.de\/gymnasium\/wp-content\/uploads\/2022\/12\/Bild-6__ausgewaehlt-1.jpg\" target=\"_blank\" rel=\"noopener noreferrer\" data-caption=\"\"><img decoding=\"async\" width=\"1024\" height=\"780\" src=\"https:\/\/schulebza.de\/gymnasium\/wp-content\/uploads\/2022\/12\/Bild-6__ausgewaehlt-1-1024x780.jpg\" class=\"\" alt=\"\" srcset=\"https:\/\/schulebza.de\/gymnasium\/wp-content\/uploads\/2022\/12\/Bild-6__ausgewaehlt-1-1024x780.jpg 1024w, https:\/\/schulebza.de\/gymnasium\/wp-content\/uploads\/2022\/12\/Bild-6__ausgewaehlt-1-300x229.jpg 300w, https:\/\/schulebza.de\/gymnasium\/wp-content\/uploads\/2022\/12\/Bild-6__ausgewaehlt-1.jpg 1600w\" sizes=\"(max-width: 1024px) 100vw, 1024px\" \/><\/a><\/div><\/div><div class=\"su-image-carousel-item\"><div class=\"su-image-carousel-item-content\"><a href=\"https:\/\/schulebza.de\/gymnasium\/wp-content\/uploads\/2022\/12\/Bild-1_ausgewaehlt.jpg\" target=\"_blank\" rel=\"noopener noreferrer\" data-caption=\"\"><img decoding=\"async\" width=\"617\" height=\"489\" src=\"https:\/\/schulebza.de\/gymnasium\/wp-content\/uploads\/2022\/12\/Bild-1_ausgewaehlt.jpg\" class=\"\" alt=\"\" srcset=\"https:\/\/schulebza.de\/gymnasium\/wp-content\/uploads\/2022\/12\/Bild-1_ausgewaehlt.jpg 617w, https:\/\/schulebza.de\/gymnasium\/wp-content\/uploads\/2022\/12\/Bild-1_ausgewaehlt-300x238.jpg 300w\" sizes=\"(max-width: 617px) 100vw, 617px\" \/><\/a><\/div><\/div><div class=\"su-image-carousel-item\"><div class=\"su-image-carousel-item-content\"><a href=\"https:\/\/schulebza.de\/gymnasium\/wp-content\/uploads\/2022\/12\/Bild-2_ausgewaehlt.jpg\" target=\"_blank\" rel=\"noopener noreferrer\" data-caption=\"\"><img decoding=\"async\" width=\"520\" height=\"555\" src=\"https:\/\/schulebza.de\/gymnasium\/wp-content\/uploads\/2022\/12\/Bild-2_ausgewaehlt.jpg\" class=\"\" alt=\"\" srcset=\"https:\/\/schulebza.de\/gymnasium\/wp-content\/uploads\/2022\/12\/Bild-2_ausgewaehlt.jpg 520w, https:\/\/schulebza.de\/gymnasium\/wp-content\/uploads\/2022\/12\/Bild-2_ausgewaehlt-281x300.jpg 281w\" sizes=\"(max-width: 520px) 100vw, 520px\" \/><\/a><\/div><\/div><div class=\"su-image-carousel-item\"><div class=\"su-image-carousel-item-content\"><a href=\"https:\/\/schulebza.de\/gymnasium\/wp-content\/uploads\/2022\/12\/Bild-3_ausgewaehlt-9.jpg\" target=\"_blank\" rel=\"noopener noreferrer\" data-caption=\"\"><img decoding=\"async\" width=\"601\" height=\"468\" src=\"https:\/\/schulebza.de\/gymnasium\/wp-content\/uploads\/2022\/12\/Bild-3_ausgewaehlt-9.jpg\" class=\"\" alt=\"\" srcset=\"https:\/\/schulebza.de\/gymnasium\/wp-content\/uploads\/2022\/12\/Bild-3_ausgewaehlt-9.jpg 601w, https:\/\/schulebza.de\/gymnasium\/wp-content\/uploads\/2022\/12\/Bild-3_ausgewaehlt-9-300x234.jpg 300w\" sizes=\"(max-width: 601px) 100vw, 601px\" \/><\/a><\/div><\/div><div class=\"su-image-carousel-item\"><div class=\"su-image-carousel-item-content\"><a href=\"https:\/\/schulebza.de\/gymnasium\/wp-content\/uploads\/2022\/12\/Bild-4_ausgewaehlt-9.jpg\" target=\"_blank\" rel=\"noopener noreferrer\" data-caption=\"\"><img decoding=\"async\" width=\"694\" height=\"572\" src=\"https:\/\/schulebza.de\/gymnasium\/wp-content\/uploads\/2022\/12\/Bild-4_ausgewaehlt-9.jpg\" class=\"\" alt=\"\" srcset=\"https:\/\/schulebza.de\/gymnasium\/wp-content\/uploads\/2022\/12\/Bild-4_ausgewaehlt-9.jpg 694w, https:\/\/schulebza.de\/gymnasium\/wp-content\/uploads\/2022\/12\/Bild-4_ausgewaehlt-9-300x247.jpg 300w\" sizes=\"(max-width: 694px) 100vw, 694px\" \/><\/a><\/div><\/div><div class=\"su-image-carousel-item\"><div class=\"su-image-carousel-item-content\"><a href=\"https:\/\/schulebza.de\/gymnasium\/wp-content\/uploads\/2022\/12\/Bild-5_ausgewaehlt-7.jpg\" target=\"_blank\" rel=\"noopener noreferrer\" data-caption=\"\"><img decoding=\"async\" width=\"1024\" height=\"897\" src=\"https:\/\/schulebza.de\/gymnasium\/wp-content\/uploads\/2022\/12\/Bild-5_ausgewaehlt-7-1024x897.jpg\" class=\"\" alt=\"\" srcset=\"https:\/\/schulebza.de\/gymnasium\/wp-content\/uploads\/2022\/12\/Bild-5_ausgewaehlt-7-1024x897.jpg 1024w, https:\/\/schulebza.de\/gymnasium\/wp-content\/uploads\/2022\/12\/Bild-5_ausgewaehlt-7-300x263.jpg 300w, https:\/\/schulebza.de\/gymnasium\/wp-content\/uploads\/2022\/12\/Bild-5_ausgewaehlt-7-768x673.jpg 768w, https:\/\/schulebza.de\/gymnasium\/wp-content\/uploads\/2022\/12\/Bild-5_ausgewaehlt-7.jpg 1528w\" sizes=\"(max-width: 1024px) 100vw, 1024px\" \/><\/a><\/div><\/div><div class=\"su-image-carousel-item\"><div class=\"su-image-carousel-item-content\"><a href=\"https:\/\/schulebza.de\/gymnasium\/wp-content\/uploads\/2022\/12\/Bild-6__ausgewaehlt-3.jpg\" target=\"_blank\" rel=\"noopener noreferrer\" data-caption=\"\"><img decoding=\"async\" width=\"1024\" height=\"780\" src=\"https:\/\/schulebza.de\/gymnasium\/wp-content\/uploads\/2022\/12\/Bild-6__ausgewaehlt-3-1024x780.jpg\" class=\"\" alt=\"\" srcset=\"https:\/\/schulebza.de\/gymnasium\/wp-content\/uploads\/2022\/12\/Bild-6__ausgewaehlt-3-1024x780.jpg 1024w, https:\/\/schulebza.de\/gymnasium\/wp-content\/uploads\/2022\/12\/Bild-6__ausgewaehlt-3-300x229.jpg 300w, https:\/\/schulebza.de\/gymnasium\/wp-content\/uploads\/2022\/12\/Bild-6__ausgewaehlt-3-768x585.jpg 768w, https:\/\/schulebza.de\/gymnasium\/wp-content\/uploads\/2022\/12\/Bild-6__ausgewaehlt-3-1536x1170.jpg 1536w, https:\/\/schulebza.de\/gymnasium\/wp-content\/uploads\/2022\/12\/Bild-6__ausgewaehlt-3.jpg 1600w\" sizes=\"(max-width: 1024px) 100vw, 1024px\" \/><\/a><\/div><\/div><div class=\"su-image-carousel-item\"><div class=\"su-image-carousel-item-content\"><a href=\"https:\/\/schulebza.de\/gymnasium\/wp-content\/uploads\/2022\/12\/Bild-7_ausgewaehlt.jpg\" target=\"_blank\" rel=\"noopener noreferrer\" data-caption=\"\"><img decoding=\"async\" width=\"1024\" height=\"875\" src=\"https:\/\/schulebza.de\/gymnasium\/wp-content\/uploads\/2022\/12\/Bild-7_ausgewaehlt-1024x875.jpg\" class=\"\" alt=\"\" srcset=\"https:\/\/schulebza.de\/gymnasium\/wp-content\/uploads\/2022\/12\/Bild-7_ausgewaehlt-1024x875.jpg 1024w, https:\/\/schulebza.de\/gymnasium\/wp-content\/uploads\/2022\/12\/Bild-7_ausgewaehlt-300x256.jpg 300w, https:\/\/schulebza.de\/gymnasium\/wp-content\/uploads\/2022\/12\/Bild-7_ausgewaehlt-768x656.jpg 768w, https:\/\/schulebza.de\/gymnasium\/wp-content\/uploads\/2022\/12\/Bild-7_ausgewaehlt.jpg 1157w\" sizes=\"(max-width: 1024px) 100vw, 1024px\" \/><\/a><\/div><\/div><div class=\"su-image-carousel-item\"><div class=\"su-image-carousel-item-content\"><a href=\"https:\/\/schulebza.de\/gymnasium\/wp-content\/uploads\/2022\/12\/Bild-8_ausgewaehlt.jpg\" target=\"_blank\" rel=\"noopener noreferrer\" data-caption=\"\"><img decoding=\"async\" width=\"956\" height=\"891\" src=\"https:\/\/schulebza.de\/gymnasium\/wp-content\/uploads\/2022\/12\/Bild-8_ausgewaehlt.jpg\" class=\"\" alt=\"\" srcset=\"https:\/\/schulebza.de\/gymnasium\/wp-content\/uploads\/2022\/12\/Bild-8_ausgewaehlt.jpg 956w, https:\/\/schulebza.de\/gymnasium\/wp-content\/uploads\/2022\/12\/Bild-8_ausgewaehlt-300x280.jpg 300w, https:\/\/schulebza.de\/gymnasium\/wp-content\/uploads\/2022\/12\/Bild-8_ausgewaehlt-768x716.jpg 768w\" sizes=\"(max-width: 956px) 100vw, 956px\" \/><\/a><\/div><\/div><\/div><script id=\"su_image_carousel_69f2c2d8d0a96_script\">if(window.SUImageCarousel){setTimeout(function() {window.SUImageCarousel.initGallery(document.getElementById(\"su_image_carousel_69f2c2d8d0a96\"))}, 0);}var su_image_carousel_69f2c2d8d0a96_script=document.getElementById(\"su_image_carousel_69f2c2d8d0a96_script\");if(su_image_carousel_69f2c2d8d0a96_script){su_image_carousel_69f2c2d8d0a96_script.parentNode.removeChild(su_image_carousel_69f2c2d8d0a96_script);}<\/script>\nAm Freitag, dem 09.12.22, besuchten wir, die bilingualen Sch\u00fclerinnen der Klasse 10a des Gymnasiums im Alfred-Grosser-Schulzentrum Bad Bergzabern, gemeinsam mit unserem Geschichtslehrer Herrn Sch\u00e4chter, unserem Deutschlehrer Herrn Schummers und unserem Schulleiter Herrn Allmann die Staatskanzlei in Mainz. Voller Vorfreude waren wir der Einladung von Frau Staatssekret\u00e4rin Heike Raab, Bevollm\u00e4chtigte des Landes Rheinland-Pfalz f\u00fcr Europa, zur diesj\u00e4hrigen Preisverleihung des Europapreises 2022 gefolgt, der zum 30. Mal vergeben wurde. Dem Motto des Projekts \u201e75 Jahre Rheinland-Pfalz im Herzen Europas\u201c entsprechend hatten wir im Rahmen eines f\u00e4cher\u00fcbergreifenden Projektes im Deutsch- und Geschichtsunterricht zum Thema \u201ePolitische Lyrik\u201c Gedichte entworfen, in denen Poesie, Historie und Kunst ineinandergriffen. Wir zeigten uns von Beginn an begeistert f\u00fcr das Projekt und entwarfen insgesamt acht Gedichte, die am Tag der Preisverleihung in einem veranstaltungsbegleitenden Flyer abgedruckt wurden. Auch die unabh\u00e4ngige Jury w\u00fcrdigte die hohe Qualit\u00e4t der Texte und die Entstehung des Projekts im regul\u00e4ren Unterricht.<\/p>\n<p>Nachdem Frau Staatssekret\u00e4rin Raab die Preisverleihung er\u00f6ffnet hatte, bat sie uns Sch\u00fclerinnen aus die B\u00fchne. Vor der ebenfalls anwesenden Staatssekret\u00e4rin f\u00fcr Bildung, Frau Bettina Br\u00fcck, sowie einigen Abgeordneten des rheinland-pf\u00e4lzischen Landtages und des Europaparlaments erl\u00e4uterten Lelia Schenk und Selma Iszo mit gro\u00dfer Begeisterung den Entstehungskontext der Gedichte, ehe Victoria Erhardt sowie Alison Ulm und Sarah Kreuter die beiden ausgew\u00e4hlten Gedichte \u201eGeburtstagskind\u201c und \u201eUnser Europa\u201c mit Enthusiasmus vortrugen. Anschlie\u00dfend nahmen wir eine Urkunde sowie einen \u00fcberdimensionalen Preisgeld-Scheck \u00fcber 500 Euro entgegen. Ein gemeinsames Foto sp\u00e4ter verlie\u00dfen wir zudem mit Europat\u00fcten voller kleiner Geschenke und einem breiten L\u00e4cheln bepackt die B\u00fchne.<\/p>\n<p>Musikalisch begleitet wurde die Preisverleihung durch die Jazz-Combo des Landesmusikgymnasiums Montabaur. Im Anschluss an die Feierstunde lud die Staatskanzlei zu einem gemeinsamen Mittagessen ein, das den unvergesslichen Tag abrundete. Wir freuen uns sehr \u00fcber unseren Gewinn und sind sehr stolz, ein Teil der Veranstaltung gewesen zu sein. Das gewonnene Preisgeld wird den Europa-Projekten des Gymnasiums im Alfred-Grosser-Schulzentrum zugutekommen, das als Europaschule den europ\u00e4ischen Gedanken in besonderer Weise vertritt. Unsere Gedichte werden im Rahmen der Europawoche 2023 in der Schule ausgestellt werden.<\/p>\n<p>Von Marie Haberer<\/p>\n","protected":false},"excerpt":{"rendered":"<p>Am Freitag, dem 09.12.22, besuchten wir, die bilingualen Sch\u00fclerinnen der Klasse 10a des Gymnasiums im Alfred-Grosser-Schulzentrum Bad Bergzabern, gemeinsam mit unserem Geschichtslehrer Herrn Sch\u00e4chter, unserem Deutschlehrer Herrn Schummers und unserem Schulleiter Herrn Allmann die Staatskanzlei in Mainz. Voller Vorfreude waren wir der Einladung von Frau Staatssekret\u00e4rin Heike Raab, Bevollm\u00e4chtigte des Landes Rheinland-Pfalz f\u00fcr Europa, zur&#8230;<\/p>\n<p class=\"more-link\"><a href=\"https:\/\/schulebza.de\/gymnasium\/2022\/12\/14\/75-jahre-sind-es-wert-dass-man-unser-rheinland-pfalz-ganz-besonders-ehrt-europapreis-2022-fuer-die-bilingualen-schuelerinnen-der-klasse-10a\/\" class=\"\"><span>Weiterlesen<\/span><i>&#43;<\/i><\/a><\/p>\n","protected":false},"author":1,"featured_media":0,"comment_status":"closed","ping_status":"closed","sticky":false,"template":"","format":"standard","meta":{"footnotes":""},"categories":[1],"tags":[],"class_list":["post-11987","post","type-post","status-publish","format-standard","hentry","category-uncategorized"],"_links":{"self":[{"href":"https:\/\/schulebza.de\/gymnasium\/wp-json\/wp\/v2\/posts\/11987","targetHints":{"allow":["GET"]}}],"collection":[{"href":"https:\/\/schulebza.de\/gymnasium\/wp-json\/wp\/v2\/posts"}],"about":[{"href":"https:\/\/schulebza.de\/gymnasium\/wp-json\/wp\/v2\/types\/post"}],"author":[{"embeddable":true,"href":"https:\/\/schulebza.de\/gymnasium\/wp-json\/wp\/v2\/users\/1"}],"replies":[{"embeddable":true,"href":"https:\/\/schulebza.de\/gymnasium\/wp-json\/wp\/v2\/comments?post=11987"}],"version-history":[{"count":1,"href":"https:\/\/schulebza.de\/gymnasium\/wp-json\/wp\/v2\/posts\/11987\/revisions"}],"predecessor-version":[{"id":11996,"href":"https:\/\/schulebza.de\/gymnasium\/wp-json\/wp\/v2\/posts\/11987\/revisions\/11996"}],"wp:attachment":[{"href":"https:\/\/schulebza.de\/gymnasium\/wp-json\/wp\/v2\/media?parent=11987"}],"wp:term":[{"taxonomy":"category","embeddable":true,"href":"https:\/\/schulebza.de\/gymnasium\/wp-json\/wp\/v2\/categories?post=11987"},{"taxonomy":"post_tag","embeddable":true,"href":"https:\/\/schulebza.de\/gymnasium\/wp-json\/wp\/v2\/tags?post=11987"}],"curies":[{"name":"wp","href":"https:\/\/api.w.org\/{rel}","templated":true}]}}