{"id":11439,"date":"2022-05-15T16:25:25","date_gmt":"2022-05-15T14:25:25","guid":{"rendered":"https:\/\/schulebza.de\/gymnasium\/?p=11439"},"modified":"2022-05-15T16:29:08","modified_gmt":"2022-05-15T14:29:08","slug":"europaeisches-schuelerparlament","status":"publish","type":"post","link":"https:\/\/schulebza.de\/gymnasium\/2022\/05\/15\/europaeisches-schuelerparlament\/","title":{"rendered":"Europ\u00e4isches Sch\u00fclerparlament"},"content":{"rendered":"<p style=\"text-align: left;\"><a href=\"https:\/\/schulebza.de\/gymnasium\/wp-content\/uploads\/2022\/05\/MicrosoftTeams-image-15-scaled.jpg\"><img decoding=\"async\" class=\"wp-image-11440 alignleft\" src=\"https:\/\/schulebza.de\/gymnasium\/wp-content\/uploads\/2022\/05\/MicrosoftTeams-image-15-225x300.jpg\" alt=\"\" width=\"250\" height=\"333\" srcset=\"https:\/\/schulebza.de\/gymnasium\/wp-content\/uploads\/2022\/05\/MicrosoftTeams-image-15-225x300.jpg 225w, https:\/\/schulebza.de\/gymnasium\/wp-content\/uploads\/2022\/05\/MicrosoftTeams-image-15-768x1024.jpg 768w, https:\/\/schulebza.de\/gymnasium\/wp-content\/uploads\/2022\/05\/MicrosoftTeams-image-15-1152x1536.jpg 1152w, https:\/\/schulebza.de\/gymnasium\/wp-content\/uploads\/2022\/05\/MicrosoftTeams-image-15-1536x2048.jpg 1536w, https:\/\/schulebza.de\/gymnasium\/wp-content\/uploads\/2022\/05\/MicrosoftTeams-image-15-scaled.jpg 1920w\" sizes=\"(max-width: 250px) 100vw, 250px\" \/><\/a>Als eine von nur 6 deutschen Schulen nahmen 7 Sch\u00fclerinnen und Sch\u00fcler der MSS 11 aus unserem Gymnasium gemeinsam mit Herrn Sch\u00e4chter seit Mitte November am \u201eParlement europ\u00e9en des lyc\u00e9es 2022\u201c teil. Die Sch\u00fcler wurden in reale Fraktionen des Europ\u00e4ischen Parlaments aufgeteilt und mussten in Aussch\u00fcssen gemeinsam mit weiteren Teilnehmern aus \u00fcber 5 L\u00e4ndern \u00c4nderungsantr\u00e4ge zu einem Gesetzestext vorbereiten.<\/p>\n<p>Die Abschlussveranstaltung fand vom 11.-13. Mai in Pr\u00e4senz in Strasbourg statt. Nach der Ankunft am Mittwoch erkundete die Gruppe die Stadt und machte eine kleine Bootsfahrt \u00fcber die Ill und den Rhein. Am Donnerstag und am Freitag blieb weniger Zeit, da die Sitzungen im Plenarsaal des Europ\u00e4ischen Parlaments von 8:00-18:00 andauerten. Dort wurde \u00fcber die \u00c4nderungsantr\u00e4ge aller Fraktionen debattiert und abgestimmt. Au\u00dferdem nahmen die Sch\u00fclerinnen und Sch\u00fcler an Debatten zur Zukunft der Europ\u00e4ischen Union und einer Simulation des Rates der Europ\u00e4ischen Union teil.<\/p>\n<p>Am Abend war dann aber doch noch ein wenig Zeit um sich mit weiteren Teilnehmern aus \u00fcber 25 Nationalit\u00e4ten zu treffen und gemeinsam Zeit zu verbringen.<\/p>\n<p>Nach der \u00dcbergabe der Zertifikate am Freitag ging es dann auch schon wieder mit dem Zug nach Hause. Der Aufenthalt in Strasbourg war ein voller Erfolg. Neben umfassenden Kenntnissen \u00fcber den europ\u00e4ischen Gesetzgebungsprozess bauten die Sch\u00fclerinnen und Sch\u00fcler internationale Beziehungen auf und \u00fcbten sich in ihren Fremdsprachenkenntnissen.<\/p>\n<p><em>b.w.<\/em><\/p>\n<p style=\"text-align: center;\"><div class=\"su-custom-gallery su-custom-gallery-align-left su-custom-gallery-title-never su-lightbox-gallery\"><div class=\"su-custom-gallery-slide\" style=\"width:200px;height:200px\"><a href=\"https:\/\/schulebza.de\/gymnasium\/wp-content\/uploads\/2022\/05\/MicrosoftTeams-image-16-scaled.jpg\" title=\"MicrosoftTeams-image (16)\"><img decoding=\"async\" src=\"https:\/\/schulebza.de\/gymnasium\/wp-content\/uploads\/2022\/05\/MicrosoftTeams-image-16-scaled.jpg\" alt=\"MicrosoftTeams-image (16)\" width=\"200\" height=\"200\" \/><span class=\"su-custom-gallery-title\">MicrosoftTeams-image (16)<\/span><\/a><\/div><div class=\"su-custom-gallery-slide\" style=\"width:200px;height:200px\"><a href=\"https:\/\/schulebza.de\/gymnasium\/wp-content\/uploads\/2022\/05\/MicrosoftTeams-image-17-scaled.jpg\" title=\"MicrosoftTeams-image (17)\"><img decoding=\"async\" src=\"https:\/\/schulebza.de\/gymnasium\/wp-content\/uploads\/2022\/05\/MicrosoftTeams-image-17-scaled.jpg\" alt=\"MicrosoftTeams-image (17)\" width=\"200\" height=\"200\" \/><span class=\"su-custom-gallery-title\">MicrosoftTeams-image (17)<\/span><\/a><\/div><div class=\"su-clear\"><\/div><\/div>\n","protected":false},"excerpt":{"rendered":"<p>Als eine von nur 6 deutschen Schulen nahmen 7 Sch\u00fclerinnen und Sch\u00fcler der MSS 11 aus unserem Gymnasium gemeinsam mit Herrn Sch\u00e4chter seit Mitte November am \u201eParlement europ\u00e9en des lyc\u00e9es 2022\u201c teil. Die Sch\u00fcler wurden in reale Fraktionen des Europ\u00e4ischen Parlaments aufgeteilt und mussten in Aussch\u00fcssen gemeinsam mit weiteren Teilnehmern aus \u00fcber 5 L\u00e4ndern \u00c4nderungsantr\u00e4ge&#8230;<\/p>\n<p class=\"more-link\"><a href=\"https:\/\/schulebza.de\/gymnasium\/2022\/05\/15\/europaeisches-schuelerparlament\/\" class=\"\"><span>Weiterlesen<\/span><i>&#43;<\/i><\/a><\/p>\n","protected":false},"author":1,"featured_media":0,"comment_status":"closed","ping_status":"closed","sticky":false,"template":"","format":"standard","meta":{"footnotes":""},"categories":[1],"tags":[],"class_list":["post-11439","post","type-post","status-publish","format-standard","hentry","category-uncategorized"],"_links":{"self":[{"href":"https:\/\/schulebza.de\/gymnasium\/wp-json\/wp\/v2\/posts\/11439","targetHints":{"allow":["GET"]}}],"collection":[{"href":"https:\/\/schulebza.de\/gymnasium\/wp-json\/wp\/v2\/posts"}],"about":[{"href":"https:\/\/schulebza.de\/gymnasium\/wp-json\/wp\/v2\/types\/post"}],"author":[{"embeddable":true,"href":"https:\/\/schulebza.de\/gymnasium\/wp-json\/wp\/v2\/users\/1"}],"replies":[{"embeddable":true,"href":"https:\/\/schulebza.de\/gymnasium\/wp-json\/wp\/v2\/comments?post=11439"}],"version-history":[{"count":5,"href":"https:\/\/schulebza.de\/gymnasium\/wp-json\/wp\/v2\/posts\/11439\/revisions"}],"predecessor-version":[{"id":11447,"href":"https:\/\/schulebza.de\/gymnasium\/wp-json\/wp\/v2\/posts\/11439\/revisions\/11447"}],"wp:attachment":[{"href":"https:\/\/schulebza.de\/gymnasium\/wp-json\/wp\/v2\/media?parent=11439"}],"wp:term":[{"taxonomy":"category","embeddable":true,"href":"https:\/\/schulebza.de\/gymnasium\/wp-json\/wp\/v2\/categories?post=11439"},{"taxonomy":"post_tag","embeddable":true,"href":"https:\/\/schulebza.de\/gymnasium\/wp-json\/wp\/v2\/tags?post=11439"}],"curies":[{"name":"wp","href":"https:\/\/api.w.org\/{rel}","templated":true}]}}