{"id":11066,"date":"2022-01-18T12:16:12","date_gmt":"2022-01-18T11:16:12","guid":{"rendered":"https:\/\/schulebza.de\/gymnasium\/?p=11066"},"modified":"2022-01-19T20:46:46","modified_gmt":"2022-01-19T19:46:46","slug":"spenden-fuers-ahrtal","status":"publish","type":"post","link":"https:\/\/schulebza.de\/gymnasium\/2022\/01\/18\/spenden-fuers-ahrtal\/","title":{"rendered":"Spenden f\u00fcr&#8217;s Ahrtal"},"content":{"rendered":"<p><a href=\"https:\/\/schulebza.de\/gymnasium\/wp-content\/uploads\/2022\/01\/MicrosoftTeams-image-4-scaled.jpg\"><img decoding=\"async\" class=\"alignleft wp-image-11067\" src=\"https:\/\/schulebza.de\/gymnasium\/wp-content\/uploads\/2022\/01\/MicrosoftTeams-image-4-240x300.jpg\" alt=\"\" width=\"250\" height=\"313\" srcset=\"https:\/\/schulebza.de\/gymnasium\/wp-content\/uploads\/2022\/01\/MicrosoftTeams-image-4-240x300.jpg 240w, https:\/\/schulebza.de\/gymnasium\/wp-content\/uploads\/2022\/01\/MicrosoftTeams-image-4-818x1024.jpg 818w, https:\/\/schulebza.de\/gymnasium\/wp-content\/uploads\/2022\/01\/MicrosoftTeams-image-4-768x962.jpg 768w, https:\/\/schulebza.de\/gymnasium\/wp-content\/uploads\/2022\/01\/MicrosoftTeams-image-4-1227x1536.jpg 1227w, https:\/\/schulebza.de\/gymnasium\/wp-content\/uploads\/2022\/01\/MicrosoftTeams-image-4-1636x2048.jpg 1636w, https:\/\/schulebza.de\/gymnasium\/wp-content\/uploads\/2022\/01\/MicrosoftTeams-image-4-scaled.jpg 2045w\" sizes=\"(max-width: 250px) 100vw, 250px\" \/><\/a>&#8230;unter diesem Slogan haben die Sch\u00fclervertreter Finn Czerwinski, Silas Seutemann und Benjamin Wichmann im Dezember zu einer Spendenaktion von Sch\u00fclern und Lehrern aufgerufen. Durch den Hinweis von Frau Lueger-Ludewig ist die Sch\u00fclervertretung auf einen Bericht in der Zeitung der Ahrthalrealschule+ im Landkreis Ahrweiler aufmerksam geworden. Dieser handelte von der durch die Fluten zerst\u00f6rte Schulb\u00fccherei, von der nur noch ein Bruchteil der B\u00fccher zu gebrauchen war.<br \/>\nDeswegen hat die Sch\u00fclervertretung durch die gro\u00dfz\u00fcgigen Buchspenden der Sch\u00fcler und Lehrkr\u00e4fte \u00fcber 400 Romane und Sachb\u00fccher gesammelt, welche Mitte Dezember durch ein lokales Weingut ins Ahrtal transportiert wurden.<\/p>\n<p>Die Schulleiterin der Ahrtalrealschule+, Frau Schnitzler, bedankt sich stellvertretend bei der Schulgemeinde f\u00fcr die Unterst\u00fctzung.<br \/>\nLeider m\u00fcssen die Sch\u00fcler noch immer in provisorischen Containern unterrichtet werden.<br \/>\nDie Sch\u00fclervertreter haben sich f\u00fcr zuk\u00fcnftige Hilfe bereiterkl\u00e4rt und hofft ihr unterst\u00fctzt sie auch wieder!<\/p>\n","protected":false},"excerpt":{"rendered":"<p><a href=\"https:\/\/schulebza.de\/gymnasium\/wp-content\/uploads\/2022\/01\/MicrosoftTeams-image-4-scaled.jpg\"><img decoding=\"async\" class=\"alignleft wp-image-11067\" src=\"https:\/\/schulebza.de\/gymnasium\/wp-content\/uploads\/2022\/01\/MicrosoftTeams-image-4-240x300.jpg\" alt=\"\" width=\"250\" height=\"313\" srcset=\"https:\/\/schulebza.de\/gymnasium\/wp-content\/uploads\/2022\/01\/MicrosoftTeams-image-4-240x300.jpg 240w, https:\/\/schulebza.de\/gymnasium\/wp-content\/uploads\/2022\/01\/MicrosoftTeams-image-4-818x1024.jpg 818w, https:\/\/schulebza.de\/gymnasium\/wp-content\/uploads\/2022\/01\/MicrosoftTeams-image-4-768x962.jpg 768w, https:\/\/schulebza.de\/gymnasium\/wp-content\/uploads\/2022\/01\/MicrosoftTeams-image-4-1227x1536.jpg 1227w, https:\/\/schulebza.de\/gymnasium\/wp-content\/uploads\/2022\/01\/MicrosoftTeams-image-4-1636x2048.jpg 1636w, https:\/\/schulebza.de\/gymnasium\/wp-content\/uploads\/2022\/01\/MicrosoftTeams-image-4-scaled.jpg 2045w\" sizes=\"(max-width: 250px) 100vw, 250px\" \/><\/a>&#8230;unter diesem Slogan haben die Sch\u00fclervertreter Finn Czerwinski, Silas Seutemann und Benjamin Wichmann im Dezember zu einer Spendenaktion von Sch\u00fclern und Lehrern aufgerufen. Durch den Hinweis von Frau Lueger-Ludewig ist die Sch\u00fclervertretung auf einen Bericht in der Zeitung der Ahrthalrealschule+ im Landkreis Ahrweiler aufmerksam geworden. Dieser handelte von der durch die Fluten zerst\u00f6rte Schulb\u00fccherei, von der nur noch ein Bruchteil der B\u00fccher zu gebrauchen war.<br \/>\nDeswegen hat die Sch\u00fclervertretung durch die gro\u00dfz\u00fcgigen Buchspenden der Sch\u00fcler und Lehrkr\u00e4fte \u00fcber 400 Romane und Sachb\u00fccher gesammelt, welche Mitte Dezember durch ein lokales Weingut ins Ahrtal transportiert wurden.<\/p>\n<p>Die Schulleiterin der Ahrtalrealschule+, Frau Schnitzler, bedankt sich stellvertretend bei der Schulgemeinde f\u00fcr die Unterst\u00fctzung.<br \/>\nLeider m\u00fcssen die Sch\u00fcler noch immer in provisorischen Containern unterrichtet werden.<br \/>\nDie Sch\u00fclervertreter haben sich f\u00fcr zuk\u00fcnftige Hilfe bereiterkl\u00e4rt und hofft ihr unterst\u00fctzt sie auch wieder!<\/p>\n","protected":false},"author":1,"featured_media":0,"comment_status":"closed","ping_status":"closed","sticky":false,"template":"","format":"standard","meta":{"footnotes":""},"categories":[1],"tags":[],"class_list":["post-11066","post","type-post","status-publish","format-standard","hentry","category-uncategorized"],"_links":{"self":[{"href":"https:\/\/schulebza.de\/gymnasium\/wp-json\/wp\/v2\/posts\/11066","targetHints":{"allow":["GET"]}}],"collection":[{"href":"https:\/\/schulebza.de\/gymnasium\/wp-json\/wp\/v2\/posts"}],"about":[{"href":"https:\/\/schulebza.de\/gymnasium\/wp-json\/wp\/v2\/types\/post"}],"author":[{"embeddable":true,"href":"https:\/\/schulebza.de\/gymnasium\/wp-json\/wp\/v2\/users\/1"}],"replies":[{"embeddable":true,"href":"https:\/\/schulebza.de\/gymnasium\/wp-json\/wp\/v2\/comments?post=11066"}],"version-history":[{"count":2,"href":"https:\/\/schulebza.de\/gymnasium\/wp-json\/wp\/v2\/posts\/11066\/revisions"}],"predecessor-version":[{"id":11079,"href":"https:\/\/schulebza.de\/gymnasium\/wp-json\/wp\/v2\/posts\/11066\/revisions\/11079"}],"wp:attachment":[{"href":"https:\/\/schulebza.de\/gymnasium\/wp-json\/wp\/v2\/media?parent=11066"}],"wp:term":[{"taxonomy":"category","embeddable":true,"href":"https:\/\/schulebza.de\/gymnasium\/wp-json\/wp\/v2\/categories?post=11066"},{"taxonomy":"post_tag","embeddable":true,"href":"https:\/\/schulebza.de\/gymnasium\/wp-json\/wp\/v2\/tags?post=11066"}],"curies":[{"name":"wp","href":"https:\/\/api.w.org\/{rel}","templated":true}]}}